{"id":188237,"date":"2015-01-15T20:00:56","date_gmt":"2015-01-15T17:00:56","guid":{"rendered":"https:\/\/analyse.optim.biz\/?p=188237"},"modified":"2015-01-15T20:00:56","modified_gmt":"2015-01-15T17:00:56","slug":"ambasada-sua-la-bucuresti-publica-o-caricatura-cu-barack-obama","status":"publish","type":"post","link":"https:\/\/analyse.optim.biz\/?p=188237","title":{"rendered":"Ambasada SUA la Bucure\u0219ti public\u0103 o caricatur\u0103 cu Barack Obama"},"content":{"rendered":"<div class=\"entry data-app-meta data-app-meta-article\" data-embed-base-url-canonical=\"https:\/\/www.digi24.ro\/embed\/stiri\/actualitate\/politica\/ambasada-sua-la-bucuresti-publica-o-caricatura-cu-barack-obama-347728\">\n<div class=\"fb-post\">\n<div class=\"fb-xfbml-parse-ignore\"><a href=\"https:\/\/www.facebook.com\/bucharest.usembassy\/photos\/a.10150193798375454.427052.423979315453\/10155196634560454\/?type=1\" data-skip-linkfix=\"1\">Post<\/a> by <a href=\"https:\/\/www.facebook.com\/bucharest.usembassy\" data-skip-linkfix=\"1\">U.S. Embassy Bucharest<\/a>.<\/div>\n<\/div>\n<p data-index=\"2\">\u201e<span>Rolul caricaturi\u0219tilor e s\u0103 le aminteasc\u0103 celor afla\u021bi la putere sau care vor s\u0103 ajung\u0103 la putere c\u0103 se va r\u00e2de de ei. Conducerea guvernelor e o treab\u0103 serioas\u0103, iar r\u00e2sul este o arm\u0103 a societ\u0103\u021bii ce nu poate fi ignorat\u0103\u201d, se arat\u0103 \u00een mesajul care \u00eenso\u021be\u0219te caricatura lui Barack Obama.<\/span><\/p>\n<p data-index=\"3\">Caricatura \u00eei apar\u021bine lui Kevin Kallaugher, de la The Economist, \u0219i \u00eel \u00eenf\u0103\u021bi\u0219eaz\u0103 pe Barack Obama \u00eencerc\u00e2nd s\u0103 conduc\u0103 o ma\u0219in\u0103 (guvernul), fiind \u00eempiedicat de elefant (republicani) \u0219i de m\u0103gar (democra\u021bi), potrivit<a href=\"https:\/\/share.america.gov\/satire-must-be-protected\/\" target=\"_blank\" data-skip-linkfix=\"1\" rel=\"noopener\"> share.america.gov<\/a>.<\/p>\n<\/div>\n<p> Source URL: https:\/\/www.digi24.ro\/stiri\/actualitate\/politica\/ambasada-sua-la-bucuresti-publica-o-caricatura-cu-barack-obama-347728<\/p>\n","protected":false},"excerpt":{"rendered":"<p>Post by U.S. Embassy Bucharest. \u201eRolul caricaturi\u0219tilor e s\u0103 le aminteasc\u0103 celor afla\u021bi la putere sau care vor s\u0103 ajung\u0103 la putere c\u0103 se va r\u00e2de de ei. Conducerea guvernelor e o treab\u0103 serioas\u0103, iar r\u00e2sul este o arm\u0103 a societ\u0103\u021bii ce nu poate fi ignorat\u0103\u201d, se arat\u0103 \u00een mesajul care \u00eenso\u021be\u0219te caricatura lui Barack [&hellip;]<\/p>\n","protected":false},"author":1,"featured_media":188238,"comment_status":"open","ping_status":"","sticky":false,"template":"","format":"standard","meta":{"footnotes":""},"categories":[2],"tags":[11],"class_list":["post-188237","post","type-post","status-publish","format-standard","has-post-thumbnail","hentry","category-politics","tag-digi24"],"_links":{"self":[{"href":"https:\/\/analyse.optim.biz\/index.php?rest_route=\/wp\/v2\/posts\/188237","targetHints":{"allow":["GET"]}}],"collection":[{"href":"https:\/\/analyse.optim.biz\/index.php?rest_route=\/wp\/v2\/posts"}],"about":[{"href":"https:\/\/analyse.optim.biz\/index.php?rest_route=\/wp\/v2\/types\/post"}],"author":[{"embeddable":true,"href":"https:\/\/analyse.optim.biz\/index.php?rest_route=\/wp\/v2\/users\/1"}],"replies":[{"embeddable":true,"href":"https:\/\/analyse.optim.biz\/index.php?rest_route=%2Fwp%2Fv2%2Fcomments&post=188237"}],"version-history":[{"count":0,"href":"https:\/\/analyse.optim.biz\/index.php?rest_route=\/wp\/v2\/posts\/188237\/revisions"}],"wp:featuredmedia":[{"embeddable":true,"href":"https:\/\/analyse.optim.biz\/index.php?rest_route=\/wp\/v2\/media\/188238"}],"wp:attachment":[{"href":"https:\/\/analyse.optim.biz\/index.php?rest_route=%2Fwp%2Fv2%2Fmedia&parent=188237"}],"wp:term":[{"taxonomy":"category","embeddable":true,"href":"https:\/\/analyse.optim.biz\/index.php?rest_route=%2Fwp%2Fv2%2Fcategories&post=188237"},{"taxonomy":"post_tag","embeddable":true,"href":"https:\/\/analyse.optim.biz\/index.php?rest_route=%2Fwp%2Fv2%2Ftags&post=188237"}],"curies":[{"name":"wp","href":"https:\/\/api.w.org\/{rel}","templated":true}]}}