{"id":1882369,"date":"2026-04-14T19:34:27","date_gmt":"2026-04-14T16:34:27","guid":{"rendered":"https:\/\/analyse.optim.biz\/?p=1882369"},"modified":"2026-04-14T19:34:27","modified_gmt":"2026-04-14T16:34:27","slug":"minim-25-milioane-euro-va-atrage-buzaul-in-turism","status":"publish","type":"post","link":"https:\/\/analyse.optim.biz\/?p=1882369","title":{"rendered":"Minim 25 milioane euro va atrage Buz\u0103ul \u00een turism"},"content":{"rendered":"<p>[analyse_image type=&#8221;featured&#8221; src=&#8221;https:\/\/www.tvbuzau.ro\/wp-content\/uploads\/2026\/04\/hqdefault-23.jpghttps:\/\/www.tvbuzau.ro\/wp-content\/uploads\/2026\/04\/hqdefault-23.jpg&#8221;]<\/p>\n<div class=\"td-ss-main-content\">\n<article id=\"post-118718\" class=\"post-118718 post type-post status-publish format-video has-post-thumbnail hentry category-actualitate post_format-post-format-video\">\n<div class=\"td-post-header\">\n<ul class=\"td-category\">\n<li class=\"entry-category\"><a href=\"https:\/\/www.tvbuzau.ro\/category\/actualitate\/\">Actualitate<\/a><\/li>\n<\/ul>\n<header class=\"td-post-title\">\n<h1 class=\"entry-title\">Minim 25 milioane euro va atrage Buz\u0103ul \u00een turism<\/h1>\n<div class=\"td-module-meta-info\">\n<div class=\"td-post-author-name\">De c\u0103tre <a href=\"https:\/\/www.tvbuzau.ro\/author\/mihai-vasilescu\/\">TV Buz\u0103u<\/a> &#8211; <\/div>\n<p><span class=\"td-post-date\"><time class=\"entry-date updated td-module-date\" datetime=\"2026-04-14T19:34:27+00:00\">aprilie 14, 2026<\/time><\/span><\/p>\n<div class=\"td-post-comments\"><a href=\"https:\/\/www.tvbuzau.ro\/minim-25-milioane-euro-va-atrage-buzaul-in-turism\/#respond\">0<\/a><\/div>\n<div class=\"td-post-views\"><span class=\"td-nr-views-118718\">29<\/span><\/div>\n<\/div>\n<\/header>\n<\/div>\n<div class=\"td-post-sharing td-post-sharing-top td-with-like\">\n<div class=\"td-default-sharing\"><a class=\"td-social-sharing-buttons td-social-facebook\" href=\"http:\/\/www.facebook.com\/sharer.php?u=https%3A%2F%2Fwww.tvbuzau.ro%2Fminim-25-milioane-euro-va-atrage-buzaul-in-turism%2F\"><\/p>\n<div class=\"td-social-but-text\">Distribui\u021bi pe Facebook<\/div>\n<p><\/a><a class=\"td-social-sharing-buttons td-social-twitter\" href=\"https:\/\/twitter.com\/intent\/tweet?text=Minim+25+milioane+euro+va+atrage+Buz%C4%83ul+%C3%AEn+turism&amp;url=https%3A%2F%2Fwww.tvbuzau.ro%2Fminim-25-milioane-euro-va-atrage-buzaul-in-turism%2F&amp;via=TV+Buz%C4%83u\"><\/p>\n<div class=\"td-social-but-text\">Distribui\u021bi pe Twitter<\/div>\n<p><\/a><\/div>\n<div class=\"td-classic-sharing\">\n<ul>\n<li class=\"td-classic-facebook\"><iframe frameborder src=\"https:\/\/www.facebook.com\/plugins\/like.php?href=https:\/\/www.tvbuzau.ro\/minim-25-milioane-euro-va-atrage-buzaul-in-turism\/&amp;layout=button_count&amp;show_faces=false&amp;width=105&amp;action=like&amp;colorscheme=light&amp;height=21\"><\/iframe><\/li>\n<li class=\"td-classic-twitter\"><a href=\"https:\/\/twitter.com\/share\" class=\"twitter-share-button\" data-url=\"https:\/\/www.tvbuzau.ro\/minim-25-milioane-euro-va-atrage-buzaul-in-turism\/\" data-text=\"Minim 25 milioane euro va atrage Buz\u0103ul \u00een turism\" data-via data-lang=\"en\">tweet<\/a><\/li>\n<\/ul>\n<\/div>\n<\/div>\n<div class=\"td-post-content\">\n<div class=\"td-featured-image-rec\">\n<div class=\"wpb_video_wrapper\">\n                    <iframe loading=\"lazy\" id=\"td_youtube_player\" width=\"600\" height=\"560\" src=\"https:\/\/www.youtube.com\/embed\/KdBJ2H9rvhI?enablejsapi=1&amp;feature=oembed&amp;wmode=opaque&amp;vq=hd720\" frameborder allowfullscreen><\/iframe><\/p><\/div>\n<\/div>\n<p>A fost \u00eenfiin\u0163at\u0103 Organiza\u021bia de Management al Destina\u021biei<br \/>\nConsiliul Jude\u0163ean a aprobat participarea jude\u021bului Buz\u0103u la \u00eenfiin\u021barea Organiza\u021biei de Management al Destina\u021biei Buz\u0103u (OMD Jude\u021bul Buz\u0103u), av\u00e2nd drept scop dezvoltarea \u0219i promovarea turismului. Potrivit conducerii institu\u0163iei, p\u00e2n\u0103 la finalul anului curent, prin intermediul unor proiecte \u00een turism vor putea fi atrase sume substan\u0163iale.<br \/>\nPrintre obiectivele organiza\u0163iei se num\u0103r\u0103 cre\u0219terea gradului de valorificare a poten\u021bialului turistic din jude\u0163ul Buz\u0103u, promovarea poten\u021bialului turistic natural \u0219i antropic, cre\u0219terea num\u0103rului de turi\u0219ti, conservarea resurselor naturale \u0219i antropice ale organiza\u021biei \u015fi dezvoltarea educa\u021biei \u0219i a form\u0103rii profesionale \u00een turism.<br \/>\n\u00cen organiza\u0163ia de promovare a turismului au anun\u0163at c\u0103 se vor al\u0103tura prim\u0103riile Buz\u0103u \u015fi R\u00e2mnicu S\u0103rat dar \u015fi societ\u0103\u0163i \u015fi asocia\u0163ii private.<\/p>\n<div class=\"post-views post-118718 entry-meta\"><span class=\"post-views-label\">Post Views: <\/span><span class=\"post-views-count\">128<\/span><\/div>\n<\/div>\n<footer>\n<div class=\"td-post-sharing td-post-sharing-bottom td-with-like\"><span class=\"td-post-share-title\">DISTRIBUI\u021aI<\/span><\/p>\n<div class=\"td-default-sharing\"><a class=\"td-social-sharing-buttons td-social-facebook\" href=\"http:\/\/www.facebook.com\/sharer.php?u=https%3A%2F%2Fwww.tvbuzau.ro%2Fminim-25-milioane-euro-va-atrage-buzaul-in-turism%2F\"><\/p>\n<div class=\"td-social-but-text\">Facebook<\/div>\n<p><\/a><a class=\"td-social-sharing-buttons td-social-twitter\" href=\"https:\/\/twitter.com\/intent\/tweet?text=Minim+25+milioane+euro+va+atrage+Buz%C4%83ul+%C3%AEn+turism&amp;url=https%3A%2F%2Fwww.tvbuzau.ro%2Fminim-25-milioane-euro-va-atrage-buzaul-in-turism%2F&amp;via=TV+Buz%C4%83u\"><\/p>\n<div class=\"td-social-but-text\">Twitter<\/div>\n<p><\/a><\/div>\n<div class=\"td-classic-sharing\">\n<ul>\n<li class=\"td-classic-facebook\"><iframe frameborder src=\"https:\/\/www.facebook.com\/plugins\/like.php?href=https:\/\/www.tvbuzau.ro\/minim-25-milioane-euro-va-atrage-buzaul-in-turism\/&amp;layout=button_count&amp;show_faces=false&amp;width=105&amp;action=like&amp;colorscheme=light&amp;height=21\"><\/iframe><\/li>\n<li class=\"td-classic-twitter\"><a href=\"https:\/\/twitter.com\/share\" class=\"twitter-share-button\" data-url=\"https:\/\/www.tvbuzau.ro\/minim-25-milioane-euro-va-atrage-buzaul-in-turism\/\" data-text=\"Minim 25 milioane euro va atrage Buz\u0103ul \u00een turism\" data-via data-lang=\"en\">tweet<\/a><\/li>\n<\/ul>\n<\/div>\n<\/div>\n<div class=\"td-author-name vcard author\"><span class=\"fn\"><a href=\"https:\/\/www.tvbuzau.ro\/author\/mihai-vasilescu\/\">TV Buz\u0103u<\/a><\/span><\/div>\n<p><span><\/span><span><span><\/span><\/span><span><\/span><\/footer>\n<\/article>\n<div class=\"td_block_wrap td_block_related_posts td_uid_1_69debdd1e434c_rand td_with_ajax_pagination td-pb-border-top\" data-td-block-uid=\"td_uid_1_69debdd1e434c\">\n<h4 class=\"td-related-title\"><a id=\"td_uid_2_69debdd1e9dc1\" class=\"td-related-left td-cur-simple-item\" data-td_filter_value data-td_block_id=\"td_uid_1_69debdd1e434c\" href=\"https:\/\/www.tvbuzau.ro\/minim-25-milioane-euro-va-atrage-buzaul-in-turism\/\">ARTICOLE SIMILARE<\/a><a id=\"td_uid_3_69debdd1e9dfb\" class=\"td-related-right\" data-td_filter_value=\"td_related_more_from_author\" data-td_block_id=\"td_uid_1_69debdd1e434c\" href=\"https:\/\/www.tvbuzau.ro\/minim-25-milioane-euro-va-atrage-buzaul-in-turism\/\">DE LA ACELA\u0218I AUTOR<\/a><\/h4>\n<div id=\"td_uid_1_69debdd1e434c\" class=\"td_block_inner\">\n<div class=\"td-related-row\">\n<div class=\"td-related-span4\">\n<div class=\"td_module_related_posts td-animation-stack td_mod_related_posts\">\n<div class=\"td-module-image\">\n<div class=\"td-module-thumb\"><a href=\"https:\/\/www.tvbuzau.ro\/urgentele-luate-cu-asalt-de-sarbatori-2\/\" rel=\"bookmark\" title=\"Urgen\u021bele luate cu asalt de s\u0103rb\u0103tori\"><img loading=\"lazy\" decoding=\"async\" width=\"218\" height=\"150\" class=\"entry-thumb\" src=\"https:\/\/www.tvbuzau.ro\/wp-content\/uploads\/2026\/04\/hqdefault-25-218x150.jpg\" alt title=\"Urgen\u021bele luate cu asalt de s\u0103rb\u0103tori\"><span class=\"td-video-play-ico\"><img loading=\"lazy\" decoding=\"async\" width=\"40\" height=\"40\" class=\"td-retina\" src=\"https:\/\/www.tvbuzau.ro\/wp-content\/themes\/Newspaper\/images\/icons\/ico-video-large.png\" alt=\"video\"><\/span><\/a><\/div>\n<p><a href=\"https:\/\/www.tvbuzau.ro\/category\/actualitate\/\" class=\"td-post-category\">Actualitate<\/a><\/div>\n<div class=\"item-details\">\n<h3 class=\"entry-title td-module-title\"><a href=\"https:\/\/www.tvbuzau.ro\/urgentele-luate-cu-asalt-de-sarbatori-2\/\" rel=\"bookmark\" title=\"Urgen\u021bele luate cu asalt de s\u0103rb\u0103tori\">Urgen\u021bele luate cu asalt de s\u0103rb\u0103tori<\/a><\/h3>\n<\/div>\n<\/div>\n<\/div>\n<div class=\"td-related-span4\">\n<div class=\"td_module_related_posts td-animation-stack td_mod_related_posts\">\n<div class=\"td-module-image\">\n<div class=\"td-module-thumb\"><a href=\"https:\/\/www.tvbuzau.ro\/ce-se-intampla-cu-uleiurile-care-ajung-in-canalizare\/\" rel=\"bookmark\" title=\"Ce se \u00eent\u00e2mpl\u0103 cu uleiurile care ajung \u00een canalizare\"><img loading=\"lazy\" decoding=\"async\" width=\"218\" height=\"150\" class=\"entry-thumb\" src=\"https:\/\/www.tvbuzau.ro\/wp-content\/uploads\/2026\/04\/sddefault-18-218x150.jpg\" alt title=\"Ce se \u00eent\u00e2mpl\u0103 cu uleiurile care ajung \u00een canalizare\"><span class=\"td-video-play-ico\"><img loading=\"lazy\" decoding=\"async\" width=\"40\" height=\"40\" class=\"td-retina\" src=\"https:\/\/www.tvbuzau.ro\/wp-content\/themes\/Newspaper\/images\/icons\/ico-video-large.png\" alt=\"video\"><\/span><\/a><\/div>\n<p><a href=\"https:\/\/www.tvbuzau.ro\/category\/actualitate\/\" class=\"td-post-category\">Actualitate<\/a><\/div>\n<div class=\"item-details\">\n<h3 class=\"entry-title td-module-title\"><a href=\"https:\/\/www.tvbuzau.ro\/ce-se-intampla-cu-uleiurile-care-ajung-in-canalizare\/\" rel=\"bookmark\" title=\"Ce se \u00eent\u00e2mpl\u0103 cu uleiurile care ajung \u00een canalizare\">Ce se \u00eent\u00e2mpl\u0103 cu uleiurile care ajung \u00een canalizare<\/a><\/h3>\n<\/div>\n<\/div>\n<\/div>\n<div class=\"td-related-span4\">\n<div class=\"td_module_related_posts td-animation-stack td_mod_related_posts\">\n<div class=\"td-module-image\">\n<div class=\"td-module-thumb\"><a href=\"https:\/\/www.tvbuzau.ro\/un-drum-turistic-deosebit-care-taie-muntii-ar-urma-sa-fie-reabilitat\/\" rel=\"bookmark\" title=\"Un drum turistic deosebit care taie mun\u0163ii ar urma s\u0103 fie reabilitat\"><img loading=\"lazy\" decoding=\"async\" width=\"218\" height=\"150\" class=\"entry-thumb\" src=\"https:\/\/www.tvbuzau.ro\/wp-content\/uploads\/2026\/04\/hqdefault-24-218x150.jpg\" alt title=\"Un drum turistic deosebit care taie mun\u0163ii ar urma s\u0103 fie reabilitat\"><span class=\"td-video-play-ico\"><img loading=\"lazy\" decoding=\"async\" width=\"40\" height=\"40\" class=\"td-retina\" src=\"https:\/\/www.tvbuzau.ro\/wp-content\/themes\/Newspaper\/images\/icons\/ico-video-large.png\" alt=\"video\"><\/span><\/a><\/div>\n<p><a href=\"https:\/\/www.tvbuzau.ro\/category\/actualitate\/\" class=\"td-post-category\">Actualitate<\/a><\/div>\n<div class=\"item-details\">\n<h3 class=\"entry-title td-module-title\"><a href=\"https:\/\/www.tvbuzau.ro\/un-drum-turistic-deosebit-care-taie-muntii-ar-urma-sa-fie-reabilitat\/\" rel=\"bookmark\" title=\"Un drum turistic deosebit care taie mun\u0163ii ar urma s\u0103 fie reabilitat\">Un drum turistic deosebit care taie mun\u0163ii ar urma s\u0103 fie reabilitat<\/a><\/h3>\n<\/div>\n<\/div>\n<\/div>\n<\/div>\n<div class=\"td-related-row\">\n<div class=\"td-related-span4\">\n<div class=\"td_module_related_posts td-animation-stack td_mod_related_posts\">\n<div class=\"td-module-image\">\n<div class=\"td-module-thumb\"><a href=\"https:\/\/www.tvbuzau.ro\/cum-se-pot-colora-ouale-pe-paste-natural\/\" rel=\"bookmark\" title=\"Cum se pot colora ou\u0103le pe Pa\u015fte, natural.\"><img loading=\"lazy\" decoding=\"async\" width=\"218\" height=\"150\" class=\"entry-thumb\" src=\"https:\/\/www.tvbuzau.ro\/wp-content\/uploads\/2026\/04\/sddefault-17-218x150.jpg\" alt title=\"Cum se pot colora ou\u0103le pe Pa\u015fte, natural.\"><span class=\"td-video-play-ico\"><img loading=\"lazy\" decoding=\"async\" width=\"40\" height=\"40\" class=\"td-retina\" src=\"https:\/\/www.tvbuzau.ro\/wp-content\/themes\/Newspaper\/images\/icons\/ico-video-large.png\" alt=\"video\"><\/span><\/a><\/div>\n<p><a href=\"https:\/\/www.tvbuzau.ro\/category\/actualitate\/\" class=\"td-post-category\">Actualitate<\/a><\/div>\n<div class=\"item-details\">\n<h3 class=\"entry-title td-module-title\"><a href=\"https:\/\/www.tvbuzau.ro\/cum-se-pot-colora-ouale-pe-paste-natural\/\" rel=\"bookmark\" title=\"Cum se pot colora ou\u0103le pe Pa\u015fte, natural.\">Cum se pot colora ou\u0103le pe Pa\u015fte, natural.<\/a><\/h3>\n<\/div>\n<\/div>\n<\/div>\n<div class=\"td-related-span4\">\n<div class=\"td_module_related_posts td-animation-stack td_mod_related_posts\">\n<div class=\"td-module-image\">\n<div class=\"td-module-thumb\"><a href=\"https:\/\/www.tvbuzau.ro\/zapada-mieilor-la-bisoca\/\" rel=\"bookmark\" title=\"Z\u0103pada mieilor la Bisoca\"><img loading=\"lazy\" decoding=\"async\" width=\"218\" height=\"150\" class=\"entry-thumb\" src=\"https:\/\/www.tvbuzau.ro\/wp-content\/uploads\/2026\/04\/sddefault-16-218x150.jpg\" alt title=\"Z\u0103pada mieilor la Bisoca\"><span class=\"td-video-play-ico\"><img loading=\"lazy\" decoding=\"async\" width=\"40\" height=\"40\" class=\"td-retina\" src=\"https:\/\/www.tvbuzau.ro\/wp-content\/themes\/Newspaper\/images\/icons\/ico-video-large.png\" alt=\"video\"><\/span><\/a><\/div>\n<p><a href=\"https:\/\/www.tvbuzau.ro\/category\/actualitate\/\" class=\"td-post-category\">Actualitate<\/a><\/div>\n<div class=\"item-details\">\n<h3 class=\"entry-title td-module-title\"><a href=\"https:\/\/www.tvbuzau.ro\/zapada-mieilor-la-bisoca\/\" rel=\"bookmark\" title=\"Z\u0103pada mieilor la Bisoca\">Z\u0103pada mieilor la Bisoca<\/a><\/h3>\n<\/div>\n<\/div>\n<\/div>\n<div class=\"td-related-span4\">\n<div class=\"td_module_related_posts td-animation-stack td_mod_related_posts\">\n<div class=\"td-module-image\">\n<div class=\"td-module-thumb\"><a href=\"https:\/\/www.tvbuzau.ro\/buzaul-in-finala-competitiei-destinatia-anului-2026\/\" rel=\"bookmark\" title=\"Buz\u0103ul, \u00een finala competi\u021biei \u201eDestina\u021bia Anului 2026\u201d\"><img loading=\"lazy\" decoding=\"async\" width=\"218\" height=\"150\" class=\"entry-thumb\" src=\"https:\/\/www.tvbuzau.ro\/wp-content\/uploads\/2026\/04\/sddefault-15-218x150.jpg\" alt title=\"Buz\u0103ul, \u00een finala competi\u021biei \u201eDestina\u021bia Anului 2026\u201d\"><span class=\"td-video-play-ico\"><img loading=\"lazy\" decoding=\"async\" width=\"40\" height=\"40\" class=\"td-retina\" src=\"https:\/\/www.tvbuzau.ro\/wp-content\/themes\/Newspaper\/images\/icons\/ico-video-large.png\" alt=\"video\"><\/span><\/a><\/div>\n<p><a href=\"https:\/\/www.tvbuzau.ro\/category\/actualitate\/\" class=\"td-post-category\">Actualitate<\/a><\/div>\n<div class=\"item-details\">\n<h3 class=\"entry-title td-module-title\"><a href=\"https:\/\/www.tvbuzau.ro\/buzaul-in-finala-competitiei-destinatia-anului-2026\/\" rel=\"bookmark\" title=\"Buz\u0103ul, \u00een finala competi\u021biei \u201eDestina\u021bia Anului 2026\u201d\">Buz\u0103ul, \u00een finala competi\u021biei \u201eDestina\u021bia Anului 2026\u201d<\/a><\/h3>\n<\/div>\n<\/div>\n<\/div>\n<\/div>\n<\/div>\n<\/div>\n<div class=\"comments\" id=\"comments\">\n<div id=\"respond\" class=\"comment-respond\">\n<h3 id=\"reply-title\" class=\"comment-reply-title\">L\u0102SA\u021aI UN MESAJ <small><a rel=\"nofollow\" id=\"cancel-comment-reply-link\" href=\"https:\/\/www.tvbuzau.ro\/minim-25-milioane-euro-va-atrage-buzaul-in-turism\/#respond\">Renun\u021ba\u021bi la r\u0103spuns<\/a><\/small><\/h3>\n<\/div>\n<\/div>\n<\/div>\n<div class=\"td-post-content\">\n<div class=\"td-featured-image-rec\">\n<div class=\"wpb_video_wrapper\">\n                    <iframe loading=\"lazy\" id=\"td_youtube_player\" width=\"600\" height=\"560\" src=\"https:\/\/www.youtube.com\/embed\/KdBJ2H9rvhI?enablejsapi=1&amp;feature=oembed&amp;wmode=opaque&amp;vq=hd720\" frameborder allowfullscreen><\/iframe><\/p><\/div>\n<\/div>\n<p>A fost \u00eenfiin\u0163at\u0103 Organiza\u021bia de Management al Destina\u021biei<br \/>\nConsiliul Jude\u0163ean a aprobat participarea jude\u021bului Buz\u0103u la \u00eenfiin\u021barea Organiza\u021biei de Management al Destina\u021biei Buz\u0103u (OMD Jude\u021bul Buz\u0103u), av\u00e2nd drept scop dezvoltarea \u0219i promovarea turismului. Potrivit conducerii institu\u0163iei, p\u00e2n\u0103 la finalul anului curent, prin intermediul unor proiecte \u00een turism vor putea fi atrase sume substan\u0163iale.<br \/>\nPrintre obiectivele organiza\u0163iei se num\u0103r\u0103 cre\u0219terea gradului de valorificare a poten\u021bialului turistic din jude\u0163ul Buz\u0103u, promovarea poten\u021bialului turistic natural \u0219i antropic, cre\u0219terea num\u0103rului de turi\u0219ti, conservarea resurselor naturale \u0219i antropice ale organiza\u021biei \u015fi dezvoltarea educa\u021biei \u0219i a form\u0103rii profesionale \u00een turism.<br \/>\n\u00cen organiza\u0163ia de promovare a turismului au anun\u0163at c\u0103 se vor al\u0103tura prim\u0103riile Buz\u0103u \u015fi R\u00e2mnicu S\u0103rat dar \u015fi societ\u0103\u0163i \u015fi asocia\u0163ii private.<\/p>\n<div class=\"post-views post-118718 entry-meta\"><span class=\"post-views-label\">Post Views: <\/span><span class=\"post-views-count\">128<\/span><\/div>\n<\/div>\n<p>[analyse_source url=&#8221;https:\/\/www.tvbuzau.ro\/minim-25-milioane-euro-va-atrage-buzaul-in-turism\/&#8221;]<\/p>\n","protected":false},"excerpt":{"rendered":"<p>[analyse_image type=&#8221;featured&#8221; src=&#8221;https:\/\/www.tvbuzau.ro\/wp-content\/uploads\/2026\/04\/hqdefault-23.jpghttps:\/\/www.tvbuzau.ro\/wp-content\/uploads\/2026\/04\/hqdefault-23.jpg&#8221;] Actualitate Minim 25 milioane euro va atrage Buz\u0103ul \u00een turism De c\u0103tre TV Buz\u0103u &#8211; aprilie 14, 2026 0 29 Distribui\u021bi pe Facebook Distribui\u021bi pe Twitter tweet A fost \u00eenfiin\u0163at\u0103 Organiza\u021bia de Management al Destina\u021biei Consiliul Jude\u0163ean a aprobat participarea jude\u021bului Buz\u0103u la \u00eenfiin\u021barea Organiza\u021biei de Management al Destina\u021biei Buz\u0103u (OMD Jude\u021bul [&hellip;]<\/p>\n","protected":false},"author":1,"featured_media":0,"comment_status":"open","ping_status":"","sticky":false,"template":"","format":"standard","meta":{"footnotes":""},"categories":[2],"tags":[226,116],"class_list":["post-1882369","post","type-post","status-publish","format-standard","hentry","category-politics","tag-crawlmanager","tag-tvbuzau-ro"],"_links":{"self":[{"href":"https:\/\/analyse.optim.biz\/index.php?rest_route=\/wp\/v2\/posts\/1882369","targetHints":{"allow":["GET"]}}],"collection":[{"href":"https:\/\/analyse.optim.biz\/index.php?rest_route=\/wp\/v2\/posts"}],"about":[{"href":"https:\/\/analyse.optim.biz\/index.php?rest_route=\/wp\/v2\/types\/post"}],"author":[{"embeddable":true,"href":"https:\/\/analyse.optim.biz\/index.php?rest_route=\/wp\/v2\/users\/1"}],"replies":[{"embeddable":true,"href":"https:\/\/analyse.optim.biz\/index.php?rest_route=%2Fwp%2Fv2%2Fcomments&post=1882369"}],"version-history":[{"count":0,"href":"https:\/\/analyse.optim.biz\/index.php?rest_route=\/wp\/v2\/posts\/1882369\/revisions"}],"wp:attachment":[{"href":"https:\/\/analyse.optim.biz\/index.php?rest_route=%2Fwp%2Fv2%2Fmedia&parent=1882369"}],"wp:term":[{"taxonomy":"category","embeddable":true,"href":"https:\/\/analyse.optim.biz\/index.php?rest_route=%2Fwp%2Fv2%2Fcategories&post=1882369"},{"taxonomy":"post_tag","embeddable":true,"href":"https:\/\/analyse.optim.biz\/index.php?rest_route=%2Fwp%2Fv2%2Ftags&post=1882369"}],"curies":[{"name":"wp","href":"https:\/\/api.w.org\/{rel}","templated":true}]}}