{"id":1882203,"date":"2026-04-14T18:15:24","date_gmt":"2026-04-14T15:15:24","guid":{"rendered":"https:\/\/analyse.optim.biz\/?p=1882203"},"modified":"2026-04-14T18:15:24","modified_gmt":"2026-04-14T15:15:24","slug":"accident-in-timisoara-un-motocicilist-a-intrat-in-plin-intr-un-biciclist-care-traversa-pe-rosu","status":"publish","type":"post","link":"https:\/\/analyse.optim.biz\/?p=1882203","title":{"rendered":"Accident \u00een Timi\u0219oara: Un motocicilist a intrat \u00een plin \u00eentr-un biciclist care traversa pe ro\u0219u"},"content":{"rendered":"<p>[analyse_image type=&#8221;featured&#8221; src=&#8221;https:\/\/focustim.ro\/wp-content\/uploads\/2026\/04\/accident-1.jpeg&#8221;]<\/p>\n<article id=\"post-39969\" class=\"penci-single-artcontent noloaddisqus post-39969 post type-post status-publish format-standard has-post-thumbnail hentry category-actualitate category-eveniment category-featured tag-accident tag-timisoara penci-post-item\">\n<header class=\"entry-header penci-entry-header penci-title-\">\n<div class=\"penci-entry-categories\"><span class=\"penci-cat-links\"><a href=\"https:\/\/focustim.ro\/category\/actualitate\/\" rel=\"category tag\">Actualitate<\/a><a href=\"https:\/\/focustim.ro\/category\/eveniment\/\" rel=\"category tag\">Eveniment<\/a><a href=\"https:\/\/focustim.ro\/category\/featured\/\" rel=\"category tag\">Featured<\/a><\/span><\/div>\n<h1 class=\"entry-title penci-entry-title penci-title-\">Accident \u00een Timi\u0219oara: Un motocicilist a intrat \u00een plin \u00eentr-un biciclist care traversa pe ro\u0219u<\/h1>\n<div class=\"entry-meta penci-entry-meta\"><span class=\"entry-meta-item penci-posted-on\"><time class=\"entry-date published\" datetime=\"2026-04-14T21:15:24+03:00\">14\/04\/2026<\/time><time class=\"updated\" datetime=\"2026-04-14T21:15:27+03:00\">14\/04\/2026<\/time><\/span><span class=\"entry-meta-item penci-comment-count\"><a class=\"penci_pmeta-link\" href=\"https:\/\/focustim.ro\/accident-in-timisoara-un-motocicilist-a-intrat-in-plin-intr-un-biciclist-care-traversa-pe-rosu\/#respond\">0<\/a><\/span><\/div>\n<p><span class=\"penci-social-buttons penci-social-share-footer\"><span class=\"penci-social-share-text\">Distribuie<\/span><a href=\"https:\/\/focustim.ro\/accident-in-timisoara-un-motocicilist-a-intrat-in-plin-intr-un-biciclist-care-traversa-pe-rosu\/\" class=\"penci-post-like penci_post-meta_item  single-like-button penci-social-item like\" data-post_id=\"39969\" title=\"Like\" data-like=\"Like\" data-unlike=\"Unlike\"><span class=\"penci-share-number\">0<\/span><\/a><\/span><\/header>\n<div class=\"entry-media penci-entry-media\">\n<div class=\"post-format-meta \">\n<div class=\"post-image penci-standard-format\"><img decoding=\"async\" width=\"960\" height=\"720\" src=\"https:\/\/focustim.ro\/wp-content\/uploads\/2026\/04\/accident-1-960x720.jpeg\" class=\"attachment-penci-thumb-960-auto size-penci-thumb-960-auto wp-post-image\" alt loading=\"lazy\"><\/div>\n<\/div>\n<\/div>\n<div class=\"penci-entry-content entry-content\">\n<p><strong>Accident \u00een Timi\u0219oara, unde un motociclist a intrat \u00een plin \u00eentr-un biciclist care traversa pe ro\u0219u. Ambii b\u0103rba\u021bi au ajuns la spital, iar oamenii legii au deschis \u0219i un dosar penal. <\/strong><\/p>\n<p>Un b\u0103rbat, de 35 de ani, a condus o motociclet\u0103 pe bulevardul D\u00e2mbovi\u021ba, dinspre strada Ana Ip\u0103tescu, iar la un moment dat, la intersec\u021bia cu Calea \u0218agului, ar fi intrat \u00een coliziune cu o biciclet\u0103 condus\u0103 de un b\u0103rbat de 57 de ani, care traversa strada pe trecerea pentru pietoni, pe culoarea ro\u0219ie a semaforului.<\/p>\n<p>\u00cen urma impactului, au rezultat dou\u0103 victime, respectiv cei doi b\u0103rba\u021bi de 35 \u0219i 57 de ani, care au fost transporta\u021bi la spital \u00een vederea acord\u0103rii de \u00eengrijiri medicale.<\/p>\n<p>\u00cen cauz\u0103 a fost \u00eentocmit un dosar penal sub aspectul s\u0103v\u00e2r\u0219irii infrac\u021biunii de v\u0103t\u0103mare corporal\u0103 din culp\u0103.<\/p>\n<div class=\"sharedaddy sd-sharing-enabled\">\n<div class=\"robots-nocontent sd-block sd-social sd-social-icon-text sd-sharing\">\n<h3 class=\"sd-title\">Partajeaz\u0103 asta:<\/h3>\n<div class=\"sd-content\">\n<ul>\n<li class=\"share-twitter\"><a rel=\"nofollow noopener noreferrer\" data-shared=\"sharing-twitter-39969\" class=\"share-twitter sd-button share-icon\" href=\"https:\/\/focustim.ro\/accident-in-timisoara-un-motocicilist-a-intrat-in-plin-intr-un-biciclist-care-traversa-pe-rosu\/?share=twitter\" target=\"_blank\" title=\"D\u0103 clic pentru a partaja pe Twitter\"><span>Twitter<\/span><\/a><\/li>\n<li class=\"share-facebook\"><a rel=\"nofollow noopener noreferrer\" data-shared=\"sharing-facebook-39969\" class=\"share-facebook sd-button share-icon\" href=\"https:\/\/focustim.ro\/accident-in-timisoara-un-motocicilist-a-intrat-in-plin-intr-un-biciclist-care-traversa-pe-rosu\/?share=facebook\" target=\"_blank\" title=\"D\u0103 clic pentru a partaja pe Facebook\"><span>Facebook<\/span><\/a><\/li>\n<li class=\"share-end\"><\/ul>\n<\/div>\n<\/div>\n<\/div>\n<div class=\"sharedaddy sd-block sd-like jetpack-likes-widget-wrapper jetpack-likes-widget-unloaded\" id=\"like-post-wrapper-167025405-39969-69de847b3da6e\" data-src=\"https:\/\/widgets.wp.com\/likes\/#blog_id=167025405&amp;post_id=39969&amp;origin=focustim.ro&amp;obj_id=167025405-39969-69de847b3da6e\" data-name=\"like-post-frame-167025405-39969-69de847b3da6e\" data-title=\"Apreciaz\u0103 sau republic\u0103\">\n<h3 class=\"sd-title\">Apreciaz\u0103:<\/h3>\n<div class=\"likes-widget-placeholder post-likes-widget-placeholder\"><span class=\"button\"><span>Apreciere<\/span><\/span><span class=\"loading\">\u00cencarc&#8230;<\/span><\/div>\n<\/div>\n<\/div>\n<footer class=\"penci-entry-footer\">\n<div class=\"penci-source-via-tags-wrap\"><span class=\"tags-links penci-tags-links\"><a href=\"https:\/\/focustim.ro\/tag\/accident\/\" rel=\"tag\">accident<\/a><a href=\"https:\/\/focustim.ro\/tag\/timisoara\/\" rel=\"tag\">Timisoara<\/a><\/span><\/div>\n<p><span class=\"penci-social-buttons penci-social-share-footer\"><span class=\"penci-social-share-text\">Distribuie<\/span><a href=\"https:\/\/focustim.ro\/accident-in-timisoara-un-motocicilist-a-intrat-in-plin-intr-un-biciclist-care-traversa-pe-rosu\/\" class=\"penci-post-like penci_post-meta_item  single-like-button penci-social-item like\" data-post_id=\"39969\" title=\"Like\" data-like=\"Like\" data-unlike=\"Unlike\"><span class=\"penci-share-number\">0<\/span><\/a><\/span><\/footer>\n<\/article>\n<div class=\"penci-entry-content entry-content\">\n<p><strong>Accident \u00een Timi\u0219oara, unde un motociclist a intrat \u00een plin \u00eentr-un biciclist care traversa pe ro\u0219u. Ambii b\u0103rba\u021bi au ajuns la spital, iar oamenii legii au deschis \u0219i un dosar penal. <\/strong><\/p>\n<p>Un b\u0103rbat, de 35 de ani, a condus o motociclet\u0103 pe bulevardul D\u00e2mbovi\u021ba, dinspre strada Ana Ip\u0103tescu, iar la un moment dat, la intersec\u021bia cu Calea \u0218agului, ar fi intrat \u00een coliziune cu o biciclet\u0103 condus\u0103 de un b\u0103rbat de 57 de ani, care traversa strada pe trecerea pentru pietoni, pe culoarea ro\u0219ie a semaforului.<\/p>\n<p>\u00cen urma impactului, au rezultat dou\u0103 victime, respectiv cei doi b\u0103rba\u021bi de 35 \u0219i 57 de ani, care au fost transporta\u021bi la spital \u00een vederea acord\u0103rii de \u00eengrijiri medicale.<\/p>\n<p>\u00cen cauz\u0103 a fost \u00eentocmit un dosar penal sub aspectul s\u0103v\u00e2r\u0219irii infrac\u021biunii de v\u0103t\u0103mare corporal\u0103 din culp\u0103.<\/p>\n<div class=\"sharedaddy sd-sharing-enabled\">\n<div class=\"robots-nocontent sd-block sd-social sd-social-icon-text sd-sharing\">\n<h3 class=\"sd-title\">Partajeaz\u0103 asta:<\/h3>\n<div class=\"sd-content\">\n<ul>\n<li class=\"share-twitter\"><a rel=\"nofollow noopener noreferrer\" data-shared=\"sharing-twitter-39969\" class=\"share-twitter sd-button share-icon\" href=\"https:\/\/focustim.ro\/accident-in-timisoara-un-motocicilist-a-intrat-in-plin-intr-un-biciclist-care-traversa-pe-rosu\/?share=twitter\" target=\"_blank\" title=\"D\u0103 clic pentru a partaja pe Twitter\"><span>Twitter<\/span><\/a><\/li>\n<li class=\"share-facebook\"><a rel=\"nofollow noopener noreferrer\" data-shared=\"sharing-facebook-39969\" class=\"share-facebook sd-button share-icon\" href=\"https:\/\/focustim.ro\/accident-in-timisoara-un-motocicilist-a-intrat-in-plin-intr-un-biciclist-care-traversa-pe-rosu\/?share=facebook\" target=\"_blank\" title=\"D\u0103 clic pentru a partaja pe Facebook\"><span>Facebook<\/span><\/a><\/li>\n<li class=\"share-end\"><\/ul>\n<\/div>\n<\/div>\n<\/div>\n<div class=\"sharedaddy sd-block sd-like jetpack-likes-widget-wrapper jetpack-likes-widget-unloaded\" id=\"like-post-wrapper-167025405-39969-69de847b3da6e\" data-src=\"https:\/\/widgets.wp.com\/likes\/#blog_id=167025405&amp;post_id=39969&amp;origin=focustim.ro&amp;obj_id=167025405-39969-69de847b3da6e\" data-name=\"like-post-frame-167025405-39969-69de847b3da6e\" data-title=\"Apreciaz\u0103 sau republic\u0103\">\n<h3 class=\"sd-title\">Apreciaz\u0103:<\/h3>\n<div class=\"likes-widget-placeholder post-likes-widget-placeholder\"><span class=\"button\"><span>Apreciere<\/span><\/span><span class=\"loading\">\u00cencarc&#8230;<\/span><\/div>\n<\/div>\n<\/div>\n<p>[analyse_source url=&#8221;https:\/\/focustim.ro\/accident-in-timisoara-un-motocicilist-a-intrat-in-plin-intr-un-biciclist-care-traversa-pe-rosu\/&#8221;]<\/p>\n","protected":false},"excerpt":{"rendered":"<p>[analyse_image type=&#8221;featured&#8221; src=&#8221;https:\/\/focustim.ro\/wp-content\/uploads\/2026\/04\/accident-1.jpeg&#8221;] ActualitateEvenimentFeatured Accident \u00een Timi\u0219oara: Un motocicilist a intrat \u00een plin \u00eentr-un biciclist care traversa pe ro\u0219u 14\/04\/202614\/04\/20260 Distribuie0 Accident \u00een Timi\u0219oara, unde un motociclist a intrat \u00een plin \u00eentr-un biciclist care traversa pe ro\u0219u. Ambii b\u0103rba\u021bi au ajuns la spital, iar oamenii legii au deschis \u0219i un dosar penal. Un b\u0103rbat, de [&hellip;]<\/p>\n","protected":false},"author":1,"featured_media":0,"comment_status":"open","ping_status":"","sticky":false,"template":"","format":"standard","meta":{"footnotes":""},"categories":[89],"tags":[226,197],"class_list":["post-1882203","post","type-post","status-publish","format-standard","hentry","category-romania","tag-crawlmanager","tag-focustim-ro"],"_links":{"self":[{"href":"https:\/\/analyse.optim.biz\/index.php?rest_route=\/wp\/v2\/posts\/1882203","targetHints":{"allow":["GET"]}}],"collection":[{"href":"https:\/\/analyse.optim.biz\/index.php?rest_route=\/wp\/v2\/posts"}],"about":[{"href":"https:\/\/analyse.optim.biz\/index.php?rest_route=\/wp\/v2\/types\/post"}],"author":[{"embeddable":true,"href":"https:\/\/analyse.optim.biz\/index.php?rest_route=\/wp\/v2\/users\/1"}],"replies":[{"embeddable":true,"href":"https:\/\/analyse.optim.biz\/index.php?rest_route=%2Fwp%2Fv2%2Fcomments&post=1882203"}],"version-history":[{"count":0,"href":"https:\/\/analyse.optim.biz\/index.php?rest_route=\/wp\/v2\/posts\/1882203\/revisions"}],"wp:attachment":[{"href":"https:\/\/analyse.optim.biz\/index.php?rest_route=%2Fwp%2Fv2%2Fmedia&parent=1882203"}],"wp:term":[{"taxonomy":"category","embeddable":true,"href":"https:\/\/analyse.optim.biz\/index.php?rest_route=%2Fwp%2Fv2%2Fcategories&post=1882203"},{"taxonomy":"post_tag","embeddable":true,"href":"https:\/\/analyse.optim.biz\/index.php?rest_route=%2Fwp%2Fv2%2Ftags&post=1882203"}],"curies":[{"name":"wp","href":"https:\/\/api.w.org\/{rel}","templated":true}]}}