{"id":1882162,"date":"2026-04-14T14:14:22","date_gmt":"2026-04-14T11:14:22","guid":{"rendered":"https:\/\/analyse.optim.biz\/?p=1882162"},"modified":"2026-04-14T14:14:22","modified_gmt":"2026-04-14T11:14:22","slug":"politistii-suceveni-cer-sprijin-pentru-gasirea-unei-fete-de-12-ani-plecata-voluntar-de-acasa","status":"publish","type":"post","link":"https:\/\/analyse.optim.biz\/?p=1882162","title":{"rendered":"Poli\u021bi\u0219tii suceveni cer sprijin pentru g\u0103sirea unei fete de 12 ani plecat\u0103 voluntar de acas\u0103"},"content":{"rendered":"<p>[analyse_image type=&#8221;featured&#8221; src=&#8221;https:\/\/www.newsbucovina.ro\/wp-content\/uploads\/2026\/04\/WhatsApp-Image-2026-04-14-at-16.53.16-1-1.jpeghttps:\/\/cdn.newsbucovina.ro\/wp-content\/uploads\/2026\/04\/WhatsApp-Image-2026-04-14-at-16.53.16-1-1.jpeg&#8221;]<\/p>\n<div class=\"td-post-content tagdiv-type\">\n<div class=\"td-a-rec td-a-rec-id-content_top  tdi_3 td_block_template_1\"><strong>Intr\u0103 acum \u0219i \u00een grupul de <\/p>\n<div class=\"wp-block-button\"><a class=\"wp-block-button__link wp-element-button\" href=\"https:\/\/t.me\/+TH8wcfnp8fw5NWI0\">Telegram News Bucovina<\/a><\/div>\n<p><\/strong><\/div>\n<p>Poli\u021bi\u0219tii Inspectoratului de Poli\u021bie Jude\u021bean Suceava efectueaz\u0103 cercet\u0103ri \u0219i ac\u021biuni de c\u0103utare pentru a g\u0103si o minor\u0103 de 12 ani care a plecat voluntar de la domiciliu \u00een aceast\u0103 diminea\u021b\u0103 \u0219i nu a mai revenit.<\/p>\n<figure class=\"wp-block-gallery has-nested-images columns-default is-cropped wp-block-gallery-1 is-layout-flex wp-block-gallery-is-layout-flex\">\n<figure class=\"wp-block-image size-large\"><a href=\"https:\/\/cdn.newsbucovina.ro\/wp-content\/uploads\/2026\/04\/WhatsApp-Image-2026-04-14-at-16.53.16-1.jpeg\"><img loading=\"lazy\" decoding=\"async\" width=\"614\" height=\"1024\" data-id=\"436195\" src=\"https:\/\/cdn.newsbucovina.ro\/wp-content\/uploads\/2026\/04\/WhatsApp-Image-2026-04-14-at-16.53.16-1-614x1024.jpeg\" alt class=\"wp-image-436195\"><\/a><\/figure>\n<figure class=\"wp-block-image size-large\"><a href=\"https:\/\/cdn.newsbucovina.ro\/wp-content\/uploads\/2026\/04\/WhatsApp-Image-2026-04-14-at-16.53.16.jpeg\"><img loading=\"lazy\" decoding=\"async\" width=\"569\" height=\"1024\" data-id=\"436194\" src=\"https:\/\/cdn.newsbucovina.ro\/wp-content\/uploads\/2026\/04\/WhatsApp-Image-2026-04-14-at-16.53.16-569x1024.jpeg\" alt class=\"wp-image-436194\"><\/a><\/figure>\n<\/figure>\n<p>Este vorba despre Dascalu Anastasia Mihaela, domiciliat\u0103 \u00een cartierul Burdujeni, sat Burdujeni, strada Cr\u00e2ngului, municipiul Suceava.<\/p>\n<p>Minora a fost v\u0103zut\u0103 ultima dat\u0103 \u00een zona central\u0103 a municipiului Suceava, \u00een jurul orei 13:00. Ea purta pantaloni de trening de culoare roz, geac\u0103 neagr\u0103 \u0219i avea asupra sa un ghiozdan maro cu bretele verzi.<\/p>\n<p>Poli\u021bi\u0219tii roag\u0103 persoanele care au informa\u021bii despre locul unde se afl\u0103 minora sau care au v\u0103zut-o s\u0103 contacteze de urgen\u021b\u0103 Serviciul Na\u021bional Unic pentru Apeluri de Urgen\u021b\u0103 \u2013 SNUAU 112 sau s\u0103 se adreseze celei mai apropiate unit\u0103\u021bi de poli\u021bie.<\/p>\n<figure class=\"wp-block-embed is-type-video is-provider-youtube wp-block-embed-youtube wp-embed-aspect-16-9 wp-has-aspect-ratio\">\n<div class=\"wp-block-embed__wrapper\">\n<div class=\"youtube-embed\" data-video_id=\"mc2YHXWTl7g\"><iframe loading=\"lazy\" title=\"Faleza e aproape gata- Poftim \u00een Republica R\u0103d\u0103u\u021bi: Mesopotamia d\u0103 cafeaua!\" width=\"696\" height=\"392\" src=\"https:\/\/www.youtube.com\/embed\/mc2YHXWTl7g?feature=oembed&amp;enablejsapi=1\" frameborder allow=\"accelerometer; autoplay; clipboard-write; encrypted-media; gyroscope; picture-in-picture; web-share\" referrerpolicy=\"strict-origin-when-cross-origin\" allowfullscreen><\/iframe><\/div>\n<\/div>\n<\/figure>\n<div class=\"td-a-rec td-a-rec-id-content_bottom  tdi_4 td_block_template_1\"><strong>Intr\u0103 acum \u0219i \u00een grupul de <\/p>\n<div class=\"wp-block-button\"><a class=\"wp-block-button__link wp-element-button\" href=\"https:\/\/t.me\/+TH8wcfnp8fw5NWI0\">Telegram News Bucovina<\/a><\/div>\n<p><\/strong><\/div>\n<\/div>\n<div class=\"td-post-content tagdiv-type\">\n<div class=\"td-a-rec td-a-rec-id-content_top  tdi_3 td_block_template_1\"><strong>Intr\u0103 acum \u0219i \u00een grupul de <\/p>\n<div class=\"wp-block-button\"><a class=\"wp-block-button__link wp-element-button\" href=\"https:\/\/t.me\/+TH8wcfnp8fw5NWI0\">Telegram News Bucovina<\/a><\/div>\n<p><\/strong><\/div>\n<p>Poli\u021bi\u0219tii Inspectoratului de Poli\u021bie Jude\u021bean Suceava efectueaz\u0103 cercet\u0103ri \u0219i ac\u021biuni de c\u0103utare pentru a g\u0103si o minor\u0103 de 12 ani care a plecat voluntar de la domiciliu \u00een aceast\u0103 diminea\u021b\u0103 \u0219i nu a mai revenit.<\/p>\n<figure class=\"wp-block-gallery has-nested-images columns-default is-cropped wp-block-gallery-1 is-layout-flex wp-block-gallery-is-layout-flex\">\n<figure class=\"wp-block-image size-large\"><a href=\"https:\/\/cdn.newsbucovina.ro\/wp-content\/uploads\/2026\/04\/WhatsApp-Image-2026-04-14-at-16.53.16-1.jpeg\"><img loading=\"lazy\" decoding=\"async\" width=\"614\" height=\"1024\" data-id=\"436195\" src=\"https:\/\/cdn.newsbucovina.ro\/wp-content\/uploads\/2026\/04\/WhatsApp-Image-2026-04-14-at-16.53.16-1-614x1024.jpeg\" alt class=\"wp-image-436195\"><\/a><\/figure>\n<figure class=\"wp-block-image size-large\"><a href=\"https:\/\/cdn.newsbucovina.ro\/wp-content\/uploads\/2026\/04\/WhatsApp-Image-2026-04-14-at-16.53.16.jpeg\"><img loading=\"lazy\" decoding=\"async\" width=\"569\" height=\"1024\" data-id=\"436194\" src=\"https:\/\/cdn.newsbucovina.ro\/wp-content\/uploads\/2026\/04\/WhatsApp-Image-2026-04-14-at-16.53.16-569x1024.jpeg\" alt class=\"wp-image-436194\"><\/a><\/figure>\n<\/figure>\n<p>Este vorba despre Dascalu Anastasia Mihaela, domiciliat\u0103 \u00een cartierul Burdujeni, sat Burdujeni, strada Cr\u00e2ngului, municipiul Suceava.<\/p>\n<p>Minora a fost v\u0103zut\u0103 ultima dat\u0103 \u00een zona central\u0103 a municipiului Suceava, \u00een jurul orei 13:00. Ea purta pantaloni de trening de culoare roz, geac\u0103 neagr\u0103 \u0219i avea asupra sa un ghiozdan maro cu bretele verzi.<\/p>\n<p>Poli\u021bi\u0219tii roag\u0103 persoanele care au informa\u021bii despre locul unde se afl\u0103 minora sau care au v\u0103zut-o s\u0103 contacteze de urgen\u021b\u0103 Serviciul Na\u021bional Unic pentru Apeluri de Urgen\u021b\u0103 \u2013 SNUAU 112 sau s\u0103 se adreseze celei mai apropiate unit\u0103\u021bi de poli\u021bie.<\/p>\n<figure class=\"wp-block-embed is-type-video is-provider-youtube wp-block-embed-youtube wp-embed-aspect-16-9 wp-has-aspect-ratio\">\n<div class=\"wp-block-embed__wrapper\">\n<div class=\"youtube-embed\" data-video_id=\"mc2YHXWTl7g\"><iframe loading=\"lazy\" title=\"Faleza e aproape gata- Poftim \u00een Republica R\u0103d\u0103u\u021bi: Mesopotamia d\u0103 cafeaua!\" width=\"696\" height=\"392\" src=\"https:\/\/www.youtube.com\/embed\/mc2YHXWTl7g?feature=oembed&amp;enablejsapi=1\" frameborder allow=\"accelerometer; autoplay; clipboard-write; encrypted-media; gyroscope; picture-in-picture; web-share\" referrerpolicy=\"strict-origin-when-cross-origin\" allowfullscreen><\/iframe><\/div>\n<\/div>\n<\/figure>\n<div class=\"td-a-rec td-a-rec-id-content_bottom  tdi_4 td_block_template_1\"><strong>Intr\u0103 acum \u0219i \u00een grupul de <\/p>\n<div class=\"wp-block-button\"><a class=\"wp-block-button__link wp-element-button\" href=\"https:\/\/t.me\/+TH8wcfnp8fw5NWI0\">Telegram News Bucovina<\/a><\/div>\n<p><\/strong><\/div>\n<\/div>\n<p>[analyse_source url=&#8221;https:\/\/www.newsbucovina.ro\/social\/436193\/politistii-suceveni-cer-sprijin-pentru-gasirea-unei-fete-de-12-ani-plecata-voluntar-de-acasa&#8221;]<\/p>\n","protected":false},"excerpt":{"rendered":"<p>[analyse_image type=&#8221;featured&#8221; src=&#8221;https:\/\/www.newsbucovina.ro\/wp-content\/uploads\/2026\/04\/WhatsApp-Image-2026-04-14-at-16.53.16-1-1.jpeghttps:\/\/cdn.newsbucovina.ro\/wp-content\/uploads\/2026\/04\/WhatsApp-Image-2026-04-14-at-16.53.16-1-1.jpeg&#8221;] Intr\u0103 acum \u0219i \u00een grupul de Telegram News Bucovina Poli\u021bi\u0219tii Inspectoratului de Poli\u021bie Jude\u021bean Suceava efectueaz\u0103 cercet\u0103ri \u0219i ac\u021biuni de c\u0103utare pentru a g\u0103si o minor\u0103 de 12 ani care a plecat voluntar de la domiciliu \u00een aceast\u0103 diminea\u021b\u0103 \u0219i nu a mai revenit. Este vorba despre Dascalu Anastasia Mihaela, domiciliat\u0103 \u00een [&hellip;]<\/p>\n","protected":false},"author":1,"featured_media":0,"comment_status":"open","ping_status":"","sticky":false,"template":"","format":"standard","meta":{"footnotes":""},"categories":[89],"tags":[226,165],"class_list":["post-1882162","post","type-post","status-publish","format-standard","hentry","category-romania","tag-crawlmanager","tag-newsbucovina-ro"],"_links":{"self":[{"href":"https:\/\/analyse.optim.biz\/index.php?rest_route=\/wp\/v2\/posts\/1882162","targetHints":{"allow":["GET"]}}],"collection":[{"href":"https:\/\/analyse.optim.biz\/index.php?rest_route=\/wp\/v2\/posts"}],"about":[{"href":"https:\/\/analyse.optim.biz\/index.php?rest_route=\/wp\/v2\/types\/post"}],"author":[{"embeddable":true,"href":"https:\/\/analyse.optim.biz\/index.php?rest_route=\/wp\/v2\/users\/1"}],"replies":[{"embeddable":true,"href":"https:\/\/analyse.optim.biz\/index.php?rest_route=%2Fwp%2Fv2%2Fcomments&post=1882162"}],"version-history":[{"count":0,"href":"https:\/\/analyse.optim.biz\/index.php?rest_route=\/wp\/v2\/posts\/1882162\/revisions"}],"wp:attachment":[{"href":"https:\/\/analyse.optim.biz\/index.php?rest_route=%2Fwp%2Fv2%2Fmedia&parent=1882162"}],"wp:term":[{"taxonomy":"category","embeddable":true,"href":"https:\/\/analyse.optim.biz\/index.php?rest_route=%2Fwp%2Fv2%2Fcategories&post=1882162"},{"taxonomy":"post_tag","embeddable":true,"href":"https:\/\/analyse.optim.biz\/index.php?rest_route=%2Fwp%2Fv2%2Ftags&post=1882162"}],"curies":[{"name":"wp","href":"https:\/\/api.w.org\/{rel}","templated":true}]}}