{"id":1882160,"date":"2026-04-14T11:24:34","date_gmt":"2026-04-14T08:24:34","guid":{"rendered":"https:\/\/analyse.optim.biz\/?p=1882160"},"modified":"2026-04-14T11:24:34","modified_gmt":"2026-04-14T08:24:34","slug":"barbat-fara-permis-baut-si-cu-numar-fals-de-inmatriculare-a-provocat-un-accident-la-vatra-dornei-a-fost-retinut-pentru-24-de-ore","status":"publish","type":"post","link":"https:\/\/analyse.optim.biz\/?p=1882160","title":{"rendered":"B\u0103rbat f\u0103r\u0103 permis, b\u0103ut \u0219i cu num\u0103r fals de \u00eenmatriculare, a provocat un accident la Vatra Dornei. A fost re\u021binut pentru 24 de ore"},"content":{"rendered":"<p>[analyse_image type=&#8221;featured&#8221; src=&#8221;https:\/\/www.newsbucovina.ro\/wp-content\/uploads\/2026\/03\/politie-2.jpeghttps:\/\/cdn.newsbucovina.ro\/wp-content\/uploads\/2026\/03\/politie-2.jpeg&#8221;]<\/p>\n<div class=\"td-post-content tagdiv-type\">\n<div class=\"td-a-rec td-a-rec-id-content_top  tdi_3 td_block_template_1\"><strong>Intr\u0103 acum \u0219i \u00een grupul de <\/p>\n<div class=\"wp-block-button\"><a class=\"wp-block-button__link wp-element-button\" href=\"https:\/\/t.me\/+TH8wcfnp8fw5NWI0\">Telegram News Bucovina<\/a><\/div>\n<p><\/strong><\/div>\n<p>Un incident rutier provocat de un \u0219ofer f\u0103r\u0103 permis de conducere \u0219i aflat sub influen\u021ba alcoolului a avut loc luni, 13 aprilie 2026, \u00een municipiul Vatra Dornei.<\/p>\n<figure class=\"wp-block-image size-large\"><a href=\"https:\/\/cdn.newsbucovina.ro\/wp-content\/uploads\/2026\/03\/politie-2.jpeg\"><img loading=\"lazy\" decoding=\"async\" width=\"1024\" height=\"768\" src=\"https:\/\/cdn.newsbucovina.ro\/wp-content\/uploads\/2026\/03\/politie-2-1024x768.jpeg\" alt class=\"wp-image-434080\"><\/a><\/figure>\n<p>Poli\u021bia Municipiului Vatra Dornei a fost sesizat\u0103 prin 112 \u00een jurul orei 16:55 cu privire la o tamponare, apelantul preciz\u00e2nd c\u0103 cel\u0103lalt conduc\u0103tor auto ar fi b\u0103ut. La fa\u021ba locului s-a deplasat un echipaj al Sec\u021biei 15 Poli\u021bie Rural\u0103 Vatra Dornei.<\/p>\n<p>Poli\u021bi\u0219tii au identificat un autoturism marca Renault abandonat \u0219i, ulterior, \u00een jurul orei 18:50, l-au depistat pe conduc\u0103torul acestuia \u2013 un b\u0103rbat de 32 de ani din comuna Fundul Moldovei. Acesta emana halen\u0103 alcoolic\u0103 puternic\u0103, iar testarea cu aparatul etilometru a indicat o concentra\u021bie de <strong>1,59 mg\/l alcool pur \u00een aerul expirat<\/strong>.<\/p>\n<p>Verific\u0103rile au scos la iveal\u0103 multiple nereguli grave:<\/p>\n<ul class=\"wp-block-list\">\n<li>B\u0103rbatul nu de\u021bine permis de conducere pentru nicio categorie;<\/li>\n<li>Autoturismul nu era \u00eenmatriculat;<\/li>\n<li>Pl\u0103cu\u021bele de \u00eenmatriculare montate pe vehicul erau false (atribuite unui alt autoturism marca Jeep, documentul fiind nul din 22 mai 2020).<\/li>\n<\/ul>\n<p>\u0218oferul a declarat c\u0103, \u00een momentul accidentului, pe scaunul din dreapta fa\u021b\u0103 se afla un alt b\u0103rbat, iar autoturismul i-ar fi fost \u00eencredin\u021bat spre conducere de c\u0103tre proprietarul s\u0103u, un b\u0103rbat de 45 de ani din comuna Cioc\u0103ne\u0219ti.<\/p>\n<p>B\u0103rbatul de 32 de ani a fost condus la Spitalul Municipal Vatra Dornei pentru recoltarea probelor biologice de s\u00e2nge. \u00cen baza probatoriului administrat, procurorul a dispus re\u021binerea sa pentru 24 de ore, suspectul fiind escortat \u0219i introdus \u00een Centrul de Re\u021binere \u0219i Arest Preventiv al Inspectoratului de Poli\u021bie Jude\u021bean Suceava.<\/p>\n<p>Acesta urmeaz\u0103 s\u0103 fie prezentat Parchetului de pe l\u00e2ng\u0103 Judec\u0103toria Vatra Dornei pentru luarea unei noi m\u0103suri preventive.<\/p>\n<p>\u00cen cauz\u0103 a fost \u00eentocmit dosar penal pentru s\u0103v\u00e2r\u0219irea mai multor infrac\u021biuni: conducerea unui vehicul f\u0103r\u0103 permis, conducerea sub influen\u021ba alcoolului, conducerea unui autovehicul ne\u00eenmatriculat, conducerea cu num\u0103r fals de \u00eenmatriculare \u0219i \u00eencredin\u021barea unui vehicul unei persoane care nu de\u021bine permis \u0219i se afl\u0103 sub influen\u021ba alcoolului.<\/p>\n<p>Cercet\u0103rile continu\u0103 sub coordonarea Parchetului de pe l\u00e2ng\u0103 Judec\u0103toria Vatra Dornei.<\/p>\n<figure class=\"wp-block-embed is-type-video is-provider-youtube wp-block-embed-youtube wp-embed-aspect-16-9 wp-has-aspect-ratio\">\n<div class=\"wp-block-embed__wrapper\">\n<div class=\"youtube-embed\" data-video_id=\"mc2YHXWTl7g\"><iframe loading=\"lazy\" title=\"Faleza e aproape gata- Poftim \u00een Republica R\u0103d\u0103u\u021bi: Mesopotamia d\u0103 cafeaua!\" width=\"696\" height=\"392\" src=\"https:\/\/www.youtube.com\/embed\/mc2YHXWTl7g?feature=oembed&amp;enablejsapi=1\" frameborder allow=\"accelerometer; autoplay; clipboard-write; encrypted-media; gyroscope; picture-in-picture; web-share\" referrerpolicy=\"strict-origin-when-cross-origin\" allowfullscreen><\/iframe><\/div>\n<\/div>\n<\/figure>\n<div class=\"td-a-rec td-a-rec-id-content_bottom  tdi_4 td_block_template_1\"><strong>Intr\u0103 acum \u0219i \u00een grupul de <\/p>\n<div class=\"wp-block-button\"><a class=\"wp-block-button__link wp-element-button\" href=\"https:\/\/t.me\/+TH8wcfnp8fw5NWI0\">Telegram News Bucovina<\/a><\/div>\n<p><\/strong><\/div>\n<\/div>\n<div class=\"td-post-content tagdiv-type\">\n<div class=\"td-a-rec td-a-rec-id-content_top  tdi_3 td_block_template_1\"><strong>Intr\u0103 acum \u0219i \u00een grupul de <\/p>\n<div class=\"wp-block-button\"><a class=\"wp-block-button__link wp-element-button\" href=\"https:\/\/t.me\/+TH8wcfnp8fw5NWI0\">Telegram News Bucovina<\/a><\/div>\n<p><\/strong><\/div>\n<p>Un incident rutier provocat de un \u0219ofer f\u0103r\u0103 permis de conducere \u0219i aflat sub influen\u021ba alcoolului a avut loc luni, 13 aprilie 2026, \u00een municipiul Vatra Dornei.<\/p>\n<figure class=\"wp-block-image size-large\"><a href=\"https:\/\/cdn.newsbucovina.ro\/wp-content\/uploads\/2026\/03\/politie-2.jpeg\"><img loading=\"lazy\" decoding=\"async\" width=\"1024\" height=\"768\" src=\"https:\/\/cdn.newsbucovina.ro\/wp-content\/uploads\/2026\/03\/politie-2-1024x768.jpeg\" alt class=\"wp-image-434080\"><\/a><\/figure>\n<p>Poli\u021bia Municipiului Vatra Dornei a fost sesizat\u0103 prin 112 \u00een jurul orei 16:55 cu privire la o tamponare, apelantul preciz\u00e2nd c\u0103 cel\u0103lalt conduc\u0103tor auto ar fi b\u0103ut. La fa\u021ba locului s-a deplasat un echipaj al Sec\u021biei 15 Poli\u021bie Rural\u0103 Vatra Dornei.<\/p>\n<p>Poli\u021bi\u0219tii au identificat un autoturism marca Renault abandonat \u0219i, ulterior, \u00een jurul orei 18:50, l-au depistat pe conduc\u0103torul acestuia \u2013 un b\u0103rbat de 32 de ani din comuna Fundul Moldovei. Acesta emana halen\u0103 alcoolic\u0103 puternic\u0103, iar testarea cu aparatul etilometru a indicat o concentra\u021bie de <strong>1,59 mg\/l alcool pur \u00een aerul expirat<\/strong>.<\/p>\n<p>Verific\u0103rile au scos la iveal\u0103 multiple nereguli grave:<\/p>\n<ul class=\"wp-block-list\">\n<li>B\u0103rbatul nu de\u021bine permis de conducere pentru nicio categorie;<\/li>\n<li>Autoturismul nu era \u00eenmatriculat;<\/li>\n<li>Pl\u0103cu\u021bele de \u00eenmatriculare montate pe vehicul erau false (atribuite unui alt autoturism marca Jeep, documentul fiind nul din 22 mai 2020).<\/li>\n<\/ul>\n<p>\u0218oferul a declarat c\u0103, \u00een momentul accidentului, pe scaunul din dreapta fa\u021b\u0103 se afla un alt b\u0103rbat, iar autoturismul i-ar fi fost \u00eencredin\u021bat spre conducere de c\u0103tre proprietarul s\u0103u, un b\u0103rbat de 45 de ani din comuna Cioc\u0103ne\u0219ti.<\/p>\n<p>B\u0103rbatul de 32 de ani a fost condus la Spitalul Municipal Vatra Dornei pentru recoltarea probelor biologice de s\u00e2nge. \u00cen baza probatoriului administrat, procurorul a dispus re\u021binerea sa pentru 24 de ore, suspectul fiind escortat \u0219i introdus \u00een Centrul de Re\u021binere \u0219i Arest Preventiv al Inspectoratului de Poli\u021bie Jude\u021bean Suceava.<\/p>\n<p>Acesta urmeaz\u0103 s\u0103 fie prezentat Parchetului de pe l\u00e2ng\u0103 Judec\u0103toria Vatra Dornei pentru luarea unei noi m\u0103suri preventive.<\/p>\n<p>\u00cen cauz\u0103 a fost \u00eentocmit dosar penal pentru s\u0103v\u00e2r\u0219irea mai multor infrac\u021biuni: conducerea unui vehicul f\u0103r\u0103 permis, conducerea sub influen\u021ba alcoolului, conducerea unui autovehicul ne\u00eenmatriculat, conducerea cu num\u0103r fals de \u00eenmatriculare \u0219i \u00eencredin\u021barea unui vehicul unei persoane care nu de\u021bine permis \u0219i se afl\u0103 sub influen\u021ba alcoolului.<\/p>\n<p>Cercet\u0103rile continu\u0103 sub coordonarea Parchetului de pe l\u00e2ng\u0103 Judec\u0103toria Vatra Dornei.<\/p>\n<figure class=\"wp-block-embed is-type-video is-provider-youtube wp-block-embed-youtube wp-embed-aspect-16-9 wp-has-aspect-ratio\">\n<div class=\"wp-block-embed__wrapper\">\n<div class=\"youtube-embed\" data-video_id=\"mc2YHXWTl7g\"><iframe loading=\"lazy\" title=\"Faleza e aproape gata- Poftim \u00een Republica R\u0103d\u0103u\u021bi: Mesopotamia d\u0103 cafeaua!\" width=\"696\" height=\"392\" src=\"https:\/\/www.youtube.com\/embed\/mc2YHXWTl7g?feature=oembed&amp;enablejsapi=1\" frameborder allow=\"accelerometer; autoplay; clipboard-write; encrypted-media; gyroscope; picture-in-picture; web-share\" referrerpolicy=\"strict-origin-when-cross-origin\" allowfullscreen><\/iframe><\/div>\n<\/div>\n<\/figure>\n<div class=\"td-a-rec td-a-rec-id-content_bottom  tdi_4 td_block_template_1\"><strong>Intr\u0103 acum \u0219i \u00een grupul de <\/p>\n<div class=\"wp-block-button\"><a class=\"wp-block-button__link wp-element-button\" href=\"https:\/\/t.me\/+TH8wcfnp8fw5NWI0\">Telegram News Bucovina<\/a><\/div>\n<p><\/strong><\/div>\n<\/div>\n<p>[analyse_source url=&#8221;https:\/\/www.newsbucovina.ro\/social\/436171\/barbat-fara-permis-baut-si-cu-numar-fals-de-inmatriculare-a-provocat-un-accident-la-vatra-dornei-a-fost-retinut-pentru-24-de-ore&#8221;]<\/p>\n","protected":false},"excerpt":{"rendered":"<p>[analyse_image type=&#8221;featured&#8221; src=&#8221;https:\/\/www.newsbucovina.ro\/wp-content\/uploads\/2026\/03\/politie-2.jpeghttps:\/\/cdn.newsbucovina.ro\/wp-content\/uploads\/2026\/03\/politie-2.jpeg&#8221;] Intr\u0103 acum \u0219i \u00een grupul de Telegram News Bucovina Un incident rutier provocat de un \u0219ofer f\u0103r\u0103 permis de conducere \u0219i aflat sub influen\u021ba alcoolului a avut loc luni, 13 aprilie 2026, \u00een municipiul Vatra Dornei. Poli\u021bia Municipiului Vatra Dornei a fost sesizat\u0103 prin 112 \u00een jurul orei 16:55 cu privire la [&hellip;]<\/p>\n","protected":false},"author":1,"featured_media":0,"comment_status":"open","ping_status":"","sticky":false,"template":"","format":"standard","meta":{"footnotes":""},"categories":[89],"tags":[226,165],"class_list":["post-1882160","post","type-post","status-publish","format-standard","hentry","category-romania","tag-crawlmanager","tag-newsbucovina-ro"],"_links":{"self":[{"href":"https:\/\/analyse.optim.biz\/index.php?rest_route=\/wp\/v2\/posts\/1882160","targetHints":{"allow":["GET"]}}],"collection":[{"href":"https:\/\/analyse.optim.biz\/index.php?rest_route=\/wp\/v2\/posts"}],"about":[{"href":"https:\/\/analyse.optim.biz\/index.php?rest_route=\/wp\/v2\/types\/post"}],"author":[{"embeddable":true,"href":"https:\/\/analyse.optim.biz\/index.php?rest_route=\/wp\/v2\/users\/1"}],"replies":[{"embeddable":true,"href":"https:\/\/analyse.optim.biz\/index.php?rest_route=%2Fwp%2Fv2%2Fcomments&post=1882160"}],"version-history":[{"count":0,"href":"https:\/\/analyse.optim.biz\/index.php?rest_route=\/wp\/v2\/posts\/1882160\/revisions"}],"wp:attachment":[{"href":"https:\/\/analyse.optim.biz\/index.php?rest_route=%2Fwp%2Fv2%2Fmedia&parent=1882160"}],"wp:term":[{"taxonomy":"category","embeddable":true,"href":"https:\/\/analyse.optim.biz\/index.php?rest_route=%2Fwp%2Fv2%2Fcategories&post=1882160"},{"taxonomy":"post_tag","embeddable":true,"href":"https:\/\/analyse.optim.biz\/index.php?rest_route=%2Fwp%2Fv2%2Ftags&post=1882160"}],"curies":[{"name":"wp","href":"https:\/\/api.w.org\/{rel}","templated":true}]}}