{"id":1882158,"date":"2026-04-14T10:56:00","date_gmt":"2026-04-14T07:56:00","guid":{"rendered":"https:\/\/analyse.optim.biz\/?p=1882158"},"modified":"2026-04-14T10:56:00","modified_gmt":"2026-04-14T07:56:00","slug":"ucrainean-prins-la-ptf-siret-cu-o-bicicleta-furata-din-germania-valoarea-bunului-aproximativ-4-500-de-lei","status":"publish","type":"post","link":"https:\/\/analyse.optim.biz\/?p=1882158","title":{"rendered":"Ucrainean prins la PTF Siret cu o biciclet\u0103 furat\u0103 din Germania. Valoarea bunului \u2013 aproximativ 4.500 de lei"},"content":{"rendered":"<p>[analyse_image type=&#8221;featured&#8221; src=&#8221;https:\/\/www.newsbucovina.ro\/wp-content\/uploads\/2025\/12\/frontiera-pasaport-ptf.jpghttps:\/\/cdn.newsbucovina.ro\/wp-content\/uploads\/2025\/12\/frontiera-pasaport-ptf.jpg&#8221;]<\/p>\n<div class=\"td-post-content tagdiv-type\">\n<div class=\"td-a-rec td-a-rec-id-content_top  tdi_3 td_block_template_1\"><strong>Intr\u0103 acum \u0219i \u00een grupul de <\/p>\n<div class=\"wp-block-button\"><a class=\"wp-block-button__link wp-element-button\" href=\"https:\/\/t.me\/+TH8wcfnp8fw5NWI0\">Telegram News Bucovina<\/a><\/div>\n<p><\/strong><\/div>\n<p>Un nou caz de t\u0103inuire a unui bun furat este anchetat de poli\u021bi\u0219tii de frontier\u0103 \u00een Punctul de Trecere a Frontierei Siret.<\/p>\n<figure class=\"wp-block-image size-large\"><a href=\"https:\/\/cdn.newsbucovina.ro\/wp-content\/uploads\/2025\/12\/frontiera-pasaport-ptf.jpg\"><img loading=\"lazy\" decoding=\"async\" width=\"1024\" height=\"614\" src=\"https:\/\/cdn.newsbucovina.ro\/wp-content\/uploads\/2025\/12\/frontiera-pasaport-ptf-1024x614.jpg\" alt class=\"wp-image-428252\"><\/a><\/figure>\n<p>Potrivit ITPF Sighetu Marma\u021biei incidentul a avut loc \u00een minivacan\u021ba de Pa\u0219te, c\u00e2nd un b\u0103rbat \u00een v\u00e2rst\u0103 de 51 de ani, cu cet\u0103\u021benie rom\u00e2n\u0103 \u0219i ucrainean\u0103, s-a prezentat la controlul de frontier\u0103 conduc\u00e2nd un autovehicul \u00eenmatriculat \u00een Ucraina.<\/p>\n<p>\u00cen timpul verific\u0103rilor efectuate de poli\u021bi\u0219tii de frontier\u0103, cu sprijinul ofi\u021berilor Frontex deta\u0219a\u021bi \u00een PTF Siret, a fost descoperit\u0103 \u00een autovehicul o biciclet\u0103 pentru care conduc\u0103torul auto nu a putut prezenta niciun document de provenien\u021b\u0103.<\/p>\n<p>Verific\u0103rile suplimentare au stabilit c\u0103 bicicleta figureaz\u0103 ca fiind furat\u0103 din Germania, alert\u0103 introdus\u0103 \u00een baza de date de autorit\u0103\u021bile germane \u00eenc\u0103 din ianuarie 2024.<\/p>\n<p>Bicicleta, evaluat\u0103 la aproximativ 4.500 de lei, a fost ridicat\u0103 de poli\u021bi\u0219tii de frontier\u0103 \u00een vederea continu\u0103rii cercet\u0103rilor. \u00cen cauz\u0103 a fost \u00eentocmit dosar penal sub aspectul s\u0103v\u00e2r\u0219irii infrac\u021biunii de t\u0103inuire, urm\u00e2nd ca la finalul anchetei s\u0103 fie dispuse m\u0103surile legale ce se impun.<\/p>\n<figure class=\"wp-block-embed is-type-video is-provider-youtube wp-block-embed-youtube wp-embed-aspect-16-9 wp-has-aspect-ratio\">\n<div class=\"wp-block-embed__wrapper\">\n<div class=\"youtube-embed\" data-video_id=\"mc2YHXWTl7g\"><iframe loading=\"lazy\" title=\"Faleza e aproape gata- Poftim \u00een Republica R\u0103d\u0103u\u021bi: Mesopotamia d\u0103 cafeaua!\" width=\"696\" height=\"392\" src=\"https:\/\/www.youtube.com\/embed\/mc2YHXWTl7g?feature=oembed&amp;enablejsapi=1\" frameborder allow=\"accelerometer; autoplay; clipboard-write; encrypted-media; gyroscope; picture-in-picture; web-share\" referrerpolicy=\"strict-origin-when-cross-origin\" allowfullscreen><\/iframe><\/div>\n<\/div>\n<\/figure>\n<div class=\"td-a-rec td-a-rec-id-content_bottom  tdi_4 td_block_template_1\"><strong>Intr\u0103 acum \u0219i \u00een grupul de <\/p>\n<div class=\"wp-block-button\"><a class=\"wp-block-button__link wp-element-button\" href=\"https:\/\/t.me\/+TH8wcfnp8fw5NWI0\">Telegram News Bucovina<\/a><\/div>\n<p><\/strong><\/div>\n<\/div>\n<div class=\"td-post-content tagdiv-type\">\n<div class=\"td-a-rec td-a-rec-id-content_top  tdi_3 td_block_template_1\"><strong>Intr\u0103 acum \u0219i \u00een grupul de <\/p>\n<div class=\"wp-block-button\"><a class=\"wp-block-button__link wp-element-button\" href=\"https:\/\/t.me\/+TH8wcfnp8fw5NWI0\">Telegram News Bucovina<\/a><\/div>\n<p><\/strong><\/div>\n<p>Un nou caz de t\u0103inuire a unui bun furat este anchetat de poli\u021bi\u0219tii de frontier\u0103 \u00een Punctul de Trecere a Frontierei Siret.<\/p>\n<figure class=\"wp-block-image size-large\"><a href=\"https:\/\/cdn.newsbucovina.ro\/wp-content\/uploads\/2025\/12\/frontiera-pasaport-ptf.jpg\"><img loading=\"lazy\" decoding=\"async\" width=\"1024\" height=\"614\" src=\"https:\/\/cdn.newsbucovina.ro\/wp-content\/uploads\/2025\/12\/frontiera-pasaport-ptf-1024x614.jpg\" alt class=\"wp-image-428252\"><\/a><\/figure>\n<p>Potrivit ITPF Sighetu Marma\u021biei incidentul a avut loc \u00een minivacan\u021ba de Pa\u0219te, c\u00e2nd un b\u0103rbat \u00een v\u00e2rst\u0103 de 51 de ani, cu cet\u0103\u021benie rom\u00e2n\u0103 \u0219i ucrainean\u0103, s-a prezentat la controlul de frontier\u0103 conduc\u00e2nd un autovehicul \u00eenmatriculat \u00een Ucraina.<\/p>\n<p>\u00cen timpul verific\u0103rilor efectuate de poli\u021bi\u0219tii de frontier\u0103, cu sprijinul ofi\u021berilor Frontex deta\u0219a\u021bi \u00een PTF Siret, a fost descoperit\u0103 \u00een autovehicul o biciclet\u0103 pentru care conduc\u0103torul auto nu a putut prezenta niciun document de provenien\u021b\u0103.<\/p>\n<p>Verific\u0103rile suplimentare au stabilit c\u0103 bicicleta figureaz\u0103 ca fiind furat\u0103 din Germania, alert\u0103 introdus\u0103 \u00een baza de date de autorit\u0103\u021bile germane \u00eenc\u0103 din ianuarie 2024.<\/p>\n<p>Bicicleta, evaluat\u0103 la aproximativ 4.500 de lei, a fost ridicat\u0103 de poli\u021bi\u0219tii de frontier\u0103 \u00een vederea continu\u0103rii cercet\u0103rilor. \u00cen cauz\u0103 a fost \u00eentocmit dosar penal sub aspectul s\u0103v\u00e2r\u0219irii infrac\u021biunii de t\u0103inuire, urm\u00e2nd ca la finalul anchetei s\u0103 fie dispuse m\u0103surile legale ce se impun.<\/p>\n<figure class=\"wp-block-embed is-type-video is-provider-youtube wp-block-embed-youtube wp-embed-aspect-16-9 wp-has-aspect-ratio\">\n<div class=\"wp-block-embed__wrapper\">\n<div class=\"youtube-embed\" data-video_id=\"mc2YHXWTl7g\"><iframe loading=\"lazy\" title=\"Faleza e aproape gata- Poftim \u00een Republica R\u0103d\u0103u\u021bi: Mesopotamia d\u0103 cafeaua!\" width=\"696\" height=\"392\" src=\"https:\/\/www.youtube.com\/embed\/mc2YHXWTl7g?feature=oembed&amp;enablejsapi=1\" frameborder allow=\"accelerometer; autoplay; clipboard-write; encrypted-media; gyroscope; picture-in-picture; web-share\" referrerpolicy=\"strict-origin-when-cross-origin\" allowfullscreen><\/iframe><\/div>\n<\/div>\n<\/figure>\n<div class=\"td-a-rec td-a-rec-id-content_bottom  tdi_4 td_block_template_1\"><strong>Intr\u0103 acum \u0219i \u00een grupul de <\/p>\n<div class=\"wp-block-button\"><a class=\"wp-block-button__link wp-element-button\" href=\"https:\/\/t.me\/+TH8wcfnp8fw5NWI0\">Telegram News Bucovina<\/a><\/div>\n<p><\/strong><\/div>\n<\/div>\n<p>[analyse_source url=&#8221;https:\/\/www.newsbucovina.ro\/social\/436166\/ucrainean-prins-la-ptf-siret-cu-o-bicicleta-furata-din-germania-valoarea-bunului-aproximativ-4-500-de-lei&#8221;]<\/p>\n","protected":false},"excerpt":{"rendered":"<p>[analyse_image type=&#8221;featured&#8221; src=&#8221;https:\/\/www.newsbucovina.ro\/wp-content\/uploads\/2025\/12\/frontiera-pasaport-ptf.jpghttps:\/\/cdn.newsbucovina.ro\/wp-content\/uploads\/2025\/12\/frontiera-pasaport-ptf.jpg&#8221;] Intr\u0103 acum \u0219i \u00een grupul de Telegram News Bucovina Un nou caz de t\u0103inuire a unui bun furat este anchetat de poli\u021bi\u0219tii de frontier\u0103 \u00een Punctul de Trecere a Frontierei Siret. Potrivit ITPF Sighetu Marma\u021biei incidentul a avut loc \u00een minivacan\u021ba de Pa\u0219te, c\u00e2nd un b\u0103rbat \u00een v\u00e2rst\u0103 de 51 de ani, [&hellip;]<\/p>\n","protected":false},"author":1,"featured_media":0,"comment_status":"open","ping_status":"","sticky":false,"template":"","format":"standard","meta":{"footnotes":""},"categories":[89],"tags":[226,165],"class_list":["post-1882158","post","type-post","status-publish","format-standard","hentry","category-romania","tag-crawlmanager","tag-newsbucovina-ro"],"_links":{"self":[{"href":"https:\/\/analyse.optim.biz\/index.php?rest_route=\/wp\/v2\/posts\/1882158","targetHints":{"allow":["GET"]}}],"collection":[{"href":"https:\/\/analyse.optim.biz\/index.php?rest_route=\/wp\/v2\/posts"}],"about":[{"href":"https:\/\/analyse.optim.biz\/index.php?rest_route=\/wp\/v2\/types\/post"}],"author":[{"embeddable":true,"href":"https:\/\/analyse.optim.biz\/index.php?rest_route=\/wp\/v2\/users\/1"}],"replies":[{"embeddable":true,"href":"https:\/\/analyse.optim.biz\/index.php?rest_route=%2Fwp%2Fv2%2Fcomments&post=1882158"}],"version-history":[{"count":0,"href":"https:\/\/analyse.optim.biz\/index.php?rest_route=\/wp\/v2\/posts\/1882158\/revisions"}],"wp:attachment":[{"href":"https:\/\/analyse.optim.biz\/index.php?rest_route=%2Fwp%2Fv2%2Fmedia&parent=1882158"}],"wp:term":[{"taxonomy":"category","embeddable":true,"href":"https:\/\/analyse.optim.biz\/index.php?rest_route=%2Fwp%2Fv2%2Fcategories&post=1882158"},{"taxonomy":"post_tag","embeddable":true,"href":"https:\/\/analyse.optim.biz\/index.php?rest_route=%2Fwp%2Fv2%2Ftags&post=1882158"}],"curies":[{"name":"wp","href":"https:\/\/api.w.org\/{rel}","templated":true}]}}