{"id":1882151,"date":"2026-04-14T11:42:27","date_gmt":"2026-04-14T08:42:27","guid":{"rendered":"https:\/\/analyse.optim.biz\/?p=1882151"},"modified":"2026-04-14T11:42:27","modified_gmt":"2026-04-14T08:42:27","slug":"furt-la-falticeni-hotii-au-intrat-printr-un-geam-rabatat-si-au-sustras-bani-din-casa-fara-sa-lase-urme-de-ravasire","status":"publish","type":"post","link":"https:\/\/analyse.optim.biz\/?p=1882151","title":{"rendered":"Furt la F\u0103lticeni: Ho\u021bii au intrat printr-un geam rabatat \u0219i au sustras bani din cas\u0103 f\u0103r\u0103 s\u0103 lase urme de r\u0103v\u0103\u0219ire"},"content":{"rendered":"<p>[analyse_image type=&#8221;featured&#8221; src=&#8221;https:\/\/www.newsbucovina.ro\/wp-content\/uploads\/2023\/07\/furt-noaptea-pixabay.jpghttps:\/\/cdn.newsbucovina.ro\/wp-content\/uploads\/2023\/07\/furt-noaptea-pixabay.jpg&#8221;]<\/p>\n<div class=\"td-post-content tagdiv-type\">\n<div class=\"td-a-rec td-a-rec-id-content_top  tdi_3 td_block_template_1\"><strong>Intr\u0103 acum \u0219i \u00een grupul de <\/p>\n<div class=\"wp-block-button\"><a class=\"wp-block-button__link wp-element-button\" href=\"https:\/\/t.me\/+TH8wcfnp8fw5NWI0\">Telegram News Bucovina<\/a><\/div>\n<p><\/strong><\/div>\n<p>Poli\u021bia Municipiului F\u0103lticeni a fost sesizat\u0103 duminic\u0103, 12 aprilie 2026, \u00een jurul orei 11:00, de un b\u0103rbat care a reclamat c\u0103 i-a fost furat\u0103 o sum\u0103 de bani din propria locuin\u021b\u0103.<\/p>\n<figure class=\"wp-block-image size-large\"><a href=\"https:\/\/cdn.newsbucovina.ro\/wp-content\/uploads\/2023\/07\/furt-noaptea-pixabay.jpg\"><img loading=\"lazy\" decoding=\"async\" width=\"1024\" height=\"683\" src=\"https:\/\/cdn.newsbucovina.ro\/wp-content\/uploads\/2023\/07\/furt-noaptea-pixabay-1024x683.jpg.webp\" alt class=\"wp-image-366789\"><\/a><\/figure>\n<p>Potrivit cercet\u0103rilor efectuate de poli\u021bi\u0219ti, proprietarul locuin\u021bei fusese plecat \u0219i s-a \u00eentors acas\u0103 \u00een cursul dimine\u021bii. Ini\u021bial, nu a observat nimic suspect. Abia \u00een jurul orei 10:45, so\u021bii au remarcat urme de noroi pe covorul din living, ceea ce i-a alertat.<\/p>\n<p>Verific\u00e2nd casa, au constatat c\u0103 cineva p\u0103trunsese \u00een interior prin for\u021barea unui geam de la buc\u0103t\u0103rie, pe care obi\u0219nuiau s\u0103-l lase deschis \u00een pozi\u021bia rabatat. Dintr-o agend\u0103 \u0219i dintr-un dulap au disp\u0103rut bani, \u00eens\u0103 victimele nu au putut preciza cu exactitate sumele sustrase \u0219i nici nu au indicat eventuale persoane suspecte.<\/p>\n<p>\u00cen interiorul locuin\u021bei nu au fost identificate urme de r\u0103v\u0103\u0219ire sau alte semne vizibile.<\/p>\n<p>\u00cen cauz\u0103 a fost \u00eentocmit dosar penal sub aspectul s\u0103v\u00e2r\u0219irii infrac\u021biunii de \u201efurt calificat\u201d. Cercet\u0103rile sunt continuate de lucr\u0103torii Biroului de Investiga\u021bii Criminale din cadrul Poli\u021biei Municipiului F\u0103lticeni.<\/p>\n<figure class=\"wp-block-embed is-type-video is-provider-youtube wp-block-embed-youtube wp-embed-aspect-16-9 wp-has-aspect-ratio\">\n<div class=\"wp-block-embed__wrapper\">\n<div class=\"youtube-embed\" data-video_id=\"mc2YHXWTl7g\"><iframe loading=\"lazy\" title=\"Faleza e aproape gata- Poftim \u00een Republica R\u0103d\u0103u\u021bi: Mesopotamia d\u0103 cafeaua!\" width=\"696\" height=\"392\" src=\"https:\/\/www.youtube.com\/embed\/mc2YHXWTl7g?feature=oembed&amp;enablejsapi=1\" frameborder allow=\"accelerometer; autoplay; clipboard-write; encrypted-media; gyroscope; picture-in-picture; web-share\" referrerpolicy=\"strict-origin-when-cross-origin\" allowfullscreen><\/iframe><\/div>\n<\/div>\n<\/figure>\n<div class=\"td-a-rec td-a-rec-id-content_bottom  tdi_4 td_block_template_1\"><strong>Intr\u0103 acum \u0219i \u00een grupul de <\/p>\n<div class=\"wp-block-button\"><a class=\"wp-block-button__link wp-element-button\" href=\"https:\/\/t.me\/+TH8wcfnp8fw5NWI0\">Telegram News Bucovina<\/a><\/div>\n<p><\/strong><\/div>\n<\/div>\n<div class=\"td-post-content tagdiv-type\">\n<div class=\"td-a-rec td-a-rec-id-content_top  tdi_3 td_block_template_1\"><strong>Intr\u0103 acum \u0219i \u00een grupul de <\/p>\n<div class=\"wp-block-button\"><a class=\"wp-block-button__link wp-element-button\" href=\"https:\/\/t.me\/+TH8wcfnp8fw5NWI0\">Telegram News Bucovina<\/a><\/div>\n<p><\/strong><\/div>\n<p>Poli\u021bia Municipiului F\u0103lticeni a fost sesizat\u0103 duminic\u0103, 12 aprilie 2026, \u00een jurul orei 11:00, de un b\u0103rbat care a reclamat c\u0103 i-a fost furat\u0103 o sum\u0103 de bani din propria locuin\u021b\u0103.<\/p>\n<figure class=\"wp-block-image size-large\"><a href=\"https:\/\/cdn.newsbucovina.ro\/wp-content\/uploads\/2023\/07\/furt-noaptea-pixabay.jpg\"><img loading=\"lazy\" decoding=\"async\" width=\"1024\" height=\"683\" src=\"https:\/\/cdn.newsbucovina.ro\/wp-content\/uploads\/2023\/07\/furt-noaptea-pixabay-1024x683.jpg.webp\" alt class=\"wp-image-366789\"><\/a><\/figure>\n<p>Potrivit cercet\u0103rilor efectuate de poli\u021bi\u0219ti, proprietarul locuin\u021bei fusese plecat \u0219i s-a \u00eentors acas\u0103 \u00een cursul dimine\u021bii. Ini\u021bial, nu a observat nimic suspect. Abia \u00een jurul orei 10:45, so\u021bii au remarcat urme de noroi pe covorul din living, ceea ce i-a alertat.<\/p>\n<p>Verific\u00e2nd casa, au constatat c\u0103 cineva p\u0103trunsese \u00een interior prin for\u021barea unui geam de la buc\u0103t\u0103rie, pe care obi\u0219nuiau s\u0103-l lase deschis \u00een pozi\u021bia rabatat. Dintr-o agend\u0103 \u0219i dintr-un dulap au disp\u0103rut bani, \u00eens\u0103 victimele nu au putut preciza cu exactitate sumele sustrase \u0219i nici nu au indicat eventuale persoane suspecte.<\/p>\n<p>\u00cen interiorul locuin\u021bei nu au fost identificate urme de r\u0103v\u0103\u0219ire sau alte semne vizibile.<\/p>\n<p>\u00cen cauz\u0103 a fost \u00eentocmit dosar penal sub aspectul s\u0103v\u00e2r\u0219irii infrac\u021biunii de \u201efurt calificat\u201d. Cercet\u0103rile sunt continuate de lucr\u0103torii Biroului de Investiga\u021bii Criminale din cadrul Poli\u021biei Municipiului F\u0103lticeni.<\/p>\n<figure class=\"wp-block-embed is-type-video is-provider-youtube wp-block-embed-youtube wp-embed-aspect-16-9 wp-has-aspect-ratio\">\n<div class=\"wp-block-embed__wrapper\">\n<div class=\"youtube-embed\" data-video_id=\"mc2YHXWTl7g\"><iframe loading=\"lazy\" title=\"Faleza e aproape gata- Poftim \u00een Republica R\u0103d\u0103u\u021bi: Mesopotamia d\u0103 cafeaua!\" width=\"696\" height=\"392\" src=\"https:\/\/www.youtube.com\/embed\/mc2YHXWTl7g?feature=oembed&amp;enablejsapi=1\" frameborder allow=\"accelerometer; autoplay; clipboard-write; encrypted-media; gyroscope; picture-in-picture; web-share\" referrerpolicy=\"strict-origin-when-cross-origin\" allowfullscreen><\/iframe><\/div>\n<\/div>\n<\/figure>\n<div class=\"td-a-rec td-a-rec-id-content_bottom  tdi_4 td_block_template_1\"><strong>Intr\u0103 acum \u0219i \u00een grupul de <\/p>\n<div class=\"wp-block-button\"><a class=\"wp-block-button__link wp-element-button\" href=\"https:\/\/t.me\/+TH8wcfnp8fw5NWI0\">Telegram News Bucovina<\/a><\/div>\n<p><\/strong><\/div>\n<\/div>\n<p>[analyse_source url=&#8221;https:\/\/www.newsbucovina.ro\/social\/436185\/furt-la-falticeni-hotii-au-intrat-printr-un-geam-rabatat-si-au-sustras-bani-din-casa-fara-sa-lase-urme-de-ravasire&#8221;]<\/p>\n","protected":false},"excerpt":{"rendered":"<p>[analyse_image type=&#8221;featured&#8221; src=&#8221;https:\/\/www.newsbucovina.ro\/wp-content\/uploads\/2023\/07\/furt-noaptea-pixabay.jpghttps:\/\/cdn.newsbucovina.ro\/wp-content\/uploads\/2023\/07\/furt-noaptea-pixabay.jpg&#8221;] Intr\u0103 acum \u0219i \u00een grupul de Telegram News Bucovina Poli\u021bia Municipiului F\u0103lticeni a fost sesizat\u0103 duminic\u0103, 12 aprilie 2026, \u00een jurul orei 11:00, de un b\u0103rbat care a reclamat c\u0103 i-a fost furat\u0103 o sum\u0103 de bani din propria locuin\u021b\u0103. Potrivit cercet\u0103rilor efectuate de poli\u021bi\u0219ti, proprietarul locuin\u021bei fusese plecat \u0219i s-a \u00eentors [&hellip;]<\/p>\n","protected":false},"author":1,"featured_media":0,"comment_status":"open","ping_status":"","sticky":false,"template":"","format":"standard","meta":{"footnotes":""},"categories":[89],"tags":[226,165],"class_list":["post-1882151","post","type-post","status-publish","format-standard","hentry","category-romania","tag-crawlmanager","tag-newsbucovina-ro"],"_links":{"self":[{"href":"https:\/\/analyse.optim.biz\/index.php?rest_route=\/wp\/v2\/posts\/1882151","targetHints":{"allow":["GET"]}}],"collection":[{"href":"https:\/\/analyse.optim.biz\/index.php?rest_route=\/wp\/v2\/posts"}],"about":[{"href":"https:\/\/analyse.optim.biz\/index.php?rest_route=\/wp\/v2\/types\/post"}],"author":[{"embeddable":true,"href":"https:\/\/analyse.optim.biz\/index.php?rest_route=\/wp\/v2\/users\/1"}],"replies":[{"embeddable":true,"href":"https:\/\/analyse.optim.biz\/index.php?rest_route=%2Fwp%2Fv2%2Fcomments&post=1882151"}],"version-history":[{"count":0,"href":"https:\/\/analyse.optim.biz\/index.php?rest_route=\/wp\/v2\/posts\/1882151\/revisions"}],"wp:attachment":[{"href":"https:\/\/analyse.optim.biz\/index.php?rest_route=%2Fwp%2Fv2%2Fmedia&parent=1882151"}],"wp:term":[{"taxonomy":"category","embeddable":true,"href":"https:\/\/analyse.optim.biz\/index.php?rest_route=%2Fwp%2Fv2%2Fcategories&post=1882151"},{"taxonomy":"post_tag","embeddable":true,"href":"https:\/\/analyse.optim.biz\/index.php?rest_route=%2Fwp%2Fv2%2Ftags&post=1882151"}],"curies":[{"name":"wp","href":"https:\/\/api.w.org\/{rel}","templated":true}]}}