{"id":188212,"date":"2015-01-16T00:36:00","date_gmt":"2015-01-15T21:36:00","guid":{"rendered":"https:\/\/analyse.optim.biz\/?p=188212"},"modified":"2015-01-16T00:36:00","modified_gmt":"2015-01-15T21:36:00","slug":"liviu-dragnea-nu-e-nevoie-de-congres-pentru-reformarea-psd","status":"publish","type":"post","link":"https:\/\/analyse.optim.biz\/?p=188212","title":{"rendered":"Liviu Dragnea: Nu e nevoie de congres pentru reformarea PSD"},"content":{"rendered":"<div class=\"entry data-app-meta data-app-meta-article\" data-embed-base-url-canonical=\"https:\/\/www.digi24.ro\/embed\/stiri\/actualitate\/politica\/liviu-dragnea-nu-e-nevoie-de-congres-pentru-reformarea-psd-347787\">\n<p data-index=\"1\">\u201e<span>Nu exist\u0103 o tensiune \u00een PSD pentru c\u0103 nu e vorba de tensiuni, este vorba de voin\u021ba \u00eentregului partid, ca \u00een martie, la Consiliul Na\u021bional, s\u0103 venim cu proiectul politic al partidului pentru 2015-2016 \u0219i cu propuneri de modificare a statutului. Congres? Asta vom stabili la Consiliul Na\u021bional. Pot fi decizii asumate, care pot fi puse \u00een practic\u0103 f\u0103r\u0103 ca statutul s\u0103 fie \u00een mod legal \u0219i procedural adoptat, p\u00e2n\u0103 la urm\u0103 este vorba de o decizie asumat\u0103 la nivelul partidului\u201d, a spus Liviu Dragnea.<\/span><\/p>\n<\/div>\n<p> Source URL: https:\/\/www.digi24.ro\/stiri\/actualitate\/politica\/liviu-dragnea-nu-e-nevoie-de-congres-pentru-reformarea-psd-347787<\/p>\n","protected":false},"excerpt":{"rendered":"<p>\u201eNu exist\u0103 o tensiune \u00een PSD pentru c\u0103 nu e vorba de tensiuni, este vorba de voin\u021ba \u00eentregului partid, ca \u00een martie, la Consiliul Na\u021bional, s\u0103 venim cu proiectul politic al partidului pentru 2015-2016 \u0219i cu propuneri de modificare a statutului. Congres? Asta vom stabili la Consiliul Na\u021bional. Pot fi decizii asumate, care pot fi [&hellip;]<\/p>\n","protected":false},"author":1,"featured_media":188213,"comment_status":"open","ping_status":"","sticky":false,"template":"","format":"standard","meta":{"footnotes":""},"categories":[2],"tags":[11],"class_list":["post-188212","post","type-post","status-publish","format-standard","has-post-thumbnail","hentry","category-politics","tag-digi24"],"_links":{"self":[{"href":"https:\/\/analyse.optim.biz\/index.php?rest_route=\/wp\/v2\/posts\/188212","targetHints":{"allow":["GET"]}}],"collection":[{"href":"https:\/\/analyse.optim.biz\/index.php?rest_route=\/wp\/v2\/posts"}],"about":[{"href":"https:\/\/analyse.optim.biz\/index.php?rest_route=\/wp\/v2\/types\/post"}],"author":[{"embeddable":true,"href":"https:\/\/analyse.optim.biz\/index.php?rest_route=\/wp\/v2\/users\/1"}],"replies":[{"embeddable":true,"href":"https:\/\/analyse.optim.biz\/index.php?rest_route=%2Fwp%2Fv2%2Fcomments&post=188212"}],"version-history":[{"count":0,"href":"https:\/\/analyse.optim.biz\/index.php?rest_route=\/wp\/v2\/posts\/188212\/revisions"}],"wp:featuredmedia":[{"embeddable":true,"href":"https:\/\/analyse.optim.biz\/index.php?rest_route=\/wp\/v2\/media\/188213"}],"wp:attachment":[{"href":"https:\/\/analyse.optim.biz\/index.php?rest_route=%2Fwp%2Fv2%2Fmedia&parent=188212"}],"wp:term":[{"taxonomy":"category","embeddable":true,"href":"https:\/\/analyse.optim.biz\/index.php?rest_route=%2Fwp%2Fv2%2Fcategories&post=188212"},{"taxonomy":"post_tag","embeddable":true,"href":"https:\/\/analyse.optim.biz\/index.php?rest_route=%2Fwp%2Fv2%2Ftags&post=188212"}],"curies":[{"name":"wp","href":"https:\/\/api.w.org\/{rel}","templated":true}]}}