{"id":1881957,"date":"2026-04-01T02:26:00","date_gmt":"2026-03-31T23:26:00","guid":{"rendered":"https:\/\/analyse.optim.biz\/?p=1881957"},"modified":"2026-04-01T02:26:00","modified_gmt":"2026-03-31T23:26:00","slug":"lode-a-la-mere-et-a-la-feminite-de-mario-banushi-aux-ateliers-berthier","status":"publish","type":"post","link":"https:\/\/analyse.optim.biz\/?p=1881957","title":{"rendered":"L\u2019ode \u00e0 la m\u00e8re et \u00e0 la f\u00e9minit\u00e9 de Mario Banushi aux Ateliers Berthier"},"content":{"rendered":"<div class=\"entry-content\">\n<section class=\"single-header padding-top-s\">\n<div class=\"container\">\n<div class=\"row justify-content-between\">\n<div class=\"col-lg-9 col-xl-8\">\n<div class=\"video-container\">\n\t\t\t\t\t\t\t\t\t\t\t\t\t<\/div>\n<div class=\"container-img desktop\">\n\t\t\t\t\t\t\t\t<img decoding=\"async\" width=\"640\" height=\"427\" src=\"https:\/\/numero.com\/wp-content\/uploads\/2026\/04\/Mario-Banushi_Mami%C2%A9Andreas-Simopoulos-for-Onassis-StegiDSC04469-768x512.jpg\" class=\"img-fluid\" alt=\"Pi\u00e8ce de th\u00e9\u00e2tre Mami, Mario Banushi aux Ateliers Berthier\" loading=\"lazy\">\t\t\t\t\t\t\t\t<\/p>\n<p class=\"number big\">14<\/p>\n<\/p><\/div>\n<div class=\"container-img mobile\">\n\t\t\t\t\t\t\t\t<img decoding=\"async\" width=\"640\" height=\"800\" src=\"https:\/\/numero.com\/wp-content\/uploads\/2026\/04\/Mami-Rehearsal-Stegi%C2%A9Andreas-Simopoulos-for-Onassis-StegiDSC03300_EDITED-768x960.jpg\" class=\"img-fluid\" alt=\"Pi\u00e8ce de th\u00e9\u00e2tre Mami, Mario Banushi aux Ateliers Berthier\" loading=\"lazy\">\t\t\t\t\t\t\t\t<\/p>\n<p class=\"number big\">14<\/p>\n<\/p><\/div>\n<\/p><\/div>\n<div class=\"col col-lg-3 col-xl-4 desktop\">\n<div class=\"ad grand-angle desktop\">\n    <!-- \/21730003857\/numero-ad-unit\/numero-grand-angle --><\/p>\n<div id=\"div-gpt-ad-1757063143832-0\" class=\"px-0\">\n<p>            googletag.cmd.push(function () {<br \/>\n                googletag.display(&#8216;div-gpt-ad-1757063143832-0&#8217;);<br \/>\n            });<\/p><\/div>\n<\/div><\/div>\n<\/p><\/div>\n<\/p><\/div>\n<\/section>\n<section class=\"post-content\">\n<div class=\"container\">\n<div class=\"row g-0 justify-content-between\">\n<div class=\"col-lg-9 col-xl-8 padding-top-s\">\n<p class=\"share-widget\" id=\"share-widget\"><img decoding=\"async\" src=\"https:\/\/numero.com\/wp-content\/themes\/%09%09%09understrap-child-main\/src\/public\/images\/share.svg\" alt=\"share-widget\"><\/p>\n<div class=\"share-icons\" id=\"share-icons\">\n<p class=\"copy-link\"><img decoding=\"async\" src=\"https:\/\/numero.com\/wp-content\/themes\/understrap-child-main\/src\/public\/images\/copy-link.svg\" alt=\"copy-link\"><\/p>\n<p>\t\t\t\t\t\t\t<a href=\"https:\/\/www.facebook.com\/sharer\/sharer.php?u=https:\/\/numero.com\/culture\/spectacles\/lode-a-la-mere-et-a-la-feminite-de-mario-banushi-aux-ateliers-berthier\/\" class=\"facebook\" target=\"_blank\" rel=\"noopener\"><img decoding=\"async\" src=\"https:\/\/numero.com\/wp-content\/themes\/understrap-child-main\/src\/public\/images\/facebook.svg\" alt=\"facebook\"><\/a><br \/>\n\t\t\t\t\t\t\t<a href=\"https:\/\/twitter.com\/share?url=https:\/\/numero.com\/culture\/spectacles\/lode-a-la-mere-et-a-la-feminite-de-mario-banushi-aux-ateliers-berthier\/\" class=\"twitter\" target=\"_blank\" rel=\"noopener\"><img decoding=\"async\" src=\"https:\/\/numero.com\/wp-content\/themes\/understrap-child-main\/src\/public\/images\/twitter.svg\" alt=\"twitter\"><\/a>\n\t\t\t\t\t\t<\/div>\n<p>\t\t\t\t\t\t<span class id=\"custom-tooltip\">Lien copi\u00e9<\/span><\/p>\n<div class=\"col-lg-10\">\n<div class=\"meta d-flex justify-content-between align-items-center\">\n<div class=\"cat\">\n\t\t\t\t\t\t\t\t\t<a class=\"cat-title\" href=\"https:\/\/numero.com\/category\/culture\/spectacles\/\">Spectacles<\/a>\t\t\t\t\t\t\t\t<\/div>\n<p class=\"date\">\n\t\t\t\t\t\t\t\t\t14 avr 2026\t\t\t\t\t\t\t\t<\/p>\n<\/p><\/div>\n<h1>L\u2019ode \u00e0 la m\u00e8re et \u00e0 la f\u00e9minit\u00e9 de Mario Banushi aux Ateliers Berthier<\/h1>\n<div class=\"introduction\">\n<p>Aux Ateliers Berthier de l\u2019Od\u00e9on, Mario Banushi propose avec <em data-start=\"244\" data-end=\"250\">Mami<\/em> une exp\u00e9rience th\u00e9\u00e2trale sans parole, d\u2019une puissance visuelle et \u00e9motionnelle rare. Entre clair-obscur, gestes du quotidien et symbolisme mystique, cette pi\u00e8ce, r\u00e9v\u00e9l\u00e9e au Festival d\u2019Avignon en 2025, c\u00e9l\u00e8bre la figure maternelle et la f\u00e9minit\u00e9 dans toute sa complexit\u00e9.<\/p>\n<\/div>\n<li class=\"credits d-flex\">\n<p>\n\t\t\t\t\t\t\t\t\t\t\tpar\t\t\t\t\t\t\t\t\t\t\t\t\t\t\t\t\t\t\t\t\t\t\t<a href=\"https:\/\/numero.com\/contributeur\/samuel-francois\/\">Samuel Fran\u00e7ois<\/a>.\t\t\t\t\t\t\t\t\t\t\t\t\t\t\t\t\t\t\t\t\t<\/p>\n<\/li>\n<div id=\"ads03\" class=\"mobile\">\n<div class=\"ad-wrapper\">\n<div class=\"ad interscroller desktop\">\n<\/div>\n<p><!-- \/21730003857\/numero-ad-unit\/numero-interscroller --><\/p>\n<div id=\"div-gpt-ad-1757521738078-0\">\n<p>        googletag.cmd.push(function () {<br \/>\n            googletag.display(&#8216;div-gpt-ad-1757521738078-0&#8217;);<br \/>\n        });<\/p>\n<\/div><\/div>\n<\/p><\/div>\n<p>\t\t\t\t\t\t\t&lt;!&#8211; <\/p>\n<div class=\"padding-bottom-s\">\n\t\t\t\t\t\t\t\t\t\t\t\t\t\t\t<\/div>\n<p> &#8211;&gt;<\/p>\n<figure data-wp-context='{\"imageId\":\"69de8213368ae\"}' data-wp-interactive=\"core\/image\" data-wp-key=\"69de8213368ae\" class=\"wp-block-image size-large wp-lightbox-container\"><img loading=\"lazy\" decoding=\"async\" width=\"819\" height=\"1024\" data-wp-class--hide=\"state.isContentHidden\" data-wp-class--show=\"state.isContentVisible\" data-wp-init=\"callbacks.setButtonStyles\" data-wp-on--click=\"actions.showLightbox\" data-wp-on--load=\"callbacks.setButtonStyles\" data-wp-on-window--resize=\"callbacks.setButtonStyles\" src=\"https:\/\/numero.com\/wp-content\/uploads\/2026\/04\/Mami-Rehearsal-Stegi%C2%A9Andreas-Simopoulos-for-Onassis-StegiDSC03300_EDITED-819x1024.jpg\" alt=\"Pi\u00e8ce de th\u00e9\u00e2tre Mami, Mario Banushi aux Ateliers Berthier\" class=\"wp-image-829287\"><button class=\"lightbox-trigger\" type=\"button\" aria-haspopup=\"dialog\" aria-label=\"Agrandir\" data-wp-init=\"callbacks.initTriggerButton\" data-wp-on--click=\"actions.showLightbox\" data-wp-style--right=\"state.imageButtonRight\" data-wp-style--top=\"state.imageButtonTop\"><\/p>\n<p>\t\t<\/button><figcaption class=\"wp-element-caption\"><em>Mami, <\/em>mise en sc\u00e8ne par Mario Banushi. \u00a9 Andreas Simopoulos.<\/figcaption><\/figure>\n<h2 class=\"wp-block-heading\"><em>Mami<\/em>, la r\u00e9v\u00e9lation du festival d\u2019Avignon en 2025<\/h2>\n<p>Jeune metteur en sc\u00e8ne gr\u00e9co-albanais, <strong>Mario Banushi<\/strong> pr\u00e9sente <em>Mami<\/em>, sur la sc\u00e8ne des Ateliers Berthier une pi\u00e8ce qui fut la d\u00e9couverte et la sensation du <strong>Festival d\u2019Avignon<\/strong> en 2025.<\/p>\n<p>Par <strong>sa mise en sc\u00e8ne muette,<\/strong> il invite les spectateurs \u00e0 une exp\u00e9rience \u00e0 la fois th\u00e9\u00e2trale et sensorielle, profond\u00e9ment \u00e9mouvante. Ainsi, il les immerge dans une nuit spectrale, sur un coin de terre abandonn\u00e9e, avec seul fil narratif les gestes des com\u00e9diens. Gr\u00e2ce \u00e0 <strong>une bande-son enveloppante et \u00e9vocatrice<\/strong> (des chiens aboient au loin, des cloches carillonnent, un feu d\u2019artifice gr\u00e9sille), et <strong>une mise en lumi\u00e8re parcimonieuse, mais virtuose <\/strong>(deux ampoules, les phares d\u2019un v\u00e9lo, le rougeoiement lointain d\u2019un feu d\u2019artifice), l\u2019immersion s\u2019intensifie jusqu\u2019\u00e0 devenir presque hypnotique.<\/p>\n<figure data-wp-context='{\"imageId\":\"69de821336cf8\"}' data-wp-interactive=\"core\/image\" data-wp-key=\"69de821336cf8\" class=\"wp-block-image size-large wp-lightbox-container\"><img loading=\"lazy\" decoding=\"async\" width=\"1024\" height=\"683\" data-wp-class--hide=\"state.isContentHidden\" data-wp-class--show=\"state.isContentVisible\" data-wp-init=\"callbacks.setButtonStyles\" data-wp-on--click=\"actions.showLightbox\" data-wp-on--load=\"callbacks.setButtonStyles\" data-wp-on-window--resize=\"callbacks.setButtonStyles\" src=\"https:\/\/numero.com\/wp-content\/uploads\/2026\/04\/Mario-Banushi_Mami%C2%A9Andreas-Simopoulos-for-Onassis-StegiDSC02485-1024x683.jpg\" alt=\"Pi\u00e8ce de th\u00e9\u00e2tre Mami, Mario Banushi aux Ateliers Berthier\" class=\"wp-image-829291\"><button class=\"lightbox-trigger\" type=\"button\" aria-haspopup=\"dialog\" aria-label=\"Agrandir\" data-wp-init=\"callbacks.initTriggerButton\" data-wp-on--click=\"actions.showLightbox\" data-wp-style--right=\"state.imageButtonRight\" data-wp-style--top=\"state.imageButtonTop\"><\/p>\n<p>\t\t<\/button><figcaption class=\"wp-element-caption\"><em>Mami, <\/em>mise en sc\u00e8ne par Mario Banushi. \u00a9 Andreas Simopoulos.<\/figcaption><\/figure>\n<h2 class=\"wp-block-heading\">Une ode \u00e0 la f\u00e9minit\u00e9 sign\u00e9e Mario Banushi <\/h2>\n<p>Pi\u00e8ce-offrande \u00e0 sa m\u00e8re, et \u00e0 toutes les femmes qui l\u2019ont \u00e9lev\u00e9, <em>Mami<\/em> est une ode \u00e0 la f\u00e9minit\u00e9 sous toutes ses formes. Entre force, beaut\u00e9, d\u00e9sir, d\u00e9sespoir et joie.<\/p>\n<p>\u00c0 travers des gestes du quotidien, dans un clair-obscur s\u00e9pulcral, le metteur en sc\u00e8ne alterne des sc\u00e8nes poignantes, port\u00e9es par <strong>des com\u00e9diens remarquables <\/strong>\u2014 Eftychia Stefanou, Panagiota Yiagli, Dimitris Lagos, Fotis Stratigos \u2014 d\u2019une beaut\u00e9 saisissante. Puis d\u2019autres, tout aussi bouleversantes, incarn\u00e9es avec <strong>une grande sensibilit\u00e9<\/strong> par Vassiliki Driva et Anhgeliki Stellatou. <\/p>\n<p>Souvent dans <strong>une nudit\u00e9 d\u00e9licatement sublim\u00e9e,<\/strong> se succ\u00e8dent <strong>des tableaux marquants.<\/strong> Il y a d\u2019abord un enfantement dans la solitude. Puis, l\u2019enfant devenu homme prenant soin de sa m\u00e8re vieillissante, ou des amants nus unis sous un voile de soie immacul\u00e9. Enfin, une femme donnant le sein \u00e0 une m\u00e8re \u00e2g\u00e9e, qui le donne \u00e0 son tour.<\/p>\n<figure data-wp-context='{\"imageId\":\"69de8213370fd\"}' data-wp-interactive=\"core\/image\" data-wp-key=\"69de8213370fd\" class=\"wp-block-image size-large wp-lightbox-container\"><img loading=\"lazy\" decoding=\"async\" width=\"1024\" height=\"683\" data-wp-class--hide=\"state.isContentHidden\" data-wp-class--show=\"state.isContentVisible\" data-wp-init=\"callbacks.setButtonStyles\" data-wp-on--click=\"actions.showLightbox\" data-wp-on--load=\"callbacks.setButtonStyles\" data-wp-on-window--resize=\"callbacks.setButtonStyles\" src=\"https:\/\/numero.com\/wp-content\/uploads\/2026\/04\/Mario-Banushi_Mami%C2%A9Andreas-Simopoulos-for-Onassis-StegiDSC04621-1024x683.jpg\" alt=\"Pi\u00e8ce de th\u00e9\u00e2tre Mami, Mario Banushi aux Ateliers Berthier\" class=\"wp-image-829289\"><button class=\"lightbox-trigger\" type=\"button\" aria-haspopup=\"dialog\" aria-label=\"Agrandir\" data-wp-init=\"callbacks.initTriggerButton\" data-wp-on--click=\"actions.showLightbox\" data-wp-style--right=\"state.imageButtonRight\" data-wp-style--top=\"state.imageButtonTop\"><\/p>\n<p>\t\t<\/button><figcaption class=\"wp-element-caption\"><em>Mami, <\/em>mise en sc\u00e8ne par Mario Banushi. \u00a9 Andreas Simopoulos.<\/figcaption><\/figure>\n<h2 class=\"wp-block-heading\">Du th\u00eaatre entre mystique et tragique<\/h2>\n<p>La puissance de <strong>Mario Banushi <\/strong>r\u00e9side dans sa fa\u00e7on de m\u00ealer <strong>le mystique au tragique.<\/strong> Comme l\u2019eau qui devient tour \u00e0 tour baptismale puis instrument de mort ; le lait, vers\u00e9 en pr\u00e9cipit\u00e9, se transforme en nuage, avant d\u2019\u00eatre bu et recrach\u00e9 en pluie lustrale ; un simple r\u00e9verb\u00e8re se mue en ascenseur c\u00e9leste, puis en pilori pour une figure de vierge christique.<\/p>\n<figure data-wp-context='{\"imageId\":\"69de821337313\"}' data-wp-interactive=\"core\/image\" data-wp-key=\"69de821337313\" class=\"wp-block-image size-large wp-lightbox-container\"><img decoding=\"async\" loading=\"lazy\" width=\"1024\" height=\"683\" data-wp-class--hide=\"state.isContentHidden\" data-wp-class--show=\"state.isContentVisible\" data-wp-init=\"callbacks.setButtonStyles\" data-wp-on--click=\"actions.showLightbox\" data-wp-on--load=\"callbacks.setButtonStyles\" data-wp-on-window--resize=\"callbacks.setButtonStyles\" src=\"https:\/\/numero.com\/wp-content\/uploads\/2026\/04\/Mario-Banushi_Mami%C2%A9Andreas-Simopoulos-for-Onassis-StegiDSC04469-1024x683.jpg\" alt=\"Pi\u00e8ce de th\u00e9\u00e2tre Mami, Mario Banushi aux Ateliers Berthier\" class=\"wp-image-829293\"><button class=\"lightbox-trigger\" type=\"button\" aria-haspopup=\"dialog\" aria-label=\"Agrandir\" data-wp-init=\"callbacks.initTriggerButton\" data-wp-on--click=\"actions.showLightbox\" data-wp-style--right=\"state.imageButtonRight\" data-wp-style--top=\"state.imageButtonTop\"><\/p>\n<p>\t\t<\/button><figcaption class=\"wp-element-caption\"><em>Mami, <\/em>mise en sc\u00e8ne par Mario Banushi. \u00a9 Andreas Simopoulos.<\/figcaption><\/figure>\n<p>Silencieux et recueilli, le public reste captif de ce moment de gr\u00e2ce jusqu\u2019\u00e0<strong> l\u2019apoth\u00e9ose finale.<\/strong> Dans un ultime geste d\u2019hommage \u00e0 sa m\u00e8re, le metteur en sc\u00e8ne quitte les gradins \u2014 d\u2019o\u00f9 il assistait \u00e0 la repr\u00e9sentation \u2014 pour rejoindre ses interpr\u00e8tes.<\/p>\n<p>Finalement, c\u2019est profond\u00e9ment boulevers\u00e9 que l\u2019on quitte <a href=\"https:\/\/numero.com\/category\/culture\/spectacles\/\">le th\u00e9\u00e2tre<\/a>, apr\u00e8s avoir assist\u00e9 \u00e0 ce moment rare de grande po\u00e9sie et de pure beaut\u00e9.<\/p>\n<p><em>Mami, mise en sc\u00e8ne par Mario Banushi. Jusqu\u2019au 16 avril 2026 \u00e0 l\u2019Od\u00e9on \u2013 Th\u00e9\u00e2tre de l\u2019Europe (Ateliers Berthier). Dur\u00e9e 1h10. <a href=\"https:\/\/billetterie-en-ligne.theatre-odeon.eu\/selection\/event\/date?productId=10229354151692\">Billets disponibles ici.<\/a><\/em><\/p>\n<\/p><\/div>\n<\/p><\/div>\n<div class=\"col-lg-3\">\n<div class=\"suggested-posts padding-top-s\">\n<div class=\"title\">Recommand\u00e9<\/div>\n<div class=\"post-card\">\n\t\t\t\t\t\t\t\t\t\t<a class=\"post-link d-flex\" href=\"https:\/\/numero.com\/mode\/fashion-week\/charles-de-vilmorin-devoile-un-apercu-de-sa-premiere-collection-pour-rochas-en-video\/\"><\/p>\n<div class=\"container-img\">\n\t\t\t\t\t\t\t\t\t\t\t\t<img decoding=\"async\" width=\"640\" height=\"316\" src=\"https:\/\/numero.com\/wp-content\/uploads\/2024\/06\/push-charles-de-vilmorin-rochas-numero-magazine-768x379.jpg\" class=\"img-fluid\" alt loading=\"lazy\">\t\t\t\t\t\t\t\t\t\t\t\t<\/p>\n<p class=\"number\">25<\/p>\n<\/p><\/div>\n<div class=\"card-info d-flex\">\n<div>\n<p class=\"cat-title\">Mode<\/p>\n<h3 class=\"post-title\">Charles de Vilmorin d\u00e9voile un aper\u00e7u de sa premi\u00e8re collection pour Rochas en vid\u00e9o<\/h3>\n<\/p><\/div>\n<p class=\"date\">\n\t\t\t\t\t\t\t\t\t\t\t\t\t25 juin 2021\t\t\t\t\t\t\t\t\t\t\t\t<\/p>\n<\/p><\/div>\n<p>\t\t\t\t\t\t\t\t\t\t<\/a>\n\t\t\t\t\t\t\t\t\t<\/div>\n<div class=\"post-card\">\n\t\t\t\t\t\t\t\t\t\t<a class=\"post-link d-flex\" href=\"https:\/\/numero.com\/mode\/niuku-le-label-parisien-antifashion-a-suivre\/\"><\/p>\n<div class=\"container-img\">\n\t\t\t\t\t\t\t\t\t\t\t\t<img decoding=\"async\" width=\"640\" height=\"316\" src=\"https:\/\/numero.com\/wp-content\/uploads\/2024\/06\/thumb_niuku_label_parisien_antifashion_margiela_comme_des_kawakubo_helmut_lang-768x379.jpg\" class=\"img-fluid\" alt loading=\"lazy\">\t\t\t\t\t\t\t\t\t\t\t\t<\/p>\n<p class=\"number\">12<\/p>\n<\/p><\/div>\n<div class=\"card-info d-flex\">\n<div>\n<p class=\"cat-title\">Mode<\/p>\n<h3 class=\"post-title\">N\u00efuku, le label parisien antifashion \u00e0 suivre<\/h3>\n<\/p><\/div>\n<p class=\"date\">\n\t\t\t\t\t\t\t\t\t\t\t\t\t12 avr 2017\t\t\t\t\t\t\t\t\t\t\t\t<\/p>\n<\/p><\/div>\n<p>\t\t\t\t\t\t\t\t\t\t<\/a>\n\t\t\t\t\t\t\t\t\t<\/div>\n<div class=\"post-card\">\n\t\t\t\t\t\t\t\t\t\t<a class=\"post-link d-flex\" href=\"https:\/\/numero.com\/art\/photographie\/rencontres-darles-5-expos-hors-les-murs-a-voir-absolument\/\"><\/p>\n<div class=\"container-img\">\n\t\t\t\t\t\t\t\t\t\t\t\t<img decoding=\"async\" width=\"640\" height=\"316\" src=\"https:\/\/numero.com\/wp-content\/uploads\/2024\/06\/push-guy-bourdin-image-dans-image-exposition-centre-art-campredon-festival-arles-numero-magazine_0-768x379.jpg\" class=\"img-fluid\" alt loading=\"lazy\">\t\t\t\t\t\t\t\t\t\t\t\t<\/p>\n<p class=\"number\">17<\/p>\n<\/p><\/div>\n<div class=\"card-info d-flex\">\n<div>\n<p class=\"cat-title\">Art &amp; Design<\/p>\n<h3 class=\"post-title\">Rencontres d\u2019Arles : 5 expos hors les murs \u00e0 voir absolument<\/h3>\n<\/p><\/div>\n<p class=\"date\">\n\t\t\t\t\t\t\t\t\t\t\t\t\t17 juil 2019\t\t\t\t\t\t\t\t\t\t\t\t<\/p>\n<\/p><\/div>\n<p>\t\t\t\t\t\t\t\t\t\t<\/a>\n\t\t\t\t\t\t\t\t\t<\/div>\n<div class=\"post-card\">\n\t\t\t\t\t\t\t\t\t\t<a class=\"post-link d-flex\" href=\"https:\/\/numero.com\/culture\/en-direct-de-cannes-verhoeven-dynamite-les-regles-du-bon-gout-avec-benedetta\/\"><\/p>\n<div class=\"container-img\">\n\t\t\t\t\t\t\t\t\t\t\t\t<img decoding=\"async\" width=\"640\" height=\"316\" src=\"https:\/\/numero.com\/wp-content\/uploads\/2024\/06\/push-benedetta-virginie-efira-numero-magazine-768x379.jpg\" class=\"img-fluid\" alt loading=\"lazy\">\t\t\t\t\t\t\t\t\t\t\t\t<\/p>\n<p class=\"number\">10<\/p>\n<\/p><\/div>\n<div class=\"card-info d-flex\">\n<div>\n<p class=\"cat-title\">Culture<\/p>\n<h3 class=\"post-title\">En direct de Cannes : Verhoeven dynamite les r\u00e8gles du bon go\u00fbt avec Benedetta<\/h3>\n<\/p><\/div>\n<p class=\"date\">\n\t\t\t\t\t\t\t\t\t\t\t\t\t10 juil 2021\t\t\t\t\t\t\t\t\t\t\t\t<\/p>\n<\/p><\/div>\n<p>\t\t\t\t\t\t\t\t\t\t<\/a>\n\t\t\t\t\t\t\t\t\t<\/div>\n<\/p><\/div>\n<\/p><\/div>\n<\/p><\/div>\n<div class=\"padding-top-s\">\n<div class=\"ad banner desktop\">\n<div class=\"container\">\n<div class=\"row\">\n            <!-- \/21730003857\/numero-ad-unit\/numero-banner-1 --><\/p>\n<div id=\"div-gpt-ad-1757006327907-0\" style=\"min-width: 350px\">\n<p>                    googletag.cmd.push(function () {<br \/>\n                        googletag.display(&#8216;div-gpt-ad-1757006327907-0&#8217;);<br \/>\n                    });<\/p><\/div>\n<\/p><\/div>\n<\/p><\/div>\n<\/div><\/div>\n<\/p><\/div>\n<\/section>\n<p>        <button class=\"btn-newsletter btn-outline-white my-5\" id=\"open-modal-newsletter\">Inscrivez-vous \u00e0 la newsletter<\/button>\t\t<\/p>\n<section class=\"related-posts post-list padding-top-m padding-bottom-s\">\n<div class=\"container\">\n<h2 class=\"title mx-auto\">\u00c0 lire aussi<\/h2>\n<div class=\"row\">\n<div class=\"col-lg-3\">\n<div class=\"post-card desktop\">\n\t\t\t\t\t\t\t\t\t\t<a class=\"post-link\" href=\"https:\/\/numero.com\/culture\/spectacles\/lordre-du-jour-ou-comment-rire-du-pire-au-vieux-colombier\/\"><\/p>\n<div class=\"container-img\">\n\t\t\t\t\t\t\t\t\t\t\t\t<img decoding=\"async\" width=\"640\" height=\"427\" src=\"https:\/\/numero.com\/wp-content\/uploads\/2026\/04\/1_LOrdre-du-Jour-Bellorini_TVC@Christophe-Raynaud-de-Lage-768x512.jpg\" class=\"img-fluid\" alt=\"Pi\u00e8ce L'ordre du jour th\u00e9atre du Vieux colombier 2026\" loading=\"lazy\">\t\t\t\t\t\t\t\t\t\t\t\t<\/p>\n<div class=\"number\">09<\/div>\n<\/p><\/div>\n<div class=\"card-info\">\n<div class=\"meta d-flex justify-content-between\">\n<p class=\"cat-title\">Spectacles<\/p>\n<p class=\"date\">\n\t\t\t\t\t\t\t\t\t\t\t\t\t\t9 avr 2026\t\t\t\t\t\t\t\t\t\t\t\t\t<\/p>\n<\/p><\/div>\n<div class=\"post-title\">Au Vieux-Colombier, L\u2019Ordre du jour incite \u00e0 rire du pire<\/div>\n<\/p><\/div>\n<p>\t\t\t\t\t\t\t\t\t\t<\/a>\n\t\t\t\t\t\t\t\t\t<\/div>\n<div class=\"post-card mobile\">\n\t\t\t\t\t\t\t\t\t\t<a class=\"post-link d-flex\" href=\"https:\/\/numero.com\/culture\/spectacles\/lordre-du-jour-ou-comment-rire-du-pire-au-vieux-colombier\/\"><\/p>\n<div class=\"container-img\">\n\t\t\t\t\t\t\t\t\t\t\t\t<img decoding=\"async\" width=\"640\" height=\"427\" src=\"https:\/\/numero.com\/wp-content\/uploads\/2026\/04\/1_LOrdre-du-Jour-Bellorini_TVC@Christophe-Raynaud-de-Lage-768x512.jpg\" class=\"img-fluid\" alt=\"Pi\u00e8ce L'ordre du jour th\u00e9atre du Vieux colombier 2026\" loading=\"lazy\">\t\t\t\t\t\t\t\t\t\t\t\t<\/p>\n<div class=\"number\">09<\/div>\n<\/p><\/div>\n<div class=\"card-info d-flex\">\n<div>\n<p class=\"cat-title\">Spectacles<\/p>\n<h3 class=\"post-title\">Au Vieux-Colombier, L\u2019Ordre du jour incite \u00e0 rire du pire<\/h3>\n<\/p><\/div>\n<p class=\"date\">\n\t\t\t\t\t\t\t\t\t\t\t\t\t9 avr 2026\t\t\t\t\t\t\t\t\t\t\t\t<\/p>\n<\/p><\/div>\n<p>\t\t\t\t\t\t\t\t\t\t<\/a>\n\t\t\t\t\t\t\t\t\t<\/div>\n<\/p><\/div>\n<div class=\"col-lg-3\">\n<div class=\"post-card desktop\">\n\t\t\t\t\t\t\t\t\t\t<a class=\"post-link\" href=\"https:\/\/numero.com\/culture\/spectacles\/vudu-3318-blixen-angelica-liddell-au-theatre-de-lodeon\/\"><\/p>\n<div class=\"container-img\">\n\t\t\t\t\t\t\t\t\t\t\t\t<img decoding=\"async\" width=\"640\" height=\"804\" src=\"https:\/\/numero.com\/wp-content\/uploads\/2026\/04\/thumb-spectacle-vudu-3318-blixen-au-theatre-de-lodeon-768x965.jpg\" class=\"img-fluid\" alt loading=\"lazy\">\t\t\t\t\t\t\t\t\t\t\t\t<\/p>\n<div class=\"number\">02<\/div>\n<\/p><\/div>\n<div class=\"card-info\">\n<div class=\"meta d-flex justify-content-between\">\n<p class=\"cat-title\">Spectacles<\/p>\n<p class=\"date\">\n\t\t\t\t\t\t\t\t\t\t\t\t\t\t2 avr 2026\t\t\t\t\t\t\t\t\t\t\t\t\t<\/p>\n<\/p><\/div>\n<div class=\"post-title\">Vudu (3318) Blixen : une fresque radicale de la trahison amoureuse<\/div>\n<\/p><\/div>\n<p>\t\t\t\t\t\t\t\t\t\t<\/a>\n\t\t\t\t\t\t\t\t\t<\/div>\n<div class=\"post-card mobile\">\n\t\t\t\t\t\t\t\t\t\t<a class=\"post-link d-flex\" href=\"https:\/\/numero.com\/culture\/spectacles\/vudu-3318-blixen-angelica-liddell-au-theatre-de-lodeon\/\"><\/p>\n<div class=\"container-img\">\n\t\t\t\t\t\t\t\t\t\t\t\t<img decoding=\"async\" width=\"640\" height=\"804\" src=\"https:\/\/numero.com\/wp-content\/uploads\/2026\/04\/thumb-spectacle-vudu-3318-blixen-au-theatre-de-lodeon-768x965.jpg\" class=\"img-fluid\" alt loading=\"lazy\">\t\t\t\t\t\t\t\t\t\t\t\t<\/p>\n<div class=\"number\">02<\/div>\n<\/p><\/div>\n<div class=\"card-info d-flex\">\n<div>\n<p class=\"cat-title\">Spectacles<\/p>\n<h3 class=\"post-title\">Vudu (3318) Blixen : une fresque radicale de la trahison amoureuse<\/h3>\n<\/p><\/div>\n<p class=\"date\">\n\t\t\t\t\t\t\t\t\t\t\t\t\t2 avr 2026\t\t\t\t\t\t\t\t\t\t\t\t<\/p>\n<\/p><\/div>\n<p>\t\t\t\t\t\t\t\t\t\t<\/a>\n\t\t\t\t\t\t\t\t\t<\/div>\n<\/p><\/div>\n<div class=\"col-lg-3\">\n<div class=\"post-card desktop\">\n\t\t\t\t\t\t\t\t\t\t<a class=\"post-link\" href=\"https:\/\/numero.com\/culture\/spectacles\/les-heros-ne-dorment-jamais-une-comedie-burlesque-poetique\/\"><\/p>\n<div class=\"container-img\">\n\t\t\t\t\t\t\t\t\t\t\t\t<img decoding=\"async\" width=\"640\" height=\"958\" src=\"https:\/\/numero.com\/wp-content\/uploads\/2026\/03\/pie%CC%80ce-the%CC%81atre-Les-he%CC%81ros-ne-dorment-jamais-2-edith-proust.jpg\" class=\"img-fluid\" alt=\"Les h\u00e9ros ne dorment jamais : clowns en armure et \u00e9pop\u00e9e burlesque au Petit-Saint-Martin\" loading=\"lazy\">\t\t\t\t\t\t\t\t\t\t\t\t<\/p>\n<div class=\"number\">31<\/div>\n<\/p><\/div>\n<div class=\"card-info\">\n<div class=\"meta d-flex justify-content-between\">\n<p class=\"cat-title\">Spectacles<\/p>\n<p class=\"date\">\n\t\t\t\t\t\t\t\t\t\t\t\t\t\t31 mars 2026\t\t\t\t\t\t\t\t\t\t\t\t\t<\/p>\n<\/p><\/div>\n<div class=\"post-title\">Les h\u00e9ros ne dorment jamais, une \u00e9pop\u00e9e burlesque au th\u00e9\u00e2tre du Petit-Saint-Martin<\/div>\n<\/p><\/div>\n<p>\t\t\t\t\t\t\t\t\t\t<\/a>\n\t\t\t\t\t\t\t\t\t<\/div>\n<div class=\"post-card mobile\">\n\t\t\t\t\t\t\t\t\t\t<a class=\"post-link d-flex\" href=\"https:\/\/numero.com\/culture\/spectacles\/les-heros-ne-dorment-jamais-une-comedie-burlesque-poetique\/\"><\/p>\n<div class=\"container-img\">\n\t\t\t\t\t\t\t\t\t\t\t\t<img decoding=\"async\" width=\"640\" height=\"958\" src=\"https:\/\/numero.com\/wp-content\/uploads\/2026\/03\/pie%CC%80ce-the%CC%81atre-Les-he%CC%81ros-ne-dorment-jamais-2-edith-proust.jpg\" class=\"img-fluid\" alt=\"Les h\u00e9ros ne dorment jamais : clowns en armure et \u00e9pop\u00e9e burlesque au Petit-Saint-Martin\" loading=\"lazy\">\t\t\t\t\t\t\t\t\t\t\t\t<\/p>\n<div class=\"number\">31<\/div>\n<\/p><\/div>\n<div class=\"card-info d-flex\">\n<div>\n<p class=\"cat-title\">Spectacles<\/p>\n<h3 class=\"post-title\">Les h\u00e9ros ne dorment jamais, une \u00e9pop\u00e9e burlesque au th\u00e9\u00e2tre du Petit-Saint-Martin<\/h3>\n<\/p><\/div>\n<p class=\"date\">\n\t\t\t\t\t\t\t\t\t\t\t\t\t31 mars 2026\t\t\t\t\t\t\t\t\t\t\t\t<\/p>\n<\/p><\/div>\n<p>\t\t\t\t\t\t\t\t\t\t<\/a>\n\t\t\t\t\t\t\t\t\t<\/div>\n<\/p><\/div>\n<div class=\"col-lg-3\">\n<div class=\"post-card desktop\">\n\t\t\t\t\t\t\t\t\t\t<a class=\"post-link\" href=\"https:\/\/numero.com\/culture\/spectacles\/quelles-pieces-de-theatre-faut-il-voir-a-paris\/\"><\/p>\n<div class=\"container-img\">\n\t\t\t\t\t\t\t\t\t\t\t\t<img decoding=\"async\" width=\"640\" height=\"308\" src=\"https:\/\/numero.com\/wp-content\/uploads\/2025\/12\/Les-Femmes-Savantes-de-Moliere-mise-en-scene-par-Emma-Dante.-Stephane-Varupenne-Aymeline-Alix-Jennifer-Decker-Elsa-Lepoivre-Edith-Proust-Sefa-Yeboah-5-C.-Raynaud-de-Lage-768x369.jpg\" class=\"img-fluid\" alt=\"Les Femmes Savantes de Molie\u0300re, mise en sce\u0300ne par Emma Dante. - Ste\u0301phane Varupenne, Aymeline Alix, Jennifer Decker, Elsa Lepoivre, Edith Proust, Sefa Yeboah 5) C. Raynaud de Lage\" loading=\"lazy\">\t\t\t\t\t\t\t\t\t\t\t\t<\/p>\n<div class=\"number\">18<\/div>\n<\/p><\/div>\n<div class=\"card-info\">\n<div class=\"meta d-flex justify-content-between\">\n<p class=\"cat-title\">Spectacles<\/p>\n<p class=\"date\">\n\t\t\t\t\t\t\t\t\t\t\t\t\t\t18 f\u00e9v 2026\t\t\t\t\t\t\t\t\t\t\t\t\t<\/p>\n<\/p><\/div>\n<div class=\"post-title\">Th\u00e9\u00e2tre : quelles pi\u00e8ces faut-il voir \u00e0 Paris en f\u00e9vrier ?<\/div>\n<\/p><\/div>\n<p>\t\t\t\t\t\t\t\t\t\t<\/a>\n\t\t\t\t\t\t\t\t\t<\/div>\n<div class=\"post-card mobile\">\n\t\t\t\t\t\t\t\t\t\t<a class=\"post-link d-flex\" href=\"https:\/\/numero.com\/culture\/spectacles\/quelles-pieces-de-theatre-faut-il-voir-a-paris\/\"><\/p>\n<div class=\"container-img\">\n\t\t\t\t\t\t\t\t\t\t\t\t<img decoding=\"async\" width=\"640\" height=\"308\" src=\"https:\/\/numero.com\/wp-content\/uploads\/2025\/12\/Les-Femmes-Savantes-de-Moliere-mise-en-scene-par-Emma-Dante.-Stephane-Varupenne-Aymeline-Alix-Jennifer-Decker-Elsa-Lepoivre-Edith-Proust-Sefa-Yeboah-5-C.-Raynaud-de-Lage-768x369.jpg\" class=\"img-fluid\" alt=\"Les Femmes Savantes de Molie\u0300re, mise en sce\u0300ne par Emma Dante. - Ste\u0301phane Varupenne, Aymeline Alix, Jennifer Decker, Elsa Lepoivre, Edith Proust, Sefa Yeboah 5) C. Raynaud de Lage\" loading=\"lazy\">\t\t\t\t\t\t\t\t\t\t\t\t<\/p>\n<div class=\"number\">18<\/div>\n<\/p><\/div>\n<div class=\"card-info d-flex\">\n<div>\n<p class=\"cat-title\">Spectacles<\/p>\n<h3 class=\"post-title\">Th\u00e9\u00e2tre : quelles pi\u00e8ces faut-il voir \u00e0 Paris en f\u00e9vrier ?<\/h3>\n<\/p><\/div>\n<p class=\"date\">\n\t\t\t\t\t\t\t\t\t\t\t\t\t18 f\u00e9v 2026\t\t\t\t\t\t\t\t\t\t\t\t<\/p>\n<\/p><\/div>\n<p>\t\t\t\t\t\t\t\t\t\t<\/a>\n\t\t\t\t\t\t\t\t\t<\/div>\n<\/p><\/div>\n<\/p><\/div>\n<\/p><\/div>\n<\/section>\n<div class=\"padding-bottom-s\">\n<div class=\"ad banner desktop\">\n<div class=\"container\">\n<div class=\"row\">\n            <!-- \/21730003857\/numero-ad-unit\/numero-banner-1 --><\/p>\n<div id=\"div-gpt-ad-1757006327907-0\" style=\"min-width: 350px\">\n<p>                    googletag.cmd.push(function () {<br \/>\n                        googletag.display(&#8216;div-gpt-ad-1757006327907-0&#8217;);<br \/>\n                    });<\/p><\/div>\n<\/p><\/div>\n<\/p><\/div>\n<\/div><\/div>\n<\/p><\/div>\n","protected":false},"excerpt":{"rendered":"<p>14 14 googletag.cmd.push(function () { googletag.display(&#8216;div-gpt-ad-1757063143832-0&#8217;); }); Lien copi\u00e9 Spectacles 14 avr 2026 L\u2019ode \u00e0 la m\u00e8re et \u00e0 la f\u00e9minit\u00e9 de Mario Banushi aux Ateliers Berthier Aux Ateliers Berthier de l\u2019Od\u00e9on, Mario Banushi propose avec Mami une exp\u00e9rience th\u00e9\u00e2trale sans parole, d\u2019une puissance visuelle et \u00e9motionnelle rare. Entre clair-obscur, gestes du quotidien et symbolisme [&hellip;]<\/p>\n","protected":false},"author":1,"featured_media":0,"comment_status":"open","ping_status":"","sticky":false,"template":"","format":"standard","meta":{"footnotes":""},"categories":[1],"tags":[226,258],"class_list":["post-1881957","post","type-post","status-publish","format-standard","hentry","category-uncategorized","tag-crawlmanager","tag-numero-com"],"_links":{"self":[{"href":"https:\/\/analyse.optim.biz\/index.php?rest_route=\/wp\/v2\/posts\/1881957","targetHints":{"allow":["GET"]}}],"collection":[{"href":"https:\/\/analyse.optim.biz\/index.php?rest_route=\/wp\/v2\/posts"}],"about":[{"href":"https:\/\/analyse.optim.biz\/index.php?rest_route=\/wp\/v2\/types\/post"}],"author":[{"embeddable":true,"href":"https:\/\/analyse.optim.biz\/index.php?rest_route=\/wp\/v2\/users\/1"}],"replies":[{"embeddable":true,"href":"https:\/\/analyse.optim.biz\/index.php?rest_route=%2Fwp%2Fv2%2Fcomments&post=1881957"}],"version-history":[{"count":0,"href":"https:\/\/analyse.optim.biz\/index.php?rest_route=\/wp\/v2\/posts\/1881957\/revisions"}],"wp:attachment":[{"href":"https:\/\/analyse.optim.biz\/index.php?rest_route=%2Fwp%2Fv2%2Fmedia&parent=1881957"}],"wp:term":[{"taxonomy":"category","embeddable":true,"href":"https:\/\/analyse.optim.biz\/index.php?rest_route=%2Fwp%2Fv2%2Fcategories&post=1881957"},{"taxonomy":"post_tag","embeddable":true,"href":"https:\/\/analyse.optim.biz\/index.php?rest_route=%2Fwp%2Fv2%2Ftags&post=1881957"}],"curies":[{"name":"wp","href":"https:\/\/api.w.org\/{rel}","templated":true}]}}