{"id":1881877,"date":"2026-04-14T15:18:48","date_gmt":"2026-04-14T12:18:48","guid":{"rendered":"https:\/\/analyse.optim.biz\/?p=1881877"},"modified":"2026-04-14T15:18:48","modified_gmt":"2026-04-14T12:18:48","slug":"au-inceput-lucrarile-de-reabilitare-pe-strada-bucovinei-din-tulcea-segmentul-intre-strazile-babadag-si-mircea-voda-este-inchis-circulatiei-rutiere","status":"publish","type":"post","link":"https:\/\/analyse.optim.biz\/?p=1881877","title":{"rendered":"Au \u00eenceput lucr\u0103rile de reabilitare pe strada Bucovinei din Tulcea. Segmentul \u00eentre str\u0103zile Babadag \u0219i Mircea Vod\u0103 este \u00eenchis circula\u021biei rutiere"},"content":{"rendered":"<p>[analyse_image type=&#8221;featured&#8221; src=&#8221;https:\/\/dobrogeanews.b-cdn.net\/wp-content\/uploads\/2026\/04\/lucrari-strada-Bucovinei-tulcea2.jpg&#8221;]<\/p>\n<div id=\"post-69913\" class=\"entry single-default post-69913 post type-post status-publish format-standard has-post-thumbnail hentry category-info\">\n<div>\n<div class=\"ss-follow-wrapper ss-clearfix ss-regular-buttons ss-columns-1 ss-default-style\">\n<div class=\"ss-follow-column\" data-ss-sf-network-id='\"facebook\"'><a href=\"https:\/\/www.facebook.com\/dobrogeanews\" class=\"ss-follow-network ss-facebook-color\" rel=\"nofollow noopener\" aria-label=\"facebook\" target=\"_blank\"><span class=\"ss-follow-network-label\">Urm\u0103re\u015fte-ne \u015fi pe Facebook!<\/span><span class=\"ss-follow-network-count\"><span class=\"ss-follow-network-count-number\">57K<\/span><span class=\"ss-follow-network-count-label\">Followers<\/span><\/span><\/a><\/div>\n<\/div>\n<\/div>\n<p>Prim\u0103ria Tulcea informeaz\u0103 cet\u0103\u021benii c\u0103 au \u00eenceput lucr\u0103rile de reabilitare pe strada Bucovinei din Tulcea. Segmentul \u00eentre str\u0103zile Babadag \u0219i Mircea Vod\u0103 este \u00eenchis circula\u021biei rutiere. <\/p>\n<p>\u0218oferii sunt aten\u021biona\u021bi c\u0103 pe strada Babadag, \u00een dreptul str\u0103zii Bucovinei, circula\u021bia este restric\u021bionat\u0103 la o singur\u0103 band\u0103, pentru realizarea conexiunii la re\u021beaua de canalizare menajer\u0103 (c\u0103min amplasat aproape de axul drumului).<\/p>\n<figure class=\"wp-block-image size-full is-resized\">\n<source type=\"image\/webp\" data-lazy-srcset=\"https:\/\/dobrogeanews.b-cdn.net\/wp-content\/uploads\/2026\/04\/lucrari-strada-Bucovinei-tulcea1.jpg.webp 2560w, https:\/\/dobrogeanews.b-cdn.net\/wp-content\/uploads\/2026\/04\/lucrari-strada-Bucovinei-tulcea1-300x246.jpg.webp 300w, https:\/\/dobrogeanews.b-cdn.net\/wp-content\/uploads\/2026\/04\/lucrari-strada-Bucovinei-tulcea1-1024x840.jpg.webp 1024w, https:\/\/dobrogeanews.b-cdn.net\/wp-content\/uploads\/2026\/04\/lucrari-strada-Bucovinei-tulcea1-768x630.jpg.webp 768w, https:\/\/dobrogeanews.b-cdn.net\/wp-content\/uploads\/2026\/04\/lucrari-strada-Bucovinei-tulcea1-1536x1260.jpg.webp 1536w, https:\/\/dobrogeanews.b-cdn.net\/wp-content\/uploads\/2026\/04\/lucrari-strada-Bucovinei-tulcea1-2048x1680.jpg.webp 2048w\" sizes=\"(max-width: 640px) 100vw, 640px\" \/><br \/>\n<img loading=\"lazy\" decoding=\"async\" src=\"https:\/\/dobrogeanews.b-cdn.net\/wp-content\/uploads\/2026\/04\/lucrari-strada-Bucovinei-tulcea1.jpg\" alt=\"Reabilitare strada Bucovinei din Municipiul Tulcea 14 Aprilie 2026\" width=\"640\" height=\"525\"><\/figure>\n<p>Lucr\u0103rile aflate acum \u00een desf\u0103\u0219urare vizeaz\u0103 modernizarea complet\u0103 a re\u021belelor de utilit\u0103\u021bi:<\/p>\n<p>\u2022 canalizare menajer\u0103 (conducte noi)<\/p>\n<p>\u2022 ap\u0103 potabil\u0103 (conducte noi)<\/p>\n<p>\u2022 re\u021bea de preluare a apelor pluviale (realizat\u0103 de la zero)<\/p>\n<p>\u2022 dezafectarea re\u021belelor vechi de utilit\u0103\u021bi<\/p>\n<p>Reabilitarea infrastructurii rutiere \u00a0(funda\u021bie, straturi de asfalt, trotuare) va avea loc dup\u0103 finalizarea utilit\u0103\u021bilor. Strada Bucovinei va fi modernizat\u0103 integral, iar lucr\u0103rile vor avansa spre intersec\u021bia cu strada Victoriei.<\/p>\n<figure class=\"wp-block-image size-full is-resized\">\n<source type=\"image\/webp\" data-lazy-srcset=\"https:\/\/dobrogeanews.b-cdn.net\/wp-content\/uploads\/2026\/04\/lucrari-strada-Bucovinei-tulcea2.jpg.webp 2560w, https:\/\/dobrogeanews.b-cdn.net\/wp-content\/uploads\/2026\/04\/lucrari-strada-Bucovinei-tulcea2-300x246.jpg.webp 300w, https:\/\/dobrogeanews.b-cdn.net\/wp-content\/uploads\/2026\/04\/lucrari-strada-Bucovinei-tulcea2-1024x840.jpg.webp 1024w, https:\/\/dobrogeanews.b-cdn.net\/wp-content\/uploads\/2026\/04\/lucrari-strada-Bucovinei-tulcea2-768x630.jpg.webp 768w, https:\/\/dobrogeanews.b-cdn.net\/wp-content\/uploads\/2026\/04\/lucrari-strada-Bucovinei-tulcea2-1536x1260.jpg.webp 1536w, https:\/\/dobrogeanews.b-cdn.net\/wp-content\/uploads\/2026\/04\/lucrari-strada-Bucovinei-tulcea2-2048x1680.jpg.webp 2048w\" sizes=\"(max-width: 640px) 100vw, 640px\" \/><br \/>\n<img loading=\"lazy\" decoding=\"async\" src=\"https:\/\/dobrogeanews.b-cdn.net\/wp-content\/uploads\/2026\/04\/lucrari-strada-Bucovinei-tulcea2.jpg\" alt=\"Reabilitare strada Bucovinei din Municipiul Tulcea\" width=\"640\" height=\"525\"><\/figure>\n<p>Interven\u021biile sunt complexe, din cauza num\u0103rului mare de re\u021bele vechi existente pe acest tronson. Este estimat un termen de 4 s\u0103pt\u0103m\u00e2ni de lucru dar, \u00een func\u021bie de situa\u021bia din teren constatat\u0103 dup\u0103 excav\u0103ri, durata lucr\u0103rilor poate suferi modific\u0103ri.<\/p>\n<div class=\"monsterinsights-inline-popular-posts monsterinsights-inline-popular-posts-charlie monsterinsights-popular-posts-styled\">\n<div class=\"monsterinsights-inline-popular-posts-text\"><span class=\"monsterinsights-inline-popular-posts-label\">Vezi \u0219i:<\/span><\/p>\n<div class=\"monsterinsights-inline-popular-posts-post\"><a class=\"monsterinsights-inline-popular-posts-title\" href=\"https:\/\/www.dobrogeanews.ro\/municipiul-tulcea-a-adoptat-o-crestere-minima-a-taxelor-locale-taxa-de-habitat-creste-cu-3-lei-iar-pentru-impozitul-auto-trebuie-sa-depuneti-declaratie\/\">Municipiul Tulcea a adoptat o cre\u0219tere minim\u0103 a taxelor locale. Taxa de habitat cre\u0219te cu 3 lei iar pentru impozitul auto trebuie s\u0103 depune\u021bi declara\u021bie<\/a><\/div>\n<div class=\"monsterinsights-inline-popular-posts-post\"><a class=\"monsterinsights-inline-popular-posts-title\" href=\"https:\/\/www.dobrogeanews.ro\/cine-este-fata-de-18-ani-care-s-a-sinucis-la-tulcea-soapte-intre-lumi\/\">Cine este fata de 18 ani care s-a sinucis la Tulcea. \u0218oapte \u00eentre lumi \u2026<\/a><\/div>\n<div class=\"monsterinsights-inline-popular-posts-post\"><a class=\"monsterinsights-inline-popular-posts-title\" href=\"https:\/\/www.dobrogeanews.ro\/la-babadag-eleviii-continua-sa-primeasca-pachetele-alimentare-prin-programul-national-masa-sanatoasa\/\">La Babadag, elevii continu\u0103 s\u0103 primeasc\u0103 pachetele alimentare prin Programul Na\u021bional \u201eMas\u0103 s\u0103n\u0103toas\u0103\u201d<\/a><\/div>\n<\/div>\n<\/div>\n<p class=\"has-text-align-center has-white-color has-text-color has-background\"><span><a href=\"https:\/\/news.google.com\/publications\/CAAqBwgKMIu5pgsw88O-Aw?ceid=RO:ro&amp;oc=3\">Urm\u0103ri\u0163i \u015etirile Dobrogeanews \u015fi pe Google News<\/a><\/span><\/p>\n<\/div>\n<div id=\"post-69913\" class=\"entry single-default post-69913 post type-post status-publish format-standard has-post-thumbnail hentry category-info\">\n<div>\n<div class=\"ss-follow-wrapper ss-clearfix ss-regular-buttons ss-columns-1 ss-default-style\">\n<div class=\"ss-follow-column\" data-ss-sf-network-id='\"facebook\"'><a href=\"https:\/\/www.facebook.com\/dobrogeanews\" class=\"ss-follow-network ss-facebook-color\" rel=\"nofollow noopener\" aria-label=\"facebook\" target=\"_blank\"><span class=\"ss-follow-network-label\">Urm\u0103re\u015fte-ne \u015fi pe Facebook!<\/span><span class=\"ss-follow-network-count\"><span class=\"ss-follow-network-count-number\">57K<\/span><span class=\"ss-follow-network-count-label\">Followers<\/span><\/span><\/a><\/div>\n<\/div>\n<\/div>\n<p>Prim\u0103ria Tulcea informeaz\u0103 cet\u0103\u021benii c\u0103 au \u00eenceput lucr\u0103rile de reabilitare pe strada Bucovinei din Tulcea. Segmentul \u00eentre str\u0103zile Babadag \u0219i Mircea Vod\u0103 este \u00eenchis circula\u021biei rutiere. <\/p>\n<p>\u0218oferii sunt aten\u021biona\u021bi c\u0103 pe strada Babadag, \u00een dreptul str\u0103zii Bucovinei, circula\u021bia este restric\u021bionat\u0103 la o singur\u0103 band\u0103, pentru realizarea conexiunii la re\u021beaua de canalizare menajer\u0103 (c\u0103min amplasat aproape de axul drumului).<\/p>\n<figure class=\"wp-block-image size-full is-resized\">\n<source type=\"image\/webp\" data-lazy-srcset=\"https:\/\/dobrogeanews.b-cdn.net\/wp-content\/uploads\/2026\/04\/lucrari-strada-Bucovinei-tulcea1.jpg.webp 2560w, https:\/\/dobrogeanews.b-cdn.net\/wp-content\/uploads\/2026\/04\/lucrari-strada-Bucovinei-tulcea1-300x246.jpg.webp 300w, https:\/\/dobrogeanews.b-cdn.net\/wp-content\/uploads\/2026\/04\/lucrari-strada-Bucovinei-tulcea1-1024x840.jpg.webp 1024w, https:\/\/dobrogeanews.b-cdn.net\/wp-content\/uploads\/2026\/04\/lucrari-strada-Bucovinei-tulcea1-768x630.jpg.webp 768w, https:\/\/dobrogeanews.b-cdn.net\/wp-content\/uploads\/2026\/04\/lucrari-strada-Bucovinei-tulcea1-1536x1260.jpg.webp 1536w, https:\/\/dobrogeanews.b-cdn.net\/wp-content\/uploads\/2026\/04\/lucrari-strada-Bucovinei-tulcea1-2048x1680.jpg.webp 2048w\" sizes=\"(max-width: 640px) 100vw, 640px\" \/><br \/>\n<img loading=\"lazy\" decoding=\"async\" src=\"https:\/\/dobrogeanews.b-cdn.net\/wp-content\/uploads\/2026\/04\/lucrari-strada-Bucovinei-tulcea1.jpg\" alt=\"Reabilitare strada Bucovinei din Municipiul Tulcea 14 Aprilie 2026\" width=\"640\" height=\"525\"><\/figure>\n<p>Lucr\u0103rile aflate acum \u00een desf\u0103\u0219urare vizeaz\u0103 modernizarea complet\u0103 a re\u021belelor de utilit\u0103\u021bi:<\/p>\n<p>\u2022 canalizare menajer\u0103 (conducte noi)<\/p>\n<p>\u2022 ap\u0103 potabil\u0103 (conducte noi)<\/p>\n<p>\u2022 re\u021bea de preluare a apelor pluviale (realizat\u0103 de la zero)<\/p>\n<p>\u2022 dezafectarea re\u021belelor vechi de utilit\u0103\u021bi<\/p>\n<p>Reabilitarea infrastructurii rutiere \u00a0(funda\u021bie, straturi de asfalt, trotuare) va avea loc dup\u0103 finalizarea utilit\u0103\u021bilor. Strada Bucovinei va fi modernizat\u0103 integral, iar lucr\u0103rile vor avansa spre intersec\u021bia cu strada Victoriei.<\/p>\n<figure class=\"wp-block-image size-full is-resized\">\n<source type=\"image\/webp\" data-lazy-srcset=\"https:\/\/dobrogeanews.b-cdn.net\/wp-content\/uploads\/2026\/04\/lucrari-strada-Bucovinei-tulcea2.jpg.webp 2560w, https:\/\/dobrogeanews.b-cdn.net\/wp-content\/uploads\/2026\/04\/lucrari-strada-Bucovinei-tulcea2-300x246.jpg.webp 300w, https:\/\/dobrogeanews.b-cdn.net\/wp-content\/uploads\/2026\/04\/lucrari-strada-Bucovinei-tulcea2-1024x840.jpg.webp 1024w, https:\/\/dobrogeanews.b-cdn.net\/wp-content\/uploads\/2026\/04\/lucrari-strada-Bucovinei-tulcea2-768x630.jpg.webp 768w, https:\/\/dobrogeanews.b-cdn.net\/wp-content\/uploads\/2026\/04\/lucrari-strada-Bucovinei-tulcea2-1536x1260.jpg.webp 1536w, https:\/\/dobrogeanews.b-cdn.net\/wp-content\/uploads\/2026\/04\/lucrari-strada-Bucovinei-tulcea2-2048x1680.jpg.webp 2048w\" sizes=\"(max-width: 640px) 100vw, 640px\" \/><br \/>\n<img loading=\"lazy\" decoding=\"async\" src=\"https:\/\/dobrogeanews.b-cdn.net\/wp-content\/uploads\/2026\/04\/lucrari-strada-Bucovinei-tulcea2.jpg\" alt=\"Reabilitare strada Bucovinei din Municipiul Tulcea\" width=\"640\" height=\"525\"><\/figure>\n<p>Interven\u021biile sunt complexe, din cauza num\u0103rului mare de re\u021bele vechi existente pe acest tronson. Este estimat un termen de 4 s\u0103pt\u0103m\u00e2ni de lucru dar, \u00een func\u021bie de situa\u021bia din teren constatat\u0103 dup\u0103 excav\u0103ri, durata lucr\u0103rilor poate suferi modific\u0103ri.<\/p>\n<div class=\"monsterinsights-inline-popular-posts monsterinsights-inline-popular-posts-charlie monsterinsights-popular-posts-styled\">\n<div class=\"monsterinsights-inline-popular-posts-text\"><span class=\"monsterinsights-inline-popular-posts-label\">Vezi \u0219i:<\/span><\/p>\n<div class=\"monsterinsights-inline-popular-posts-post\"><a class=\"monsterinsights-inline-popular-posts-title\" href=\"https:\/\/www.dobrogeanews.ro\/municipiul-tulcea-a-adoptat-o-crestere-minima-a-taxelor-locale-taxa-de-habitat-creste-cu-3-lei-iar-pentru-impozitul-auto-trebuie-sa-depuneti-declaratie\/\">Municipiul Tulcea a adoptat o cre\u0219tere minim\u0103 a taxelor locale. Taxa de habitat cre\u0219te cu 3 lei iar pentru impozitul auto trebuie s\u0103 depune\u021bi declara\u021bie<\/a><\/div>\n<div class=\"monsterinsights-inline-popular-posts-post\"><a class=\"monsterinsights-inline-popular-posts-title\" href=\"https:\/\/www.dobrogeanews.ro\/cine-este-fata-de-18-ani-care-s-a-sinucis-la-tulcea-soapte-intre-lumi\/\">Cine este fata de 18 ani care s-a sinucis la Tulcea. \u0218oapte \u00eentre lumi \u2026<\/a><\/div>\n<div class=\"monsterinsights-inline-popular-posts-post\"><a class=\"monsterinsights-inline-popular-posts-title\" href=\"https:\/\/www.dobrogeanews.ro\/la-babadag-eleviii-continua-sa-primeasca-pachetele-alimentare-prin-programul-national-masa-sanatoasa\/\">La Babadag, elevii continu\u0103 s\u0103 primeasc\u0103 pachetele alimentare prin Programul Na\u021bional \u201eMas\u0103 s\u0103n\u0103toas\u0103\u201d<\/a><\/div>\n<\/div>\n<\/div>\n<p class=\"has-text-align-center has-white-color has-text-color has-background\"><span><a href=\"https:\/\/news.google.com\/publications\/CAAqBwgKMIu5pgsw88O-Aw?ceid=RO:ro&amp;oc=3\">Urm\u0103ri\u0163i \u015etirile Dobrogeanews \u015fi pe Google News<\/a><\/span><\/p>\n<\/div>\n<p>[analyse_source url=&#8221;https:\/\/www.dobrogeanews.ro\/au-inceput-lucrarile-de-reabilitare-pe-strada-bucovinei-din-tulcea-segmentul-intre-strada-babadag-si-strada-mircea-voda-este-inchis-circulatiei-rutiere\/&#8221;]<\/p>\n","protected":false},"excerpt":{"rendered":"<p>[analyse_image type=&#8221;featured&#8221; src=&#8221;https:\/\/dobrogeanews.b-cdn.net\/wp-content\/uploads\/2026\/04\/lucrari-strada-Bucovinei-tulcea2.jpg&#8221;] Urm\u0103re\u015fte-ne \u015fi pe Facebook!57KFollowers Prim\u0103ria Tulcea informeaz\u0103 cet\u0103\u021benii c\u0103 au \u00eenceput lucr\u0103rile de reabilitare pe strada Bucovinei din Tulcea. Segmentul \u00eentre str\u0103zile Babadag \u0219i Mircea Vod\u0103 este \u00eenchis circula\u021biei rutiere. \u0218oferii sunt aten\u021biona\u021bi c\u0103 pe strada Babadag, \u00een dreptul str\u0103zii Bucovinei, circula\u021bia este restric\u021bionat\u0103 la o singur\u0103 band\u0103, pentru realizarea conexiunii la [&hellip;]<\/p>\n","protected":false},"author":1,"featured_media":0,"comment_status":"open","ping_status":"","sticky":false,"template":"","format":"standard","meta":{"footnotes":""},"categories":[89],"tags":[226,223],"class_list":["post-1881877","post","type-post","status-publish","format-standard","hentry","category-romania","tag-crawlmanager","tag-dobrogeanews-ro"],"_links":{"self":[{"href":"https:\/\/analyse.optim.biz\/index.php?rest_route=\/wp\/v2\/posts\/1881877","targetHints":{"allow":["GET"]}}],"collection":[{"href":"https:\/\/analyse.optim.biz\/index.php?rest_route=\/wp\/v2\/posts"}],"about":[{"href":"https:\/\/analyse.optim.biz\/index.php?rest_route=\/wp\/v2\/types\/post"}],"author":[{"embeddable":true,"href":"https:\/\/analyse.optim.biz\/index.php?rest_route=\/wp\/v2\/users\/1"}],"replies":[{"embeddable":true,"href":"https:\/\/analyse.optim.biz\/index.php?rest_route=%2Fwp%2Fv2%2Fcomments&post=1881877"}],"version-history":[{"count":0,"href":"https:\/\/analyse.optim.biz\/index.php?rest_route=\/wp\/v2\/posts\/1881877\/revisions"}],"wp:attachment":[{"href":"https:\/\/analyse.optim.biz\/index.php?rest_route=%2Fwp%2Fv2%2Fmedia&parent=1881877"}],"wp:term":[{"taxonomy":"category","embeddable":true,"href":"https:\/\/analyse.optim.biz\/index.php?rest_route=%2Fwp%2Fv2%2Fcategories&post=1881877"},{"taxonomy":"post_tag","embeddable":true,"href":"https:\/\/analyse.optim.biz\/index.php?rest_route=%2Fwp%2Fv2%2Ftags&post=1881877"}],"curies":[{"name":"wp","href":"https:\/\/api.w.org\/{rel}","templated":true}]}}