{"id":1881852,"date":"2026-04-14T04:15:41","date_gmt":"2026-04-14T01:15:41","guid":{"rendered":"https:\/\/analyse.optim.biz\/?p=1881852"},"modified":"2026-04-14T04:15:41","modified_gmt":"2026-04-14T01:15:41","slug":"magnetii-comunitatii-sucevene","status":"publish","type":"post","link":"https:\/\/analyse.optim.biz\/?p=1881852","title":{"rendered":"\u201dMagne\u021bii\u201d comunit\u0103\u021bii sucevene"},"content":{"rendered":"<p>[analyse_image type=&#8221;featured&#8221; src=&#8221;https:\/\/www.radiotop.ro\/img\/media\/2026\/04\/inviere-nasterea-maicii.jpghttps:\/\/www.radiotop.ro\/img\/media\/2026\/04\/inviere-nasterea-maicii.jpg&#8221;]<\/p>\n<div class=\"entry-content no-share\">\n<div class=\"content-inner \">\n<p>\u0218i \u00een acest an, Noaptea de \u00cenviere a scos foarte mult\u0103 lume din case. Pe m\u0103sur\u0103 ce se apropia ora 24.00, bisericile \u0219i cur\u021bile acestora erau din ce \u00een ce mai populate. De pild\u0103, la Biserica \u201dNa\u0219terea Maicii Domnului\u201d de l\u00eeng\u0103 Palatul de Justi\u021bie din Suceava, dac\u0103 la ora 23.40 \u00eei puteai num\u0103ra pe degete pe oamenii prezen\u021bi \u00een curtea l\u0103ca\u0219ului de cult, cu pu\u021bin timp \u00eenainte ca preo\u021bii s\u0103 spun\u0103 \u00een cor \u201dHristos a \u00eenviat!\u201d era plin de oameni veni\u021bi pe jos, cu ma\u0219inile personale ori adu\u0219i de taxi-uri. Dup\u0103 momentul culminant al Nop\u021bii de \u00cenviere, oamenii, to\u021bi cu lum\u00een\u0103rile aprinse, au \u00eenceput s\u0103 se \u00eendrepte spre casele lor ori ale celor apropia\u021bi, la Biseric\u0103 r\u0103m\u00een\u00eend doar \u201dnucleul dur\u201d al credincio\u0219ilor. La slujb\u0103 au fost prezen\u021bi credincio\u0219i practican\u021bi, unii care merg doar din c\u00eend \u00een c\u00eend la biseric\u0103 \u0219i al\u021bii care calc\u0103 pragul l\u0103ca\u0219urilor de cult doar din an \u00een Pa\u0219te. Noaptea de \u00cenviere a fost un bun prilej de re\u00eent\u00eelnire cu prieteni \u0219i cunoscu\u021bi dup\u0103 un an sau poate mai mul\u021bi.<\/p>\n<p>\u00cen ciuda a ceea ce se spune \u0219i se comenteaz\u0103, Biserica a r\u0103mas un important \u201dmagnet\u201d pentru comunitate \u00een zilele de mare s\u0103rb\u0103toare. \u0218i nu este vorba doar despre Biserica Ortodox\u0103, ci \u0219i despre celelalte biserici. Mai s\u00eent \u0219i unii nedu\u0219i la biseric\u0103, la propriu, dar mai to\u021bi membrii unei comunit\u0103\u021bi calc\u0103 m\u0103car o dat\u0103 pe an pragul unui l\u0103ca\u0219 de cult. Doar pentru a aprinde o lum\u00eenare pentru cei care nu mai s\u00eent, \u0219i tot o fac. \u00cen Noaptea de \u00cenviere, bisericile din municipiul Suceava adun\u0103 mai mult\u0103 lume dec\u00eet ar aduna orice eveniment sportiv sau muzical.<\/p>\n<p>Prim\u0103ria \u0219i Consiliul Jude\u021bean Suceava aloc\u0103 fonduri mai multe sau mai pu\u021bine unor evenimente artistice \u0219i unor cluburi sportive, \u0219i de acela\u0219i tratament ar trebui s\u0103 se bucure \u0219i l\u0103ca\u0219urile de cult. Nu pentru bun\u0103starea preo\u021bilor \u0219i a pastorilor, ci pentru ace\u0219ti \u201dmagne\u021bi\u201d ai comunit\u0103\u021bii, care trebuie s\u0103 aib\u0103 o anumit\u0103 \u021binut\u0103 la \u00eent\u00eelnirea cu publicul.<\/p>\n<p>\u00a0<\/p>\n<\/div>\n<\/div>\n<div class=\"content-inner \">\n<p>\u0218i \u00een acest an, Noaptea de \u00cenviere a scos foarte mult\u0103 lume din case. Pe m\u0103sur\u0103 ce se apropia ora 24.00, bisericile \u0219i cur\u021bile acestora erau din ce \u00een ce mai populate. De pild\u0103, la Biserica \u201dNa\u0219terea Maicii Domnului\u201d de l\u00eeng\u0103 Palatul de Justi\u021bie din Suceava, dac\u0103 la ora 23.40 \u00eei puteai num\u0103ra pe degete pe oamenii prezen\u021bi \u00een curtea l\u0103ca\u0219ului de cult, cu pu\u021bin timp \u00eenainte ca preo\u021bii s\u0103 spun\u0103 \u00een cor \u201dHristos a \u00eenviat!\u201d era plin de oameni veni\u021bi pe jos, cu ma\u0219inile personale ori adu\u0219i de taxi-uri. Dup\u0103 momentul culminant al Nop\u021bii de \u00cenviere, oamenii, to\u021bi cu lum\u00een\u0103rile aprinse, au \u00eenceput s\u0103 se \u00eendrepte spre casele lor ori ale celor apropia\u021bi, la Biseric\u0103 r\u0103m\u00een\u00eend doar \u201dnucleul dur\u201d al credincio\u0219ilor. La slujb\u0103 au fost prezen\u021bi credincio\u0219i practican\u021bi, unii care merg doar din c\u00eend \u00een c\u00eend la biseric\u0103 \u0219i al\u021bii care calc\u0103 pragul l\u0103ca\u0219urilor de cult doar din an \u00een Pa\u0219te. Noaptea de \u00cenviere a fost un bun prilej de re\u00eent\u00eelnire cu prieteni \u0219i cunoscu\u021bi dup\u0103 un an sau poate mai mul\u021bi.<\/p>\n<p>\u00cen ciuda a ceea ce se spune \u0219i se comenteaz\u0103, Biserica a r\u0103mas un important \u201dmagnet\u201d pentru comunitate \u00een zilele de mare s\u0103rb\u0103toare. \u0218i nu este vorba doar despre Biserica Ortodox\u0103, ci \u0219i despre celelalte biserici. Mai s\u00eent \u0219i unii nedu\u0219i la biseric\u0103, la propriu, dar mai to\u021bi membrii unei comunit\u0103\u021bi calc\u0103 m\u0103car o dat\u0103 pe an pragul unui l\u0103ca\u0219 de cult. Doar pentru a aprinde o lum\u00eenare pentru cei care nu mai s\u00eent, \u0219i tot o fac. \u00cen Noaptea de \u00cenviere, bisericile din municipiul Suceava adun\u0103 mai mult\u0103 lume dec\u00eet ar aduna orice eveniment sportiv sau muzical.<\/p>\n<p>Prim\u0103ria \u0219i Consiliul Jude\u021bean Suceava aloc\u0103 fonduri mai multe sau mai pu\u021bine unor evenimente artistice \u0219i unor cluburi sportive, \u0219i de acela\u0219i tratament ar trebui s\u0103 se bucure \u0219i l\u0103ca\u0219urile de cult. Nu pentru bun\u0103starea preo\u021bilor \u0219i a pastorilor, ci pentru ace\u0219ti \u201dmagne\u021bi\u201d ai comunit\u0103\u021bii, care trebuie s\u0103 aib\u0103 o anumit\u0103 \u021binut\u0103 la \u00eent\u00eelnirea cu publicul.<\/p>\n<p>\u00a0<\/p>\n<\/div>\n<p>[analyse_source url=&#8221;https:\/\/www.radiotop.ro\/tableta-zilei\/magnetii-comunitatii-sucevene.html&#8221;]<\/p>\n","protected":false},"excerpt":{"rendered":"<p>[analyse_image type=&#8221;featured&#8221; src=&#8221;https:\/\/www.radiotop.ro\/img\/media\/2026\/04\/inviere-nasterea-maicii.jpghttps:\/\/www.radiotop.ro\/img\/media\/2026\/04\/inviere-nasterea-maicii.jpg&#8221;] \u0218i \u00een acest an, Noaptea de \u00cenviere a scos foarte mult\u0103 lume din case. Pe m\u0103sur\u0103 ce se apropia ora 24.00, bisericile \u0219i cur\u021bile acestora erau din ce \u00een ce mai populate. De pild\u0103, la Biserica \u201dNa\u0219terea Maicii Domnului\u201d de l\u00eeng\u0103 Palatul de Justi\u021bie din Suceava, dac\u0103 la ora 23.40 \u00eei puteai [&hellip;]<\/p>\n","protected":false},"author":1,"featured_media":0,"comment_status":"open","ping_status":"","sticky":false,"template":"","format":"standard","meta":{"footnotes":""},"categories":[89],"tags":[226,163],"class_list":["post-1881852","post","type-post","status-publish","format-standard","hentry","category-romania","tag-crawlmanager","tag-radiotop-ro"],"_links":{"self":[{"href":"https:\/\/analyse.optim.biz\/index.php?rest_route=\/wp\/v2\/posts\/1881852","targetHints":{"allow":["GET"]}}],"collection":[{"href":"https:\/\/analyse.optim.biz\/index.php?rest_route=\/wp\/v2\/posts"}],"about":[{"href":"https:\/\/analyse.optim.biz\/index.php?rest_route=\/wp\/v2\/types\/post"}],"author":[{"embeddable":true,"href":"https:\/\/analyse.optim.biz\/index.php?rest_route=\/wp\/v2\/users\/1"}],"replies":[{"embeddable":true,"href":"https:\/\/analyse.optim.biz\/index.php?rest_route=%2Fwp%2Fv2%2Fcomments&post=1881852"}],"version-history":[{"count":0,"href":"https:\/\/analyse.optim.biz\/index.php?rest_route=\/wp\/v2\/posts\/1881852\/revisions"}],"wp:attachment":[{"href":"https:\/\/analyse.optim.biz\/index.php?rest_route=%2Fwp%2Fv2%2Fmedia&parent=1881852"}],"wp:term":[{"taxonomy":"category","embeddable":true,"href":"https:\/\/analyse.optim.biz\/index.php?rest_route=%2Fwp%2Fv2%2Fcategories&post=1881852"},{"taxonomy":"post_tag","embeddable":true,"href":"https:\/\/analyse.optim.biz\/index.php?rest_route=%2Fwp%2Fv2%2Ftags&post=1881852"}],"curies":[{"name":"wp","href":"https:\/\/api.w.org\/{rel}","templated":true}]}}