{"id":1881845,"date":"2026-04-14T13:25:01","date_gmt":"2026-04-14T10:25:01","guid":{"rendered":"https:\/\/analyse.optim.biz\/?p=1881845"},"modified":"2026-04-14T13:25:01","modified_gmt":"2026-04-14T10:25:01","slug":"furt-de-44-000-de-euro-din-casa-unui-om-de-afaceri-din-falticeni-stiri-suceava","status":"publish","type":"post","link":"https:\/\/analyse.optim.biz\/?p=1881845","title":{"rendered":"Furt de 44.000 de euro din casa unui om de afaceri din F\u0103lticeni &#8211; Stiri Suceava"},"content":{"rendered":"<p>[analyse_image type=&#8221;featured&#8221; src=&#8221;https:\/\/www.informatiata.ro\/wp-content\/uploads\/2026\/04\/Screenshot_20260414_161517-646&#215;1024.jpg&#8221;]<\/p>\n<div class=\"td-post-content tagdiv-type\">\n<div class=\"td-post-featured-image\"><a href=\"https:\/\/www.informatiata.ro\/wp-content\/uploads\/2026\/04\/Screenshot_20260414_161517-scaled.jpg\" data-caption><img loading=\"lazy\" decoding=\"async\" width=\"696\" height=\"1103\" class=\"entry-thumb td-modal-image\" src=\"https:\/\/www.informatiata.ro\/wp-content\/uploads\/2026\/04\/Screenshot_20260414_161517-696x1103.jpg\" alt title=\"Screenshot_20260414_161517\"><img loading=\"lazy\" decoding=\"async\" width=\"696\" height=\"1103\" class=\"entry-thumb td-modal-image\" src=\"https:\/\/www.informatiata.ro\/wp-content\/uploads\/2026\/04\/Screenshot_20260414_161517-696x1103.jpg\" alt title=\"Screenshot_20260414_161517\"><\/a><\/div>\n<p>Furt de 44.000 de euro din casa unui om de afaceri din F\u0103lticeni. Ho\u021bii ar fi intrat \u00een cas\u0103 pe un geam rabatat de la buc\u0103t\u0103rie.<\/p>\n<p>La data de 12 aprilie, \u00een jurul orei 11.00, lucr\u0103torii Poli\u021bia Municipiului F\u0103lticeni au fost sesiza\u021bi de c\u0103tre o persoan\u0103 din localitate cu privire la faptul c\u0103 din locuin\u021ba sa ar fi fost sustras\u0103 o sum\u0103 de bani.<\/p>\n<div class=\"td-a-rec td-a-rec-id-content_inlineright  tdi_6 td_block_template_1\"><img loading=\"lazy\" decoding=\"async\" class=\"aligncenter size-full wp-image-64555\" src=\"https:\/\/www.informatiata.ro\/wp-content\/uploads\/2026\/04\/SAVCOM-13.gif\" alt width=\"299\" height=\"250\"><img loading=\"lazy\" decoding=\"async\" class=\"aligncenter size-full wp-image-64555\" src=\"https:\/\/www.informatiata.ro\/wp-content\/uploads\/2026\/04\/SAVCOM-13.gif\" alt width=\"299\" height=\"250\"><img loading=\"lazy\" decoding=\"async\" class=\"aligncenter size-full wp-image-64556\" src=\"https:\/\/www.informatiata.ro\/wp-content\/uploads\/2026\/04\/FACOS-11.gif\" alt width=\"300\" height=\"250\"><img loading=\"lazy\" decoding=\"async\" class=\"aligncenter size-full wp-image-64556\" src=\"https:\/\/www.informatiata.ro\/wp-content\/uploads\/2026\/04\/FACOS-11.gif\" alt width=\"300\" height=\"250\"><\/div>\n<p>Din verific\u0103rile efectuate la fa\u021ba locului, s-a stabilit c\u0103 proprietarul imobilului a lipsit de la domiciliu, iar la \u00eentoarcere nu a observat ini\u021bial elemente suspecte care s\u0103 indice o posibil\u0103 p\u0103trundere \u00een locuin\u021b\u0103.<\/p>\n<p>Ulterior, \u00een diminea\u021ba zilei de 12 aprilie, \u00een jurul orei 10.45, au fost observate urme de noroi pe covorul din living, aspect care a ridicat suspiciuni \u0219i a determinat verific\u0103ri suplimentare \u00een locuin\u021b\u0103.<\/p>\n<p>\u00cen acel moment, s-a constatat c\u0103 persoane necunoscute ar fi p\u0103truns \u00een imobil prin for\u021barea unui geam din buc\u0103t\u0103rie, l\u0103sat \u00een pozi\u021bie rabatat\u0103.<\/p>\n<p>\u00cen urma controlului efectuat \u00een interior, s-a stabilit c\u0103 dintr-o agend\u0103 \u0219i dintr-un dulap lipsesc sume de bani, mai exact 44.000 de euro.<\/p>\n<p>\u00cen cauz\u0103 a fost \u00eentocmit dosar penal sub aspectul s\u0103v\u00e2r\u0219irii infrac\u021biunii de furt calificat, urm\u00e2nd ca cercet\u0103rile s\u0103 fie continuate de lucr\u0103torii din cadrul structurii competente din F\u0103lticeni, \u00een vederea stabilirii cu exactitate a \u00eemprejur\u0103rilor \u0219i identific\u0103rii persoanelor implicate.<\/p>\n<div class=\"td-a-rec td-a-rec-id-content_bottom  tdi_7 td_block_template_1\"><img loading=\"lazy\" decoding=\"async\" class=\"aligncenter size-large wp-image-64642\" src=\"https:\/\/www.informatiata.ro\/wp-content\/uploads\/2026\/04\/felicitare-bun-Dzimi-1024x612.jpg\" alt width=\"696\" height=\"416\"><img loading=\"lazy\" decoding=\"async\" class=\"aligncenter size-large wp-image-64642\" src=\"https:\/\/www.informatiata.ro\/wp-content\/uploads\/2026\/04\/felicitare-bun-Dzimi-1024x612.jpg\" alt width=\"696\" height=\"416\"><img loading=\"lazy\" decoding=\"async\" class=\"aligncenter size-large wp-image-64641\" src=\"https:\/\/www.informatiata.ro\/wp-content\/uploads\/2026\/04\/felicitare-bun-balan-1024x765.jpg\" alt width=\"696\" height=\"520\"><img loading=\"lazy\" decoding=\"async\" class=\"aligncenter size-large wp-image-64641\" src=\"https:\/\/www.informatiata.ro\/wp-content\/uploads\/2026\/04\/felicitare-bun-balan-1024x765.jpg\" alt width=\"696\" height=\"520\"><img loading=\"lazy\" decoding=\"async\" class=\"aligncenter size-large wp-image-64643\" src=\"https:\/\/www.informatiata.ro\/wp-content\/uploads\/2026\/04\/felicitare-bun-boliacu-1024x1024.jpg\" alt width=\"696\" height=\"696\"><img loading=\"lazy\" decoding=\"async\" class=\"aligncenter size-large wp-image-64643\" src=\"https:\/\/www.informatiata.ro\/wp-content\/uploads\/2026\/04\/felicitare-bun-boliacu-1024x1024.jpg\" alt width=\"696\" height=\"696\"><\/div>\n<\/div>\n<p>[analyse_source url=&#8221;https:\/\/www.informatiata.ro\/furt-de-44-000-euro-casa-afacerist-falticeni\/&#8221;]<\/p>\n","protected":false},"excerpt":{"rendered":"<p>[analyse_image type=&#8221;featured&#8221; src=&#8221;https:\/\/www.informatiata.ro\/wp-content\/uploads\/2026\/04\/Screenshot_20260414_161517-646&#215;1024.jpg&#8221;] Furt de 44.000 de euro din casa unui om de afaceri din F\u0103lticeni. Ho\u021bii ar fi intrat \u00een cas\u0103 pe un geam rabatat de la buc\u0103t\u0103rie. La data de 12 aprilie, \u00een jurul orei 11.00, lucr\u0103torii Poli\u021bia Municipiului F\u0103lticeni au fost sesiza\u021bi de c\u0103tre o persoan\u0103 din localitate cu privire la faptul [&hellip;]<\/p>\n","protected":false},"author":1,"featured_media":0,"comment_status":"open","ping_status":"","sticky":false,"template":"","format":"standard","meta":{"footnotes":""},"categories":[89],"tags":[226,167],"class_list":["post-1881845","post","type-post","status-publish","format-standard","hentry","category-romania","tag-crawlmanager","tag-informatiata-ro"],"_links":{"self":[{"href":"https:\/\/analyse.optim.biz\/index.php?rest_route=\/wp\/v2\/posts\/1881845","targetHints":{"allow":["GET"]}}],"collection":[{"href":"https:\/\/analyse.optim.biz\/index.php?rest_route=\/wp\/v2\/posts"}],"about":[{"href":"https:\/\/analyse.optim.biz\/index.php?rest_route=\/wp\/v2\/types\/post"}],"author":[{"embeddable":true,"href":"https:\/\/analyse.optim.biz\/index.php?rest_route=\/wp\/v2\/users\/1"}],"replies":[{"embeddable":true,"href":"https:\/\/analyse.optim.biz\/index.php?rest_route=%2Fwp%2Fv2%2Fcomments&post=1881845"}],"version-history":[{"count":0,"href":"https:\/\/analyse.optim.biz\/index.php?rest_route=\/wp\/v2\/posts\/1881845\/revisions"}],"wp:attachment":[{"href":"https:\/\/analyse.optim.biz\/index.php?rest_route=%2Fwp%2Fv2%2Fmedia&parent=1881845"}],"wp:term":[{"taxonomy":"category","embeddable":true,"href":"https:\/\/analyse.optim.biz\/index.php?rest_route=%2Fwp%2Fv2%2Fcategories&post=1881845"},{"taxonomy":"post_tag","embeddable":true,"href":"https:\/\/analyse.optim.biz\/index.php?rest_route=%2Fwp%2Fv2%2Ftags&post=1881845"}],"curies":[{"name":"wp","href":"https:\/\/api.w.org\/{rel}","templated":true}]}}