{"id":1881810,"date":"2026-04-14T15:25:26","date_gmt":"2026-04-14T12:25:26","guid":{"rendered":"https:\/\/analyse.optim.biz\/?p=1881810"},"modified":"2026-04-14T15:25:26","modified_gmt":"2026-04-14T12:25:26","slug":"tanar-din-buzau-protagonist-al-unei-crime-infioratoare-in-italia-ce-rol-a-avut","status":"publish","type":"post","link":"https:\/\/analyse.optim.biz\/?p=1881810","title":{"rendered":"T\u00e2n\u0103r din Buz\u0103u, protagonist al unei crime \u00eenfior\u0103toare \u00een Italia. Ce rol a avut"},"content":{"rendered":"<p>[analyse_image type=&#8221;featured&#8221; src=&#8221;https:\/\/sansanews.ro\/wp-content\/uploads\/2026\/04\/index.jpghttps:\/\/sansanews.ro\/wp-content\/uploads\/2026\/04\/index.jpg&#8221;]<\/p>\n<div class=\"entry-content herald-entry-content\">\n<div class=\"herald-ad herald-ad-above-single\"><img loading=\"lazy\" decoding=\"async\" src=\"https:\/\/sansanews.ro\/wp-content\/uploads\/2026\/04\/berca-pasti-1024x363.jpg\" alt width=\"1024\" height=\"363\" class=\"aligncenter size-large wp-image-119268\"><img loading=\"lazy\" decoding=\"async\" src=\"https:\/\/sansanews.ro\/wp-content\/uploads\/2026\/04\/Calvini-pasti-1024x363.jpg\" alt width=\"1024\" height=\"363\" class=\"aligncenter size-large wp-image-119269\"><img loading=\"lazy\" decoding=\"async\" src=\"https:\/\/sansanews.ro\/wp-content\/uploads\/2026\/04\/Cernatesti-pasti-1024x363.jpg\" alt width=\"1024\" height=\"363\" class=\"aligncenter size-large wp-image-119270\"><img loading=\"lazy\" decoding=\"async\" src=\"https:\/\/sansanews.ro\/wp-content\/uploads\/2026\/04\/Gura-teghi-pasti-1024x363.jpg\" alt width=\"1024\" height=\"363\" class=\"aligncenter size-large wp-image-119271\"><img loading=\"lazy\" decoding=\"async\" src=\"https:\/\/sansanews.ro\/wp-content\/uploads\/2026\/04\/Luciu-pasti-1024x363.jpg\" alt width=\"1024\" height=\"363\" class=\"aligncenter size-large wp-image-119272\"><img loading=\"lazy\" decoding=\"async\" src=\"https:\/\/sansanews.ro\/wp-content\/uploads\/2026\/04\/Maracineni-pasti-1024x363.jpg\" alt width=\"1024\" height=\"363\" class=\"aligncenter size-large wp-image-119273\"><\/div>\n<p>Comunitatea din Massa, o localitate<br \/>\ndin Italia, \u00a0este \u00een stare de \u0219oc dup\u0103 o<br \/>\ncrim\u0103 de o cruzime rar\u0103, petrecut\u0103 \u00een noaptea de \u00cenviere, \u00een care este implicat<br \/>\ndirect un t\u00e2n\u0103r originar din jude\u021bul Buz\u0103u. Eduard Alin C\u0103ru\u021ba\u0219u, \u00een v\u00e2rst\u0103 de<br \/>\n19 ani, stabilit \u00een Italia, a fost arestat al\u0103turi de un alt rom\u00e2n sub acuza\u021bia<br \/>\nc\u0103 au ucis \u00een b\u0103taie un italian de 47 de ani.<\/p>\n<p>Totul ar fi pornit de la un motiv<br \/>\nincredibil de banal. Victima, Giacomo Bongiorni, era \u00een ora\u0219 cu partenera sa \u0219i<br \/>\nfiul de 11 ani. Observ\u00e2nd un grup de tineri care aruncau cu sticle spre vitrina<br \/>\nunui magazin, italianul le-a cerut s\u0103 \u00eenceteze pentru a nu r\u0103ni pe cineva. Reac\u021bia<br \/>\ntinerilor a fost de o violen\u021b\u0103 extrem\u0103: s-au n\u0103pustit asupra b\u0103rbatului,<br \/>\nlovindu-l cu pumnii \u0219i picioarele p\u00e2n\u0103 c\u00e2nd acesta s-a pr\u0103bu\u0219it la p\u0103m\u00e2nt. Agresorii<br \/>\nau fugit de la fa\u021ba locului abia c\u00e2nd au realizat c\u0103 b\u0103rbatul nu mai respir\u0103.<\/p>\n<p>Poli\u021bi\u0219tii italieni l-au identificat<br \/>\npe agresori, respective t\u00e2n\u0103rul buzoian \u0219i complicele s\u0103u, Alexandru Ionu\u021b<br \/>\nMiron, de 23 de ani, cu ajutorul camerelor de supraveghere \u0219i al martorilor.<br \/>\nCei doi au fost re\u021binu\u021bi sub acuza\u021bia de omor \u00een complicitate. \u00cen dosar este<br \/>\ncercetat \u0219i un minor. Autorit\u0103\u021bile continu\u0103 ancheta pentru a stabili cu<br \/>\nexactitate rolul fiec\u0103ruia \u00een acest atac s\u00e2ngeros.<\/p>\n<p>Detalii suplimentare despre acest caz cutremur\u0103tor g\u0103si\u021bi <a href=\"https:\/\/rotalianul.com\/doi-tineri-romani-au-ucis-in-bataie-un-italian-in-fata-copilului-sau-de-11-ani-in-noapte-de-inviere-s-au-oprit-abia-cand-si-au-dat-seama-ca-l-au-omorat\/\">AICI.<\/a><\/p>\n<div class=\"herald-share-content\">\n<div class=\"meks_ess rectangle no-labels outline\"><a class=\"meks_ess-item socicon-facebook\" data-url=\"http:\/\/www.facebook.com\/sharer\/sharer.php?u=https%3A%2F%2Fsansanews.ro%2Ftanar-din-buzau-protagonist-al-unei-crime-infioratoare-in-italia-ce-rol-a-avut%2F&amp;t=T%C3%A2n%C4%83r%20din%20Buz%C4%83u%2C%20protagonist%20al%20unei%20crime%20%C3%AEnfior%C4%83toare%20%C3%AEn%20Italia.%20Ce%20rol%20a%20avut\"><span>Facebook<\/span><\/a><a href=\"https:\/\/api.whatsapp.com\/send?text=T%C3%A2n%C4%83r%20din%20Buz%C4%83u%2C%20protagonist%20al%20unei%20crime%20%C3%AEnfior%C4%83toare%20%C3%AEn%20Italia.%20Ce%20rol%20a%20avut%20https%3A%2F%2Fsansanews.ro%2Ftanar-din-buzau-protagonist-al-unei-crime-infioratoare-in-italia-ce-rol-a-avut%2F\" class=\"meks_ess-item socicon-whatsapp prevent-share-popup\"><span>WhatsApp<\/span><\/a><a class=\"meks_ess-item socicon-twitter\" data-url=\"http:\/\/twitter.com\/intent\/tweet?url=https%3A%2F%2Fsansanews.ro%2Ftanar-din-buzau-protagonist-al-unei-crime-infioratoare-in-italia-ce-rol-a-avut%2F&amp;text=T%C3%A2n%C4%83r%20din%20Buz%C4%83u%2C%20protagonist%20al%20unei%20crime%20%C3%AEnfior%C4%83toare%20%C3%AEn%20Italia.%20Ce%20rol%20a%20avut\"><span>Twitter<\/span><\/a><a class=\"meks_ess-item socicon-pinterest\" data-url=\"http:\/\/pinterest.com\/pin\/create\/button\/?url=https%3A%2F%2Fsansanews.ro%2Ftanar-din-buzau-protagonist-al-unei-crime-infioratoare-in-italia-ce-rol-a-avut%2F&amp;media=https%3A%2F%2Fsansanews.ro%2Fwp-content%2Fuploads%2F2026%2F04%2Findex.jpg&amp;description=T%C3%A2n%C4%83r%20din%20Buz%C4%83u%2C%20protagonist%20al%20unei%20crime%20%C3%AEnfior%C4%83toare%20%C3%AEn%20Italia.%20Ce%20rol%20a%20avut\"><span>Pinterest<\/span><\/a><\/div>\n<\/div>\n<\/div>\n<div class=\"entry-content herald-entry-content\">\n<div class=\"herald-ad herald-ad-above-single\"><img loading=\"lazy\" decoding=\"async\" src=\"https:\/\/sansanews.ro\/wp-content\/uploads\/2026\/04\/berca-pasti-1024x363.jpg\" alt width=\"1024\" height=\"363\" class=\"aligncenter size-large wp-image-119268\"><img loading=\"lazy\" decoding=\"async\" src=\"https:\/\/sansanews.ro\/wp-content\/uploads\/2026\/04\/Calvini-pasti-1024x363.jpg\" alt width=\"1024\" height=\"363\" class=\"aligncenter size-large wp-image-119269\"><img loading=\"lazy\" decoding=\"async\" src=\"https:\/\/sansanews.ro\/wp-content\/uploads\/2026\/04\/Cernatesti-pasti-1024x363.jpg\" alt width=\"1024\" height=\"363\" class=\"aligncenter size-large wp-image-119270\"><img loading=\"lazy\" decoding=\"async\" src=\"https:\/\/sansanews.ro\/wp-content\/uploads\/2026\/04\/Gura-teghi-pasti-1024x363.jpg\" alt width=\"1024\" height=\"363\" class=\"aligncenter size-large wp-image-119271\"><img loading=\"lazy\" decoding=\"async\" src=\"https:\/\/sansanews.ro\/wp-content\/uploads\/2026\/04\/Luciu-pasti-1024x363.jpg\" alt width=\"1024\" height=\"363\" class=\"aligncenter size-large wp-image-119272\"><img loading=\"lazy\" decoding=\"async\" src=\"https:\/\/sansanews.ro\/wp-content\/uploads\/2026\/04\/Maracineni-pasti-1024x363.jpg\" alt width=\"1024\" height=\"363\" class=\"aligncenter size-large wp-image-119273\"><\/div>\n<p>Comunitatea din Massa, o localitate<br \/>\ndin Italia, \u00a0este \u00een stare de \u0219oc dup\u0103 o<br \/>\ncrim\u0103 de o cruzime rar\u0103, petrecut\u0103 \u00een noaptea de \u00cenviere, \u00een care este implicat<br \/>\ndirect un t\u00e2n\u0103r originar din jude\u021bul Buz\u0103u. Eduard Alin C\u0103ru\u021ba\u0219u, \u00een v\u00e2rst\u0103 de<br \/>\n19 ani, stabilit \u00een Italia, a fost arestat al\u0103turi de un alt rom\u00e2n sub acuza\u021bia<br \/>\nc\u0103 au ucis \u00een b\u0103taie un italian de 47 de ani.<\/p>\n<p>Totul ar fi pornit de la un motiv<br \/>\nincredibil de banal. Victima, Giacomo Bongiorni, era \u00een ora\u0219 cu partenera sa \u0219i<br \/>\nfiul de 11 ani. Observ\u00e2nd un grup de tineri care aruncau cu sticle spre vitrina<br \/>\nunui magazin, italianul le-a cerut s\u0103 \u00eenceteze pentru a nu r\u0103ni pe cineva. Reac\u021bia<br \/>\ntinerilor a fost de o violen\u021b\u0103 extrem\u0103: s-au n\u0103pustit asupra b\u0103rbatului,<br \/>\nlovindu-l cu pumnii \u0219i picioarele p\u00e2n\u0103 c\u00e2nd acesta s-a pr\u0103bu\u0219it la p\u0103m\u00e2nt. Agresorii<br \/>\nau fugit de la fa\u021ba locului abia c\u00e2nd au realizat c\u0103 b\u0103rbatul nu mai respir\u0103.<\/p>\n<p>Poli\u021bi\u0219tii italieni l-au identificat<br \/>\npe agresori, respective t\u00e2n\u0103rul buzoian \u0219i complicele s\u0103u, Alexandru Ionu\u021b<br \/>\nMiron, de 23 de ani, cu ajutorul camerelor de supraveghere \u0219i al martorilor.<br \/>\nCei doi au fost re\u021binu\u021bi sub acuza\u021bia de omor \u00een complicitate. \u00cen dosar este<br \/>\ncercetat \u0219i un minor. Autorit\u0103\u021bile continu\u0103 ancheta pentru a stabili cu<br \/>\nexactitate rolul fiec\u0103ruia \u00een acest atac s\u00e2ngeros.<\/p>\n<p>Detalii suplimentare despre acest caz cutremur\u0103tor g\u0103si\u021bi <a href=\"https:\/\/rotalianul.com\/doi-tineri-romani-au-ucis-in-bataie-un-italian-in-fata-copilului-sau-de-11-ani-in-noapte-de-inviere-s-au-oprit-abia-cand-si-au-dat-seama-ca-l-au-omorat\/\">AICI.<\/a><\/p>\n<div class=\"herald-share-content\">\n<div class=\"meks_ess rectangle no-labels outline\"><a class=\"meks_ess-item socicon-facebook\" data-url=\"http:\/\/www.facebook.com\/sharer\/sharer.php?u=https%3A%2F%2Fsansanews.ro%2Ftanar-din-buzau-protagonist-al-unei-crime-infioratoare-in-italia-ce-rol-a-avut%2F&amp;t=T%C3%A2n%C4%83r%20din%20Buz%C4%83u%2C%20protagonist%20al%20unei%20crime%20%C3%AEnfior%C4%83toare%20%C3%AEn%20Italia.%20Ce%20rol%20a%20avut\"><span>Facebook<\/span><\/a><a href=\"https:\/\/api.whatsapp.com\/send?text=T%C3%A2n%C4%83r%20din%20Buz%C4%83u%2C%20protagonist%20al%20unei%20crime%20%C3%AEnfior%C4%83toare%20%C3%AEn%20Italia.%20Ce%20rol%20a%20avut%20https%3A%2F%2Fsansanews.ro%2Ftanar-din-buzau-protagonist-al-unei-crime-infioratoare-in-italia-ce-rol-a-avut%2F\" class=\"meks_ess-item socicon-whatsapp prevent-share-popup\"><span>WhatsApp<\/span><\/a><a class=\"meks_ess-item socicon-twitter\" data-url=\"http:\/\/twitter.com\/intent\/tweet?url=https%3A%2F%2Fsansanews.ro%2Ftanar-din-buzau-protagonist-al-unei-crime-infioratoare-in-italia-ce-rol-a-avut%2F&amp;text=T%C3%A2n%C4%83r%20din%20Buz%C4%83u%2C%20protagonist%20al%20unei%20crime%20%C3%AEnfior%C4%83toare%20%C3%AEn%20Italia.%20Ce%20rol%20a%20avut\"><span>Twitter<\/span><\/a><a class=\"meks_ess-item socicon-pinterest\" data-url=\"http:\/\/pinterest.com\/pin\/create\/button\/?url=https%3A%2F%2Fsansanews.ro%2Ftanar-din-buzau-protagonist-al-unei-crime-infioratoare-in-italia-ce-rol-a-avut%2F&amp;media=https%3A%2F%2Fsansanews.ro%2Fwp-content%2Fuploads%2F2026%2F04%2Findex.jpg&amp;description=T%C3%A2n%C4%83r%20din%20Buz%C4%83u%2C%20protagonist%20al%20unei%20crime%20%C3%AEnfior%C4%83toare%20%C3%AEn%20Italia.%20Ce%20rol%20a%20avut\"><span>Pinterest<\/span><\/a><\/div>\n<\/div>\n<\/div>\n<p>[analyse_source url=&#8221;https:\/\/sansanews.ro\/tanar-din-buzau-protagonist-al-unei-crime-infioratoare-in-italia-ce-rol-a-avut\/&#8221;]<\/p>\n","protected":false},"excerpt":{"rendered":"<p>[analyse_image type=&#8221;featured&#8221; src=&#8221;https:\/\/sansanews.ro\/wp-content\/uploads\/2026\/04\/index.jpghttps:\/\/sansanews.ro\/wp-content\/uploads\/2026\/04\/index.jpg&#8221;] Comunitatea din Massa, o localitate din Italia, \u00a0este \u00een stare de \u0219oc dup\u0103 o crim\u0103 de o cruzime rar\u0103, petrecut\u0103 \u00een noaptea de \u00cenviere, \u00een care este implicat direct un t\u00e2n\u0103r originar din jude\u021bul Buz\u0103u. Eduard Alin C\u0103ru\u021ba\u0219u, \u00een v\u00e2rst\u0103 de 19 ani, stabilit \u00een Italia, a fost arestat al\u0103turi de un [&hellip;]<\/p>\n","protected":false},"author":1,"featured_media":0,"comment_status":"open","ping_status":"","sticky":false,"template":"","format":"standard","meta":{"footnotes":""},"categories":[2],"tags":[226,51],"class_list":["post-1881810","post","type-post","status-publish","format-standard","hentry","category-politics","tag-crawlmanager","tag-sansanews-ro"],"_links":{"self":[{"href":"https:\/\/analyse.optim.biz\/index.php?rest_route=\/wp\/v2\/posts\/1881810","targetHints":{"allow":["GET"]}}],"collection":[{"href":"https:\/\/analyse.optim.biz\/index.php?rest_route=\/wp\/v2\/posts"}],"about":[{"href":"https:\/\/analyse.optim.biz\/index.php?rest_route=\/wp\/v2\/types\/post"}],"author":[{"embeddable":true,"href":"https:\/\/analyse.optim.biz\/index.php?rest_route=\/wp\/v2\/users\/1"}],"replies":[{"embeddable":true,"href":"https:\/\/analyse.optim.biz\/index.php?rest_route=%2Fwp%2Fv2%2Fcomments&post=1881810"}],"version-history":[{"count":0,"href":"https:\/\/analyse.optim.biz\/index.php?rest_route=\/wp\/v2\/posts\/1881810\/revisions"}],"wp:attachment":[{"href":"https:\/\/analyse.optim.biz\/index.php?rest_route=%2Fwp%2Fv2%2Fmedia&parent=1881810"}],"wp:term":[{"taxonomy":"category","embeddable":true,"href":"https:\/\/analyse.optim.biz\/index.php?rest_route=%2Fwp%2Fv2%2Fcategories&post=1881810"},{"taxonomy":"post_tag","embeddable":true,"href":"https:\/\/analyse.optim.biz\/index.php?rest_route=%2Fwp%2Fv2%2Ftags&post=1881810"}],"curies":[{"name":"wp","href":"https:\/\/api.w.org\/{rel}","templated":true}]}}