{"id":1881616,"date":"2026-04-14T09:50:39","date_gmt":"2026-04-14T06:50:39","guid":{"rendered":"https:\/\/analyse.optim.biz\/?p=1881616"},"modified":"2026-04-14T09:50:39","modified_gmt":"2026-04-14T06:50:39","slug":"cu-dumnezeu-inainte-dominic-fritz-a-descins-in-a-treia-zi-de-paste-ca-sa-evacueze-vila-de-pe-loga-52","status":"publish","type":"post","link":"https:\/\/analyse.optim.biz\/?p=1881616","title":{"rendered":"Cu Dumnezeu \u00eenainte! Dominic Fritz a descins \u00een a treia zi de Pa\u0219te, ca s\u0103 evacueze vila de pe Loga 52"},"content":{"rendered":"<p>[analyse_image type=&#8221;featured&#8221; src=&#8221;https:\/\/focustim.ro\/wp-content\/uploads\/2024\/07\/fritz.jpeg&#8221;]<\/p>\n<article id=\"post-39962\" class=\"penci-single-artcontent noloaddisqus post-39962 post type-post status-publish format-standard has-post-thumbnail hentry category-actualitate category-administratie category-featured tag-casa tag-fritz penci-post-item\">\n<header class=\"entry-header penci-entry-header penci-title-\">\n<div class=\"penci-entry-categories\"><span class=\"penci-cat-links\"><a href=\"https:\/\/focustim.ro\/category\/actualitate\/\" rel=\"category tag\">Actualitate<\/a><a href=\"https:\/\/focustim.ro\/category\/administratie\/\" rel=\"category tag\">Administra\u021bie<\/a><a href=\"https:\/\/focustim.ro\/category\/featured\/\" rel=\"category tag\">Featured<\/a><\/span><\/div>\n<h1 class=\"entry-title penci-entry-title penci-title-\">Cu Dumnezeu \u00eenainte! Dominic Fritz a descins \u00een a treia zi de Pa\u0219te, ca s\u0103 evacueze vila de pe Loga 52<\/h1>\n<div class=\"entry-meta penci-entry-meta\"><span class=\"entry-meta-item penci-posted-on\"><time class=\"entry-date published\" datetime=\"2026-04-14T12:50:39+03:00\">14\/04\/2026<\/time><time class=\"updated\" datetime=\"2026-04-14T12:50:45+03:00\">14\/04\/2026<\/time><\/span><span class=\"entry-meta-item penci-comment-count\"><a class=\"penci_pmeta-link\" href=\"https:\/\/focustim.ro\/cu-dumnezeu-inainte-dominic-fritz-a-descins-in-a-treia-zi-de-paste-ca-sa-evacueze-vila-de-pe-loga-52\/#respond\">0<\/a><\/span><\/div>\n<p><span class=\"penci-social-buttons penci-social-share-footer\"><span class=\"penci-social-share-text\">Distribuie<\/span><a href=\"https:\/\/focustim.ro\/cu-dumnezeu-inainte-dominic-fritz-a-descins-in-a-treia-zi-de-paste-ca-sa-evacueze-vila-de-pe-loga-52\/\" class=\"penci-post-like penci_post-meta_item  single-like-button penci-social-item like\" data-post_id=\"39962\" title=\"Like\" data-like=\"Like\" data-unlike=\"Unlike\"><span class=\"penci-share-number\">0<\/span><\/a><\/span><\/header>\n<div class=\"entry-media penci-entry-media\">\n<div class=\"post-format-meta \">\n<div class=\"post-image penci-standard-format\"><img decoding=\"async\" width=\"960\" height=\"1280\" src=\"https:\/\/focustim.ro\/wp-content\/uploads\/2024\/07\/fritz-960x1280.jpeg\" class=\"attachment-penci-thumb-960-auto size-penci-thumb-960-auto wp-post-image\" alt loading=\"lazy\"><\/div>\n<\/div>\n<\/div>\n<div class=\"penci-entry-content entry-content\">\n<p>Pa\u0219te zbuciumat pentru clanul de romi care ocupa ilegal cl\u0103direa de pe C. D Loga 52, recuperat\u0103 \u00een instan\u021b\u0103 de administra\u021bia Fritz. Primarul Timi\u0219oarei a descins, ast\u0103zi, \u00een a treia zi de Pa\u0219te, cu autorit\u0103\u021bile peste romi. Primarul a descins acolo cu for\u021bele de ordine ca s\u0103 elibereze cl\u0103direa. De ce s-a ales fix aceast\u0103 zi, simbolic\u0103 pentru cre\u0219tini, nu \u0219tie nimeni. <\/p>\n<p>\u201dAzi am intrat \u00een vila de pe Loga 52, ocupat\u0103 ilegal\u0103 timp de decenii. E o zi istoric\u0103 pentru Timi\u015foara. Rana din zona zero a ora\u015fului \u00eencepe s\u0103 se vindece. Loga 52 e prima cas\u0103 de aici care se \u00eentoarce \u00een patrimoniul ora\u015fului. (\u2026) A fost o lupt\u0103 lung\u0103. Se fac 2 ani jumate de c\u00e2nd am redob\u00e2ndit-o \u00een acte, au urmat noi procese \u015fi blocaje \u00een justi\u0163ie pentru c\u0103 au refuzat s\u0103 evacueze vila. Azi, \u00een sf\u00e2r\u015fit, am intrat cu for\u0163ele de ordine s\u0103 ne recuper\u0103m casa. Nu ne-a a\u015fteptat nimeni cu cheia. Vila de pe Loga 52 e una din casele cu poveste \u00eenc\u00e2lcit\u0103 \u015fi dubioas\u0103 din centru Timi\u015foarei ajuns\u0103 dup\u0103 anii 90 \u00een m\u00e2inile celor care au luat ilegal multe din imobilele istorice \u015fi le-au mutilat. Noi vom face aici gr\u0103dini\u0163\u0103\u201d, a scris Dominic Fritz pe Facebook.\u00a0<\/p>\n<div class=\"sharedaddy sd-sharing-enabled\">\n<div class=\"robots-nocontent sd-block sd-social sd-social-icon-text sd-sharing\">\n<h3 class=\"sd-title\">Partajeaz\u0103 asta:<\/h3>\n<div class=\"sd-content\">\n<ul>\n<li class=\"share-twitter\"><a rel=\"nofollow noopener noreferrer\" data-shared=\"sharing-twitter-39962\" class=\"share-twitter sd-button share-icon\" href=\"https:\/\/focustim.ro\/cu-dumnezeu-inainte-dominic-fritz-a-descins-in-a-treia-zi-de-paste-ca-sa-evacueze-vila-de-pe-loga-52\/?share=twitter\" target=\"_blank\" title=\"D\u0103 clic pentru a partaja pe Twitter\"><span>Twitter<\/span><\/a><\/li>\n<li class=\"share-facebook\"><a rel=\"nofollow noopener noreferrer\" data-shared=\"sharing-facebook-39962\" class=\"share-facebook sd-button share-icon\" href=\"https:\/\/focustim.ro\/cu-dumnezeu-inainte-dominic-fritz-a-descins-in-a-treia-zi-de-paste-ca-sa-evacueze-vila-de-pe-loga-52\/?share=facebook\" target=\"_blank\" title=\"D\u0103 clic pentru a partaja pe Facebook\"><span>Facebook<\/span><\/a><\/li>\n<li class=\"share-end\"><\/ul>\n<\/div>\n<\/div>\n<\/div>\n<div class=\"sharedaddy sd-block sd-like jetpack-likes-widget-wrapper jetpack-likes-widget-unloaded\" id=\"like-post-wrapper-167025405-39962-69de4482a24d7\" data-src=\"https:\/\/widgets.wp.com\/likes\/#blog_id=167025405&amp;post_id=39962&amp;origin=focustim.ro&amp;obj_id=167025405-39962-69de4482a24d7\" data-name=\"like-post-frame-167025405-39962-69de4482a24d7\" data-title=\"Apreciaz\u0103 sau republic\u0103\">\n<h3 class=\"sd-title\">Apreciaz\u0103:<\/h3>\n<div class=\"likes-widget-placeholder post-likes-widget-placeholder\"><span class=\"button\"><span>Apreciere<\/span><\/span><span class=\"loading\">\u00cencarc&#8230;<\/span><\/div>\n<\/div>\n<\/div>\n<footer class=\"penci-entry-footer\">\n<div class=\"penci-source-via-tags-wrap\"><span class=\"tags-links penci-tags-links\"><a href=\"https:\/\/focustim.ro\/tag\/casa\/\" rel=\"tag\">casa<\/a><a href=\"https:\/\/focustim.ro\/tag\/fritz\/\" rel=\"tag\">Fritz<\/a><\/span><\/div>\n<p><span class=\"penci-social-buttons penci-social-share-footer\"><span class=\"penci-social-share-text\">Distribuie<\/span><a href=\"https:\/\/focustim.ro\/cu-dumnezeu-inainte-dominic-fritz-a-descins-in-a-treia-zi-de-paste-ca-sa-evacueze-vila-de-pe-loga-52\/\" class=\"penci-post-like penci_post-meta_item  single-like-button penci-social-item like\" data-post_id=\"39962\" title=\"Like\" data-like=\"Like\" data-unlike=\"Unlike\"><span class=\"penci-share-number\">0<\/span><\/a><\/span><\/footer>\n<\/article>\n<div class=\"penci-entry-content entry-content\">\n<p>Pa\u0219te zbuciumat pentru clanul de romi care ocupa ilegal cl\u0103direa de pe C. D Loga 52, recuperat\u0103 \u00een instan\u021b\u0103 de administra\u021bia Fritz. Primarul Timi\u0219oarei a descins, ast\u0103zi, \u00een a treia zi de Pa\u0219te, cu autorit\u0103\u021bile peste romi. Primarul a descins acolo cu for\u021bele de ordine ca s\u0103 elibereze cl\u0103direa. De ce s-a ales fix aceast\u0103 zi, simbolic\u0103 pentru cre\u0219tini, nu \u0219tie nimeni. <\/p>\n<p>\u201dAzi am intrat \u00een vila de pe Loga 52, ocupat\u0103 ilegal\u0103 timp de decenii. E o zi istoric\u0103 pentru Timi\u015foara. Rana din zona zero a ora\u015fului \u00eencepe s\u0103 se vindece. Loga 52 e prima cas\u0103 de aici care se \u00eentoarce \u00een patrimoniul ora\u015fului. (\u2026) A fost o lupt\u0103 lung\u0103. Se fac 2 ani jumate de c\u00e2nd am redob\u00e2ndit-o \u00een acte, au urmat noi procese \u015fi blocaje \u00een justi\u0163ie pentru c\u0103 au refuzat s\u0103 evacueze vila. Azi, \u00een sf\u00e2r\u015fit, am intrat cu for\u0163ele de ordine s\u0103 ne recuper\u0103m casa. Nu ne-a a\u015fteptat nimeni cu cheia. Vila de pe Loga 52 e una din casele cu poveste \u00eenc\u00e2lcit\u0103 \u015fi dubioas\u0103 din centru Timi\u015foarei ajuns\u0103 dup\u0103 anii 90 \u00een m\u00e2inile celor care au luat ilegal multe din imobilele istorice \u015fi le-au mutilat. Noi vom face aici gr\u0103dini\u0163\u0103\u201d, a scris Dominic Fritz pe Facebook.\u00a0<\/p>\n<div class=\"sharedaddy sd-sharing-enabled\">\n<div class=\"robots-nocontent sd-block sd-social sd-social-icon-text sd-sharing\">\n<h3 class=\"sd-title\">Partajeaz\u0103 asta:<\/h3>\n<div class=\"sd-content\">\n<ul>\n<li class=\"share-twitter\"><a rel=\"nofollow noopener noreferrer\" data-shared=\"sharing-twitter-39962\" class=\"share-twitter sd-button share-icon\" href=\"https:\/\/focustim.ro\/cu-dumnezeu-inainte-dominic-fritz-a-descins-in-a-treia-zi-de-paste-ca-sa-evacueze-vila-de-pe-loga-52\/?share=twitter\" target=\"_blank\" title=\"D\u0103 clic pentru a partaja pe Twitter\"><span>Twitter<\/span><\/a><\/li>\n<li class=\"share-facebook\"><a rel=\"nofollow noopener noreferrer\" data-shared=\"sharing-facebook-39962\" class=\"share-facebook sd-button share-icon\" href=\"https:\/\/focustim.ro\/cu-dumnezeu-inainte-dominic-fritz-a-descins-in-a-treia-zi-de-paste-ca-sa-evacueze-vila-de-pe-loga-52\/?share=facebook\" target=\"_blank\" title=\"D\u0103 clic pentru a partaja pe Facebook\"><span>Facebook<\/span><\/a><\/li>\n<li class=\"share-end\"><\/ul>\n<\/div>\n<\/div>\n<\/div>\n<div class=\"sharedaddy sd-block sd-like jetpack-likes-widget-wrapper jetpack-likes-widget-unloaded\" id=\"like-post-wrapper-167025405-39962-69de4482a24d7\" data-src=\"https:\/\/widgets.wp.com\/likes\/#blog_id=167025405&amp;post_id=39962&amp;origin=focustim.ro&amp;obj_id=167025405-39962-69de4482a24d7\" data-name=\"like-post-frame-167025405-39962-69de4482a24d7\" data-title=\"Apreciaz\u0103 sau republic\u0103\">\n<h3 class=\"sd-title\">Apreciaz\u0103:<\/h3>\n<div class=\"likes-widget-placeholder post-likes-widget-placeholder\"><span class=\"button\"><span>Apreciere<\/span><\/span><span class=\"loading\">\u00cencarc&#8230;<\/span><\/div>\n<\/div>\n<\/div>\n<p>[analyse_source url=&#8221;https:\/\/focustim.ro\/cu-dumnezeu-inainte-dominic-fritz-a-descins-in-a-treia-zi-de-paste-ca-sa-evacueze-vila-de-pe-loga-52\/&#8221;]<\/p>\n","protected":false},"excerpt":{"rendered":"<p>[analyse_image type=&#8221;featured&#8221; src=&#8221;https:\/\/focustim.ro\/wp-content\/uploads\/2024\/07\/fritz.jpeg&#8221;] ActualitateAdministra\u021bieFeatured Cu Dumnezeu \u00eenainte! Dominic Fritz a descins \u00een a treia zi de Pa\u0219te, ca s\u0103 evacueze vila de pe Loga 52 14\/04\/202614\/04\/20260 Distribuie0 Pa\u0219te zbuciumat pentru clanul de romi care ocupa ilegal cl\u0103direa de pe C. D Loga 52, recuperat\u0103 \u00een instan\u021b\u0103 de administra\u021bia Fritz. Primarul Timi\u0219oarei a descins, ast\u0103zi, \u00een [&hellip;]<\/p>\n","protected":false},"author":1,"featured_media":0,"comment_status":"open","ping_status":"","sticky":false,"template":"","format":"standard","meta":{"footnotes":""},"categories":[89],"tags":[226,197],"class_list":["post-1881616","post","type-post","status-publish","format-standard","hentry","category-romania","tag-crawlmanager","tag-focustim-ro"],"_links":{"self":[{"href":"https:\/\/analyse.optim.biz\/index.php?rest_route=\/wp\/v2\/posts\/1881616","targetHints":{"allow":["GET"]}}],"collection":[{"href":"https:\/\/analyse.optim.biz\/index.php?rest_route=\/wp\/v2\/posts"}],"about":[{"href":"https:\/\/analyse.optim.biz\/index.php?rest_route=\/wp\/v2\/types\/post"}],"author":[{"embeddable":true,"href":"https:\/\/analyse.optim.biz\/index.php?rest_route=\/wp\/v2\/users\/1"}],"replies":[{"embeddable":true,"href":"https:\/\/analyse.optim.biz\/index.php?rest_route=%2Fwp%2Fv2%2Fcomments&post=1881616"}],"version-history":[{"count":0,"href":"https:\/\/analyse.optim.biz\/index.php?rest_route=\/wp\/v2\/posts\/1881616\/revisions"}],"wp:attachment":[{"href":"https:\/\/analyse.optim.biz\/index.php?rest_route=%2Fwp%2Fv2%2Fmedia&parent=1881616"}],"wp:term":[{"taxonomy":"category","embeddable":true,"href":"https:\/\/analyse.optim.biz\/index.php?rest_route=%2Fwp%2Fv2%2Fcategories&post=1881616"},{"taxonomy":"post_tag","embeddable":true,"href":"https:\/\/analyse.optim.biz\/index.php?rest_route=%2Fwp%2Fv2%2Ftags&post=1881616"}],"curies":[{"name":"wp","href":"https:\/\/api.w.org\/{rel}","templated":true}]}}