{"id":1881531,"date":"2026-04-14T11:16:08","date_gmt":"2026-04-14T08:16:08","guid":{"rendered":"https:\/\/analyse.optim.biz\/?p=1881531"},"modified":"2026-04-14T11:16:08","modified_gmt":"2026-04-14T08:16:08","slug":"bataie-intre-trei-fete-in-centrul-comunei-zamostea-doua-localnice-au-batut-o-suceveanca-de-16-ani","status":"publish","type":"post","link":"https:\/\/analyse.optim.biz\/?p=1881531","title":{"rendered":"B\u0103taie \u00eentre trei fete \u00een centrul comunei Zamostea. Dou\u0103 localnice au b\u0103tut o suceveanc\u0103 de 16 ani"},"content":{"rendered":"<p>[analyse_image type=&#8221;featured&#8221; src=&#8221;https:\/\/www.newsbucovina.ro\/wp-content\/uploads\/2026\/04\/bataie-fete-agresiune.pnghttps:\/\/cdn.newsbucovina.ro\/wp-content\/uploads\/2026\/04\/bataie-fete-agresiune.png&#8221;]<\/p>\n<div class=\"td-post-content tagdiv-type\">\n<div class=\"td-a-rec td-a-rec-id-content_top  tdi_3 td_block_template_1\"><strong>Intr\u0103 acum \u0219i \u00een grupul de <\/p>\n<div class=\"wp-block-button\"><a class=\"wp-block-button__link wp-element-button\" href=\"https:\/\/t.me\/+TH8wcfnp8fw5NWI0\">Telegram News Bucovina<\/a><\/div>\n<p><\/strong><\/div>\n<p>Un incident violent \u00eentre trei minore a avut loc luni, 13 aprilie 2026, \u00een jurul orei 15:00, \u00een parcul din centrul comunei Zamostea. Scenele de agresiune au fost filmate \u0219i postate ulterior pe pagina de Facebook \u201eVocea comunei Zamostea\u201d, ceea ce a determinat poli\u021bia s\u0103 se sesizeze din oficiu.<\/p>\n<div class=\"wp-block-image\">\n<figure class=\"aligncenter size-full\"><a href=\"https:\/\/cdn.newsbucovina.ro\/wp-content\/uploads\/2026\/04\/bataie-fete-agresiune.png\"><img loading=\"lazy\" decoding=\"async\" width=\"747\" height=\"441\" src=\"https:\/\/cdn.newsbucovina.ro\/wp-content\/uploads\/2026\/04\/bataie-fete-agresiune.png\" alt class=\"wp-image-436169\"><\/a><\/figure>\n<\/div>\n<p>Potrivit verific\u0103rilor efectuate de poli\u021bi\u0219tii Sec\u021biei 13 Poli\u021bie Rural\u0103 B\u0103lc\u0103u\u021bi, o adolescent\u0103 de 16 ani din municipiul Suceava, aflat\u0103 \u00een vizit\u0103 la bunici \u00een Zamostea \u00eempreun\u0103 cu mama sa, s-a \u00eent\u00e2lnit \u00een parc cu ni\u0219te prieteni. Acolo a ap\u0103rut o fost\u0103 prieten\u0103 a sa, tot de 16 ani, din localitate, cu care nu mai vorbea de aproximativ un an din cauza unei certe legate de un b\u0103iat.<\/p>\n<p>Conflictul a \u00eenceput verbal, dup\u0103 ce victima i-ar fi adresat semne obscene celeilalte fete. Cele dou\u0103 \u0219i-au adresat cuvinte jignitoare, iar discu\u021bia a degenerat rapid \u00eentr-o alterca\u021bie fizic\u0103. O alt\u0103 minor\u0103 de 16 ani din Zamostea s-a implicat \u00een incident, cele dou\u0103 agresoare prinz\u00e2nd victima de p\u0103r, tr\u0103g\u00e2nd-o \u0219i lovind-o.<\/p>\n<p>\u00centregul episod a fost surprins de un martor \u0219i distribuit online, ceea ce a dus la identificarea rapid\u0103 a persoanelor implicate.<\/p>\n<p>Victima s-a prezentat ulterior la Postul de Poli\u021bie Zamostea \u00eempreun\u0103 cu mama sa \u0219i a depus pl\u00e2ngere penal\u0103. Cu aceast\u0103 ocazie, i s-a adus la cuno\u0219tin\u021b\u0103 dreptul de a beneficia de un ordin de protec\u021bie provizoriu conform Legii 26\/2024, \u00eens\u0103 at\u00e2t victima, c\u00e2t \u0219i reprezentantul s\u0103u legal au declarat c\u0103 nu doresc s\u0103 urmeze aceast\u0103 procedur\u0103.<\/p>\n<p>\u00cen cauz\u0103 a fost \u00eentocmit dosar penal sub aspectul s\u0103v\u00e2r\u0219irii infrac\u021biunii de \u201elovirea sau alte violen\u021be\u201d. Cercet\u0103rile continu\u0103 pentru stabilirea tuturor circumstan\u021belor.<\/p>\n<div class=\"td-a-rec td-a-rec-id-content_bottom  tdi_4 td_block_template_1\"><strong>Intr\u0103 acum \u0219i \u00een grupul de <\/p>\n<div class=\"wp-block-button\"><a class=\"wp-block-button__link wp-element-button\" href=\"https:\/\/t.me\/+TH8wcfnp8fw5NWI0\">Telegram News Bucovina<\/a><\/div>\n<p><\/strong><\/div>\n<\/div>\n<div class=\"td-post-content tagdiv-type\">\n<div class=\"td-a-rec td-a-rec-id-content_top  tdi_3 td_block_template_1\"><strong>Intr\u0103 acum \u0219i \u00een grupul de <\/p>\n<div class=\"wp-block-button\"><a class=\"wp-block-button__link wp-element-button\" href=\"https:\/\/t.me\/+TH8wcfnp8fw5NWI0\">Telegram News Bucovina<\/a><\/div>\n<p><\/strong><\/div>\n<p>Un incident violent \u00eentre trei minore a avut loc luni, 13 aprilie 2026, \u00een jurul orei 15:00, \u00een parcul din centrul comunei Zamostea. Scenele de agresiune au fost filmate \u0219i postate ulterior pe pagina de Facebook \u201eVocea comunei Zamostea\u201d, ceea ce a determinat poli\u021bia s\u0103 se sesizeze din oficiu.<\/p>\n<div class=\"wp-block-image\">\n<figure class=\"aligncenter size-full\"><a href=\"https:\/\/cdn.newsbucovina.ro\/wp-content\/uploads\/2026\/04\/bataie-fete-agresiune.png\"><img loading=\"lazy\" decoding=\"async\" width=\"747\" height=\"441\" src=\"https:\/\/cdn.newsbucovina.ro\/wp-content\/uploads\/2026\/04\/bataie-fete-agresiune.png\" alt class=\"wp-image-436169\"><\/a><\/figure>\n<\/div>\n<p>Potrivit verific\u0103rilor efectuate de poli\u021bi\u0219tii Sec\u021biei 13 Poli\u021bie Rural\u0103 B\u0103lc\u0103u\u021bi, o adolescent\u0103 de 16 ani din municipiul Suceava, aflat\u0103 \u00een vizit\u0103 la bunici \u00een Zamostea \u00eempreun\u0103 cu mama sa, s-a \u00eent\u00e2lnit \u00een parc cu ni\u0219te prieteni. Acolo a ap\u0103rut o fost\u0103 prieten\u0103 a sa, tot de 16 ani, din localitate, cu care nu mai vorbea de aproximativ un an din cauza unei certe legate de un b\u0103iat.<\/p>\n<p>Conflictul a \u00eenceput verbal, dup\u0103 ce victima i-ar fi adresat semne obscene celeilalte fete. Cele dou\u0103 \u0219i-au adresat cuvinte jignitoare, iar discu\u021bia a degenerat rapid \u00eentr-o alterca\u021bie fizic\u0103. O alt\u0103 minor\u0103 de 16 ani din Zamostea s-a implicat \u00een incident, cele dou\u0103 agresoare prinz\u00e2nd victima de p\u0103r, tr\u0103g\u00e2nd-o \u0219i lovind-o.<\/p>\n<p>\u00centregul episod a fost surprins de un martor \u0219i distribuit online, ceea ce a dus la identificarea rapid\u0103 a persoanelor implicate.<\/p>\n<p>Victima s-a prezentat ulterior la Postul de Poli\u021bie Zamostea \u00eempreun\u0103 cu mama sa \u0219i a depus pl\u00e2ngere penal\u0103. Cu aceast\u0103 ocazie, i s-a adus la cuno\u0219tin\u021b\u0103 dreptul de a beneficia de un ordin de protec\u021bie provizoriu conform Legii 26\/2024, \u00eens\u0103 at\u00e2t victima, c\u00e2t \u0219i reprezentantul s\u0103u legal au declarat c\u0103 nu doresc s\u0103 urmeze aceast\u0103 procedur\u0103.<\/p>\n<p>\u00cen cauz\u0103 a fost \u00eentocmit dosar penal sub aspectul s\u0103v\u00e2r\u0219irii infrac\u021biunii de \u201elovirea sau alte violen\u021be\u201d. Cercet\u0103rile continu\u0103 pentru stabilirea tuturor circumstan\u021belor.<\/p>\n<div class=\"td-a-rec td-a-rec-id-content_bottom  tdi_4 td_block_template_1\"><strong>Intr\u0103 acum \u0219i \u00een grupul de <\/p>\n<div class=\"wp-block-button\"><a class=\"wp-block-button__link wp-element-button\" href=\"https:\/\/t.me\/+TH8wcfnp8fw5NWI0\">Telegram News Bucovina<\/a><\/div>\n<p><\/strong><\/div>\n<\/div>\n<p>[analyse_source url=&#8221;https:\/\/www.newsbucovina.ro\/actualitate\/436168\/bataie-intre-trei-fete-in-centrul-comunei-zamostea-doua-localnice-au-batut-o-suceveanca-de-16-ani&#8221;]<\/p>\n","protected":false},"excerpt":{"rendered":"<p>[analyse_image type=&#8221;featured&#8221; src=&#8221;https:\/\/www.newsbucovina.ro\/wp-content\/uploads\/2026\/04\/bataie-fete-agresiune.pnghttps:\/\/cdn.newsbucovina.ro\/wp-content\/uploads\/2026\/04\/bataie-fete-agresiune.png&#8221;] Intr\u0103 acum \u0219i \u00een grupul de Telegram News Bucovina Un incident violent \u00eentre trei minore a avut loc luni, 13 aprilie 2026, \u00een jurul orei 15:00, \u00een parcul din centrul comunei Zamostea. Scenele de agresiune au fost filmate \u0219i postate ulterior pe pagina de Facebook \u201eVocea comunei Zamostea\u201d, ceea ce a determinat [&hellip;]<\/p>\n","protected":false},"author":1,"featured_media":0,"comment_status":"open","ping_status":"","sticky":false,"template":"","format":"standard","meta":{"footnotes":""},"categories":[89],"tags":[226,165],"class_list":["post-1881531","post","type-post","status-publish","format-standard","hentry","category-romania","tag-crawlmanager","tag-newsbucovina-ro"],"_links":{"self":[{"href":"https:\/\/analyse.optim.biz\/index.php?rest_route=\/wp\/v2\/posts\/1881531","targetHints":{"allow":["GET"]}}],"collection":[{"href":"https:\/\/analyse.optim.biz\/index.php?rest_route=\/wp\/v2\/posts"}],"about":[{"href":"https:\/\/analyse.optim.biz\/index.php?rest_route=\/wp\/v2\/types\/post"}],"author":[{"embeddable":true,"href":"https:\/\/analyse.optim.biz\/index.php?rest_route=\/wp\/v2\/users\/1"}],"replies":[{"embeddable":true,"href":"https:\/\/analyse.optim.biz\/index.php?rest_route=%2Fwp%2Fv2%2Fcomments&post=1881531"}],"version-history":[{"count":0,"href":"https:\/\/analyse.optim.biz\/index.php?rest_route=\/wp\/v2\/posts\/1881531\/revisions"}],"wp:attachment":[{"href":"https:\/\/analyse.optim.biz\/index.php?rest_route=%2Fwp%2Fv2%2Fmedia&parent=1881531"}],"wp:term":[{"taxonomy":"category","embeddable":true,"href":"https:\/\/analyse.optim.biz\/index.php?rest_route=%2Fwp%2Fv2%2Fcategories&post=1881531"},{"taxonomy":"post_tag","embeddable":true,"href":"https:\/\/analyse.optim.biz\/index.php?rest_route=%2Fwp%2Fv2%2Ftags&post=1881531"}],"curies":[{"name":"wp","href":"https:\/\/api.w.org\/{rel}","templated":true}]}}