{"id":1881528,"date":"2026-04-14T11:34:12","date_gmt":"2026-04-14T08:34:12","guid":{"rendered":"https:\/\/analyse.optim.biz\/?p=1881528"},"modified":"2026-04-14T11:34:12","modified_gmt":"2026-04-14T08:34:12","slug":"actiune-ampla-de-prevenire-a-infractionalitatii-in-zona-radauti-vicov-siret-48-de-sanctiuni-si-un-dosar-penal-intr-o-singura-seara","status":"publish","type":"post","link":"https:\/\/analyse.optim.biz\/?p=1881528","title":{"rendered":"Ac\u021biune ampl\u0103 de prevenire a infrac\u021bionalit\u0103\u021bii \u00een zona R\u0103d\u0103u\u021bi \u2013 Vicov- Siret: 48 de sanc\u021biuni \u0219i un dosar penal \u00eentr-o singur\u0103 sear\u0103"},"content":{"rendered":"<p>[analyse_image type=&#8221;featured&#8221; src=&#8221;https:\/\/www.newsbucovina.ro\/wp-content\/uploads\/2026\/04\/politie-razie-10.jpeghttps:\/\/cdn.newsbucovina.ro\/wp-content\/uploads\/2026\/04\/politie-razie-10.jpeg&#8221;]<\/p>\n<div class=\"td-post-content tagdiv-type\">\n<div class=\"td-a-rec td-a-rec-id-content_top  tdi_3 td_block_template_1\"><strong>Intr\u0103 acum \u0219i \u00een grupul de <\/p>\n<div class=\"wp-block-button\"><a class=\"wp-block-button__link wp-element-button\" href=\"https:\/\/t.me\/+TH8wcfnp8fw5NWI0\">Telegram News Bucovina<\/a><\/div>\n<p><\/strong><\/div>\n<p>Poli\u021bi\u0219tii suceveni, \u00eempreun\u0103 cu jandarmi \u0219i poli\u021bi\u0219ti de frontier\u0103, au desf\u0103\u0219urat mar\u021bi sear\u0103, 13 aprilie 2026, o ac\u021biune cu efective m\u0103rite \u00een localit\u0103\u021bile din zona de frontier\u0103 Brodina \u2013 Straja \u2013 Vicovu de Sus \u2013 Vicovu de Jos \u2013 Voitinel \u2013 G\u0103l\u0103ne\u0219ti \u2013 Fr\u0103t\u0103u\u021bii Noi \u2013 Siret \u2013 B\u0103lc\u0103u\u021bi.<\/p>\n<figure class=\"wp-block-gallery has-nested-images columns-default is-cropped wp-block-gallery-1 is-layout-flex wp-block-gallery-is-layout-flex\">\n<figure class=\"wp-block-image size-large\"><a href=\"https:\/\/cdn.newsbucovina.ro\/wp-content\/uploads\/2026\/04\/politie-razie-1.jpeg\"><img loading=\"lazy\" decoding=\"async\" width=\"1024\" height=\"768\" data-id=\"436174\" src=\"https:\/\/cdn.newsbucovina.ro\/wp-content\/uploads\/2026\/04\/politie-razie-1-1024x768.jpeg\" alt class=\"wp-image-436174\"><\/a><\/figure>\n<figure class=\"wp-block-image size-large\"><a href=\"https:\/\/cdn.newsbucovina.ro\/wp-content\/uploads\/2026\/04\/politie-razie-2.jpeg\"><img loading=\"lazy\" decoding=\"async\" width=\"1024\" height=\"768\" data-id=\"436180\" src=\"https:\/\/cdn.newsbucovina.ro\/wp-content\/uploads\/2026\/04\/politie-razie-2-1024x768.jpeg\" alt class=\"wp-image-436180\"><\/a><\/figure>\n<figure class=\"wp-block-image size-large\"><a href=\"https:\/\/cdn.newsbucovina.ro\/wp-content\/uploads\/2026\/04\/politie-razie-3.jpeg\"><img loading=\"lazy\" decoding=\"async\" width=\"1024\" height=\"768\" data-id=\"436175\" src=\"https:\/\/cdn.newsbucovina.ro\/wp-content\/uploads\/2026\/04\/politie-razie-3-1024x768.jpeg\" alt class=\"wp-image-436175\"><\/a><\/figure>\n<figure class=\"wp-block-image size-large\"><a href=\"https:\/\/cdn.newsbucovina.ro\/wp-content\/uploads\/2026\/04\/politie-razie-4.jpeg\"><img decoding=\"async\" loading=\"lazy\" width=\"1024\" height=\"768\" data-id=\"436176\" src=\"https:\/\/cdn.newsbucovina.ro\/wp-content\/uploads\/2026\/04\/politie-razie-4-1024x768.jpeg\" alt class=\"wp-image-436176\"><\/a><\/figure>\n<figure class=\"wp-block-image size-large\"><a href=\"https:\/\/cdn.newsbucovina.ro\/wp-content\/uploads\/2026\/04\/politie-razie-5.jpeg\"><img decoding=\"async\" loading=\"lazy\" width=\"1024\" height=\"576\" data-id=\"436177\" src=\"https:\/\/cdn.newsbucovina.ro\/wp-content\/uploads\/2026\/04\/politie-razie-5-1024x576.jpeg\" alt class=\"wp-image-436177\"><\/a><\/figure>\n<figure class=\"wp-block-image size-large\"><a href=\"https:\/\/cdn.newsbucovina.ro\/wp-content\/uploads\/2026\/04\/politie-razie-6.jpeg\"><img decoding=\"async\" loading=\"lazy\" width=\"1024\" height=\"768\" data-id=\"436182\" src=\"https:\/\/cdn.newsbucovina.ro\/wp-content\/uploads\/2026\/04\/politie-razie-6-1024x768.jpeg\" alt class=\"wp-image-436182\"><\/a><\/figure>\n<figure class=\"wp-block-image size-large\"><a href=\"https:\/\/cdn.newsbucovina.ro\/wp-content\/uploads\/2026\/04\/politie-razie-7.jpeg\"><img decoding=\"async\" loading=\"lazy\" width=\"1024\" height=\"768\" data-id=\"436179\" src=\"https:\/\/cdn.newsbucovina.ro\/wp-content\/uploads\/2026\/04\/politie-razie-7-1024x768.jpeg\" alt class=\"wp-image-436179\"><\/a><\/figure>\n<figure class=\"wp-block-image size-large\"><a href=\"https:\/\/cdn.newsbucovina.ro\/wp-content\/uploads\/2026\/04\/politie-razie-8.jpeg\"><img decoding=\"async\" loading=\"lazy\" width=\"1024\" height=\"768\" data-id=\"436181\" src=\"https:\/\/cdn.newsbucovina.ro\/wp-content\/uploads\/2026\/04\/politie-razie-8-1024x768.jpeg\" alt class=\"wp-image-436181\"><\/a><\/figure>\n<figure class=\"wp-block-image size-large\"><a href=\"https:\/\/cdn.newsbucovina.ro\/wp-content\/uploads\/2026\/04\/politie-razie-9.jpeg\"><img decoding=\"async\" loading=\"lazy\" width=\"1024\" height=\"576\" data-id=\"436178\" src=\"https:\/\/cdn.newsbucovina.ro\/wp-content\/uploads\/2026\/04\/politie-razie-9-1024x576.jpeg\" alt class=\"wp-image-436178\"><\/a><\/figure>\n<figure class=\"wp-block-image size-large\"><a href=\"https:\/\/cdn.newsbucovina.ro\/wp-content\/uploads\/2026\/04\/politie-razie-10.jpeg\"><img decoding=\"async\" loading=\"lazy\" width=\"1024\" height=\"768\" data-id=\"436183\" src=\"https:\/\/cdn.newsbucovina.ro\/wp-content\/uploads\/2026\/04\/politie-razie-10-1024x768.jpeg\" alt class=\"wp-image-436183\"><\/a><\/figure>\n<\/figure>\n<p>Ac\u021biunea, organizat\u0103 de Serviciul Ordine Public\u0103 al Inspectoratului de Poli\u021bie Jude\u021bean Suceava \u00eentre orele 19:00 \u0219i 00:00, a vizat prevenirea infrac\u021bionalit\u0103\u021bii stradale, combaterea migra\u021biei ilegale, asigurarea siguran\u021bei rutiere \u0219i verificarea respect\u0103rii legisla\u021biei privind sistemele de securitate privat\u0103 \u00een zona cluburilor, barurilor \u0219i s\u0103lilor de jocuri.<\/p>\n<p>La ac\u021biune au participat zeci de poli\u021bi\u0219ti din ordine public\u0103, rutier\u0103, investigarea criminalit\u0103\u021bii economice, poli\u021bi\u0219ti de frontier\u0103, jandarmi \u0219i o grup\u0103 SAS.<\/p>\n<p><strong>Rezultatele ac\u021biunii:<\/strong><\/p>\n<ul class=\"wp-block-list\">\n<li>163 de persoane legitimate<\/li>\n<li>60 de controale corporale<\/li>\n<li>111 autoturisme controlate<\/li>\n<li>21 de agen\u021bi economici verifica\u021bi<\/li>\n<li>35 de test\u0103ri cu aparatul alcooltest<\/li>\n<li>1 testare cu drugtest<\/li>\n<li>1 infrac\u021biune constatat\u0103 (conducere f\u0103r\u0103 permis de conducere)<\/li>\n<li>48 de sanc\u021biuni contraven\u021bionale aplicate, \u00een valoare total\u0103 de <strong>36.307 lei<\/strong><\/li>\n<li>1 carte de identitate vehicul re\u021binut\u0103 (pentru un autoturism cu 3 sechestre)<\/li>\n<li>4 certificate de \u00eenmatriculare re\u021binute (3 pentru ITP expirat \u0219i 1 pentru \u00eenmatriculare suspendat\u0103)<\/li>\n<\/ul>\n<p><strong>Exemple concrete:<\/strong><\/p>\n<ul class=\"wp-block-list\">\n<li>\u00cen Siret, un t\u00e2n\u0103r de 18 ani din comuna Gr\u0103me\u0219ti a fost depistat conduc\u00e2nd un autoturism f\u0103r\u0103 s\u0103 de\u021bin\u0103 permis de conducere. Poli\u021bi\u0219tii i-au \u00eentocmit dosar penal conform art. 335 alin. (1) Cod Penal.<\/li>\n<li>\u00cen comuna Brodina, la un bar, administratorul a fost amendat cu 5.000 lei pentru c\u0103 nu a implementat m\u0103surile de securitate prev\u0103zute \u00een analiza de risc.<\/li>\n<li>\u00cen Straja, la un local public, administratorul a primit dou\u0103 amenzi de c\u00e2te 5.000 lei fiecare, deoarece nu avea \u00eentocmit raportul de evaluare a riscurilor la securitate fizic\u0103 \u0219i nu a asigurat mentenan\u021ba sistemului de supraveghere video (perioada de stocare a imaginilor era mai mic\u0103 de 20 de zile).<\/li>\n<li>\u00cen Vicovu de Sus, un t\u00e2n\u0103r de 22 de ani a fost sanc\u021bionat cu amend\u0103 de 500 lei pentru consum de alcool (bere) \u00een spa\u021biul public, pe trotuar.<\/li>\n<li>\u00cen Fr\u0103t\u0103u\u021bii Noi, la un bar, administratorul a fost amendat cu dou\u0103 sanc\u021biuni de c\u00e2te 5.000 lei pentru lipsa m\u0103surilor de securitate \u0219i paz\u0103, iar jandarmii i-au aplicat o amend\u0103 suplimentar\u0103 pentru servirea clien\u021bilor dup\u0103 ora de \u00eenchidere prev\u0103zut\u0103 \u00een autoriza\u021bie.<\/li>\n<li>\u00cen satul Falc\u0103u (Brodina), un alt local a fost sanc\u021bionat cu 4.000 lei pentru c\u0103 nu afi\u0219a anun\u021bul privind obligativitatea \u00eenm\u00e2n\u0103rii bonului fiscal.<\/li>\n<\/ul>\n<p>Ac\u021biunea face parte din planul aprobat de conducerea IPJ Suceava \u0219i urm\u0103re\u0219te cre\u0219terea gradului de siguran\u021b\u0103 public\u0103 \u00een zonele de frontier\u0103, mai ales \u00een perioadele cu aflux mare de persoane \u00een localurile publice.<\/p>\n<p>Poli\u021bia continu\u0103 controalele de acest tip pentru prevenirea \u0219i combaterea faptelor antisociale.<\/p>\n<div class=\"td-a-rec td-a-rec-id-content_bottom  tdi_4 td_block_template_1\"><strong>Intr\u0103 acum \u0219i \u00een grupul de <\/p>\n<div class=\"wp-block-button\"><a class=\"wp-block-button__link wp-element-button\" href=\"https:\/\/t.me\/+TH8wcfnp8fw5NWI0\">Telegram News Bucovina<\/a><\/div>\n<p><\/strong><\/div>\n<\/div>\n<div class=\"td-post-content tagdiv-type\">\n<div class=\"td-a-rec td-a-rec-id-content_top  tdi_3 td_block_template_1\"><strong>Intr\u0103 acum \u0219i \u00een grupul de <\/p>\n<div class=\"wp-block-button\"><a class=\"wp-block-button__link wp-element-button\" href=\"https:\/\/t.me\/+TH8wcfnp8fw5NWI0\">Telegram News Bucovina<\/a><\/div>\n<p><\/strong><\/div>\n<p>Poli\u021bi\u0219tii suceveni, \u00eempreun\u0103 cu jandarmi \u0219i poli\u021bi\u0219ti de frontier\u0103, au desf\u0103\u0219urat mar\u021bi sear\u0103, 13 aprilie 2026, o ac\u021biune cu efective m\u0103rite \u00een localit\u0103\u021bile din zona de frontier\u0103 Brodina \u2013 Straja \u2013 Vicovu de Sus \u2013 Vicovu de Jos \u2013 Voitinel \u2013 G\u0103l\u0103ne\u0219ti \u2013 Fr\u0103t\u0103u\u021bii Noi \u2013 Siret \u2013 B\u0103lc\u0103u\u021bi.<\/p>\n<figure class=\"wp-block-gallery has-nested-images columns-default is-cropped wp-block-gallery-1 is-layout-flex wp-block-gallery-is-layout-flex\">\n<figure class=\"wp-block-image size-large\"><a href=\"https:\/\/cdn.newsbucovina.ro\/wp-content\/uploads\/2026\/04\/politie-razie-1.jpeg\"><img loading=\"lazy\" decoding=\"async\" width=\"1024\" height=\"768\" data-id=\"436174\" src=\"https:\/\/cdn.newsbucovina.ro\/wp-content\/uploads\/2026\/04\/politie-razie-1-1024x768.jpeg\" alt class=\"wp-image-436174\"><\/a><\/figure>\n<figure class=\"wp-block-image size-large\"><a href=\"https:\/\/cdn.newsbucovina.ro\/wp-content\/uploads\/2026\/04\/politie-razie-2.jpeg\"><img loading=\"lazy\" decoding=\"async\" width=\"1024\" height=\"768\" data-id=\"436180\" src=\"https:\/\/cdn.newsbucovina.ro\/wp-content\/uploads\/2026\/04\/politie-razie-2-1024x768.jpeg\" alt class=\"wp-image-436180\"><\/a><\/figure>\n<figure class=\"wp-block-image size-large\"><a href=\"https:\/\/cdn.newsbucovina.ro\/wp-content\/uploads\/2026\/04\/politie-razie-3.jpeg\"><img loading=\"lazy\" decoding=\"async\" width=\"1024\" height=\"768\" data-id=\"436175\" src=\"https:\/\/cdn.newsbucovina.ro\/wp-content\/uploads\/2026\/04\/politie-razie-3-1024x768.jpeg\" alt class=\"wp-image-436175\"><\/a><\/figure>\n<figure class=\"wp-block-image size-large\"><a href=\"https:\/\/cdn.newsbucovina.ro\/wp-content\/uploads\/2026\/04\/politie-razie-4.jpeg\"><img decoding=\"async\" loading=\"lazy\" width=\"1024\" height=\"768\" data-id=\"436176\" src=\"https:\/\/cdn.newsbucovina.ro\/wp-content\/uploads\/2026\/04\/politie-razie-4-1024x768.jpeg\" alt class=\"wp-image-436176\"><\/a><\/figure>\n<figure class=\"wp-block-image size-large\"><a href=\"https:\/\/cdn.newsbucovina.ro\/wp-content\/uploads\/2026\/04\/politie-razie-5.jpeg\"><img decoding=\"async\" loading=\"lazy\" width=\"1024\" height=\"576\" data-id=\"436177\" src=\"https:\/\/cdn.newsbucovina.ro\/wp-content\/uploads\/2026\/04\/politie-razie-5-1024x576.jpeg\" alt class=\"wp-image-436177\"><\/a><\/figure>\n<figure class=\"wp-block-image size-large\"><a href=\"https:\/\/cdn.newsbucovina.ro\/wp-content\/uploads\/2026\/04\/politie-razie-6.jpeg\"><img decoding=\"async\" loading=\"lazy\" width=\"1024\" height=\"768\" data-id=\"436182\" src=\"https:\/\/cdn.newsbucovina.ro\/wp-content\/uploads\/2026\/04\/politie-razie-6-1024x768.jpeg\" alt class=\"wp-image-436182\"><\/a><\/figure>\n<figure class=\"wp-block-image size-large\"><a href=\"https:\/\/cdn.newsbucovina.ro\/wp-content\/uploads\/2026\/04\/politie-razie-7.jpeg\"><img decoding=\"async\" loading=\"lazy\" width=\"1024\" height=\"768\" data-id=\"436179\" src=\"https:\/\/cdn.newsbucovina.ro\/wp-content\/uploads\/2026\/04\/politie-razie-7-1024x768.jpeg\" alt class=\"wp-image-436179\"><\/a><\/figure>\n<figure class=\"wp-block-image size-large\"><a href=\"https:\/\/cdn.newsbucovina.ro\/wp-content\/uploads\/2026\/04\/politie-razie-8.jpeg\"><img decoding=\"async\" loading=\"lazy\" width=\"1024\" height=\"768\" data-id=\"436181\" src=\"https:\/\/cdn.newsbucovina.ro\/wp-content\/uploads\/2026\/04\/politie-razie-8-1024x768.jpeg\" alt class=\"wp-image-436181\"><\/a><\/figure>\n<figure class=\"wp-block-image size-large\"><a href=\"https:\/\/cdn.newsbucovina.ro\/wp-content\/uploads\/2026\/04\/politie-razie-9.jpeg\"><img decoding=\"async\" loading=\"lazy\" width=\"1024\" height=\"576\" data-id=\"436178\" src=\"https:\/\/cdn.newsbucovina.ro\/wp-content\/uploads\/2026\/04\/politie-razie-9-1024x576.jpeg\" alt class=\"wp-image-436178\"><\/a><\/figure>\n<figure class=\"wp-block-image size-large\"><a href=\"https:\/\/cdn.newsbucovina.ro\/wp-content\/uploads\/2026\/04\/politie-razie-10.jpeg\"><img decoding=\"async\" loading=\"lazy\" width=\"1024\" height=\"768\" data-id=\"436183\" src=\"https:\/\/cdn.newsbucovina.ro\/wp-content\/uploads\/2026\/04\/politie-razie-10-1024x768.jpeg\" alt class=\"wp-image-436183\"><\/a><\/figure>\n<\/figure>\n<p>Ac\u021biunea, organizat\u0103 de Serviciul Ordine Public\u0103 al Inspectoratului de Poli\u021bie Jude\u021bean Suceava \u00eentre orele 19:00 \u0219i 00:00, a vizat prevenirea infrac\u021bionalit\u0103\u021bii stradale, combaterea migra\u021biei ilegale, asigurarea siguran\u021bei rutiere \u0219i verificarea respect\u0103rii legisla\u021biei privind sistemele de securitate privat\u0103 \u00een zona cluburilor, barurilor \u0219i s\u0103lilor de jocuri.<\/p>\n<p>La ac\u021biune au participat zeci de poli\u021bi\u0219ti din ordine public\u0103, rutier\u0103, investigarea criminalit\u0103\u021bii economice, poli\u021bi\u0219ti de frontier\u0103, jandarmi \u0219i o grup\u0103 SAS.<\/p>\n<p><strong>Rezultatele ac\u021biunii:<\/strong><\/p>\n<ul class=\"wp-block-list\">\n<li>163 de persoane legitimate<\/li>\n<li>60 de controale corporale<\/li>\n<li>111 autoturisme controlate<\/li>\n<li>21 de agen\u021bi economici verifica\u021bi<\/li>\n<li>35 de test\u0103ri cu aparatul alcooltest<\/li>\n<li>1 testare cu drugtest<\/li>\n<li>1 infrac\u021biune constatat\u0103 (conducere f\u0103r\u0103 permis de conducere)<\/li>\n<li>48 de sanc\u021biuni contraven\u021bionale aplicate, \u00een valoare total\u0103 de <strong>36.307 lei<\/strong><\/li>\n<li>1 carte de identitate vehicul re\u021binut\u0103 (pentru un autoturism cu 3 sechestre)<\/li>\n<li>4 certificate de \u00eenmatriculare re\u021binute (3 pentru ITP expirat \u0219i 1 pentru \u00eenmatriculare suspendat\u0103)<\/li>\n<\/ul>\n<p><strong>Exemple concrete:<\/strong><\/p>\n<ul class=\"wp-block-list\">\n<li>\u00cen Siret, un t\u00e2n\u0103r de 18 ani din comuna Gr\u0103me\u0219ti a fost depistat conduc\u00e2nd un autoturism f\u0103r\u0103 s\u0103 de\u021bin\u0103 permis de conducere. Poli\u021bi\u0219tii i-au \u00eentocmit dosar penal conform art. 335 alin. (1) Cod Penal.<\/li>\n<li>\u00cen comuna Brodina, la un bar, administratorul a fost amendat cu 5.000 lei pentru c\u0103 nu a implementat m\u0103surile de securitate prev\u0103zute \u00een analiza de risc.<\/li>\n<li>\u00cen Straja, la un local public, administratorul a primit dou\u0103 amenzi de c\u00e2te 5.000 lei fiecare, deoarece nu avea \u00eentocmit raportul de evaluare a riscurilor la securitate fizic\u0103 \u0219i nu a asigurat mentenan\u021ba sistemului de supraveghere video (perioada de stocare a imaginilor era mai mic\u0103 de 20 de zile).<\/li>\n<li>\u00cen Vicovu de Sus, un t\u00e2n\u0103r de 22 de ani a fost sanc\u021bionat cu amend\u0103 de 500 lei pentru consum de alcool (bere) \u00een spa\u021biul public, pe trotuar.<\/li>\n<li>\u00cen Fr\u0103t\u0103u\u021bii Noi, la un bar, administratorul a fost amendat cu dou\u0103 sanc\u021biuni de c\u00e2te 5.000 lei pentru lipsa m\u0103surilor de securitate \u0219i paz\u0103, iar jandarmii i-au aplicat o amend\u0103 suplimentar\u0103 pentru servirea clien\u021bilor dup\u0103 ora de \u00eenchidere prev\u0103zut\u0103 \u00een autoriza\u021bie.<\/li>\n<li>\u00cen satul Falc\u0103u (Brodina), un alt local a fost sanc\u021bionat cu 4.000 lei pentru c\u0103 nu afi\u0219a anun\u021bul privind obligativitatea \u00eenm\u00e2n\u0103rii bonului fiscal.<\/li>\n<\/ul>\n<p>Ac\u021biunea face parte din planul aprobat de conducerea IPJ Suceava \u0219i urm\u0103re\u0219te cre\u0219terea gradului de siguran\u021b\u0103 public\u0103 \u00een zonele de frontier\u0103, mai ales \u00een perioadele cu aflux mare de persoane \u00een localurile publice.<\/p>\n<p>Poli\u021bia continu\u0103 controalele de acest tip pentru prevenirea \u0219i combaterea faptelor antisociale.<\/p>\n<div class=\"td-a-rec td-a-rec-id-content_bottom  tdi_4 td_block_template_1\"><strong>Intr\u0103 acum \u0219i \u00een grupul de <\/p>\n<div class=\"wp-block-button\"><a class=\"wp-block-button__link wp-element-button\" href=\"https:\/\/t.me\/+TH8wcfnp8fw5NWI0\">Telegram News Bucovina<\/a><\/div>\n<p><\/strong><\/div>\n<\/div>\n<p>[analyse_source url=&#8221;https:\/\/www.newsbucovina.ro\/actualitate\/436173\/actiune-ampla-de-prevenire-a-infractionalitatii-in-zona-radauti-vicov-siret-48-de-sanctiuni-si-un-dosar-penal-intr-o-singura-seara&#8221;]<\/p>\n","protected":false},"excerpt":{"rendered":"<p>[analyse_image type=&#8221;featured&#8221; src=&#8221;https:\/\/www.newsbucovina.ro\/wp-content\/uploads\/2026\/04\/politie-razie-10.jpeghttps:\/\/cdn.newsbucovina.ro\/wp-content\/uploads\/2026\/04\/politie-razie-10.jpeg&#8221;] Intr\u0103 acum \u0219i \u00een grupul de Telegram News Bucovina Poli\u021bi\u0219tii suceveni, \u00eempreun\u0103 cu jandarmi \u0219i poli\u021bi\u0219ti de frontier\u0103, au desf\u0103\u0219urat mar\u021bi sear\u0103, 13 aprilie 2026, o ac\u021biune cu efective m\u0103rite \u00een localit\u0103\u021bile din zona de frontier\u0103 Brodina \u2013 Straja \u2013 Vicovu de Sus \u2013 Vicovu de Jos \u2013 Voitinel \u2013 G\u0103l\u0103ne\u0219ti \u2013 [&hellip;]<\/p>\n","protected":false},"author":1,"featured_media":0,"comment_status":"open","ping_status":"","sticky":false,"template":"","format":"standard","meta":{"footnotes":""},"categories":[89],"tags":[226,165],"class_list":["post-1881528","post","type-post","status-publish","format-standard","hentry","category-romania","tag-crawlmanager","tag-newsbucovina-ro"],"_links":{"self":[{"href":"https:\/\/analyse.optim.biz\/index.php?rest_route=\/wp\/v2\/posts\/1881528","targetHints":{"allow":["GET"]}}],"collection":[{"href":"https:\/\/analyse.optim.biz\/index.php?rest_route=\/wp\/v2\/posts"}],"about":[{"href":"https:\/\/analyse.optim.biz\/index.php?rest_route=\/wp\/v2\/types\/post"}],"author":[{"embeddable":true,"href":"https:\/\/analyse.optim.biz\/index.php?rest_route=\/wp\/v2\/users\/1"}],"replies":[{"embeddable":true,"href":"https:\/\/analyse.optim.biz\/index.php?rest_route=%2Fwp%2Fv2%2Fcomments&post=1881528"}],"version-history":[{"count":0,"href":"https:\/\/analyse.optim.biz\/index.php?rest_route=\/wp\/v2\/posts\/1881528\/revisions"}],"wp:attachment":[{"href":"https:\/\/analyse.optim.biz\/index.php?rest_route=%2Fwp%2Fv2%2Fmedia&parent=1881528"}],"wp:term":[{"taxonomy":"category","embeddable":true,"href":"https:\/\/analyse.optim.biz\/index.php?rest_route=%2Fwp%2Fv2%2Fcategories&post=1881528"},{"taxonomy":"post_tag","embeddable":true,"href":"https:\/\/analyse.optim.biz\/index.php?rest_route=%2Fwp%2Fv2%2Ftags&post=1881528"}],"curies":[{"name":"wp","href":"https:\/\/api.w.org\/{rel}","templated":true}]}}