{"id":1881522,"date":"2026-04-14T12:23:30","date_gmt":"2026-04-14T09:23:30","guid":{"rendered":"https:\/\/analyse.optim.biz\/?p=1881522"},"modified":"2026-04-14T12:23:30","modified_gmt":"2026-04-14T09:23:30","slug":"adolescenta-de-16-ani-batuta-in-parc-de-fosta-prietena-cu-care-se-certase-de-la-un-baiat-video-stiri-suceava","status":"publish","type":"post","link":"https:\/\/analyse.optim.biz\/?p=1881522","title":{"rendered":"Adolescent\u0103 de 16 ani, b\u0103tut\u0103 \u00een parc de fosta prieten\u0103, cu care se certase de la un b\u0103iat VIDEO &#8211; Stiri Suceava"},"content":{"rendered":"<p>[analyse_image type=&#8221;featured&#8221; src=&#8221;https:\/\/www.informatiata.ro\/wp-content\/uploads\/2026\/04\/Screenshot_20260414_145320-892&#215;1024.jpg&#8221;]<\/p>\n<div class=\"td-post-content tagdiv-type\">\n<div class=\"td-post-featured-image\"><a href=\"https:\/\/www.informatiata.ro\/wp-content\/uploads\/2026\/04\/Screenshot_20260414_145320-scaled.jpg\" data-caption><img loading=\"lazy\" decoding=\"async\" width=\"696\" height=\"799\" class=\"entry-thumb td-modal-image\" src=\"https:\/\/www.informatiata.ro\/wp-content\/uploads\/2026\/04\/Screenshot_20260414_145320-696x799.jpg\" alt title=\"Screenshot_20260414_145320\"><img loading=\"lazy\" decoding=\"async\" width=\"696\" height=\"799\" class=\"entry-thumb td-modal-image\" src=\"https:\/\/www.informatiata.ro\/wp-content\/uploads\/2026\/04\/Screenshot_20260414_145320-696x799.jpg\" alt title=\"Screenshot_20260414_145320\"><\/a><\/div>\n<div class=\"wp-video\"><video class=\"wp-video-shortcode\" id=\"video-64657-1\" width=\"480\" height=\"848\" preload=\"metadata\" controls=\"controls\"><source type=\"video\/mp4\" src=\"https:\/\/www.informatiata.ro\/wp-content\/uploads\/2026\/04\/VID-20260414-WA0024.mp4?_=1\" \/><\/video><\/div>\n<p>Adolescent\u0103 de 16 ani, b\u0103tut\u0103 \u00een parc de fosta prieten\u0103, cu care se certase de la un b\u0103iat. Incidentul s-a petrecut luni, la Zamostea, iar victima era \u00een vizit\u0103 la bunici.<\/p>\n<p>B\u0103taia a fost \u00eenregistrat\u0103 de un martor iar imaginile au ajuns virale pe re\u021belele de socializare.<\/p>\n<div class=\"td-a-rec td-a-rec-id-content_inlineright  tdi_6 td_block_template_1\"><img loading=\"lazy\" decoding=\"async\" class=\"aligncenter size-full wp-image-64555\" src=\"https:\/\/www.informatiata.ro\/wp-content\/uploads\/2026\/04\/SAVCOM-13.gif\" alt width=\"299\" height=\"250\"><img loading=\"lazy\" decoding=\"async\" class=\"aligncenter size-full wp-image-64555\" src=\"https:\/\/www.informatiata.ro\/wp-content\/uploads\/2026\/04\/SAVCOM-13.gif\" alt width=\"299\" height=\"250\"><img loading=\"lazy\" decoding=\"async\" class=\"aligncenter size-full wp-image-64556\" src=\"https:\/\/www.informatiata.ro\/wp-content\/uploads\/2026\/04\/FACOS-11.gif\" alt width=\"300\" height=\"250\"><img loading=\"lazy\" decoding=\"async\" class=\"aligncenter size-full wp-image-64556\" src=\"https:\/\/www.informatiata.ro\/wp-content\/uploads\/2026\/04\/FACOS-11.gif\" alt width=\"300\" height=\"250\"><\/div>\n<p><span>Poli\u021bi\u0219tii spun c\u0103 victima, o fat\u0103 de 16 ani, din municipiul Suceava, a venit \u00een vizit\u0103 la bunicii din Zamostea \u00eempreun\u0103 cu mama sa. <\/span><\/p>\n<p><span>\u00cen jurul orei 15.00, fata a ie\u0219it \u00een parcul din centrul comunei Zamostea, unde s-a \u00eent\u0103lnit cu ni\u0219te prieteni.<\/span><\/p>\n<p><span>Tot \u00een parc \u0219i-a f\u0103cut apari\u021bia \u0219i C. I., de 16 ani, din Zamostea fost\u0103 prieten\u0103 a victimei, dar cu care aceasta nu mai vorbea de circa 1 an de zile, \u00eentruc\u00e2t s-au certat din cauza unui b\u0103iat. <\/span><\/p>\n<p><span>Motivat de faptul c\u0103 victima i-a ar\u0103tat semne obscene, C. I. a ini\u021biat un conflict verbal \u00een care ambele fete \u0219i-au adresat cuvinte jignitoare. <\/span><\/p>\n<p><span>Conflictul verbal a degenerat \u00eentr-unul fizic, \u00een care s-a implicat \u0219i B. M. de 16 ani, din Zamostea. <\/span><\/p>\n<p><span>Astfel, cele dou\u0103 au prins-o de p\u0103r pe victim\u0103 iar C. I. a tras-o de p\u0103r \u0219i a lovit-o.\u00a0<\/span><\/p>\n<p>\u00cen cadrul verific\u0103rilor, victima s-a prezentat la sediul Postului de Poli\u021bie Zamostea \u00eempreun\u0103 cu mama sa, \u0219i au depus pl\u00e2ngere penal\u0103 cu privire la evenimentul din data de 13.04.2026.<\/p>\n<p>Cu aceast\u0103 ocazie li s-a adus la cuno\u0219tin\u021b\u0103 dreptul de a beneficia un ordin de protec\u021bie provizoriu conform Legii 26\/2024, ocazie cu care victima \u0219i reprezentantul legal au declarat c\u0103 nu doresc s\u0103 urmeze aceast\u0103 procedur\u0103.<\/p>\n<p>\u00cen cauz\u0103, s-a \u00eentocmit dosar penal cu privire la s\u0103v\u00e2r\u0219irea infrac\u021biunii de \u201elovirea sau alte violen\u021be\u201d.<\/p>\n<div class=\"td-a-rec td-a-rec-id-content_bottom  tdi_7 td_block_template_1\"><img loading=\"lazy\" decoding=\"async\" class=\"aligncenter size-large wp-image-64642\" src=\"https:\/\/www.informatiata.ro\/wp-content\/uploads\/2026\/04\/felicitare-bun-Dzimi-1024x612.jpg\" alt width=\"696\" height=\"416\"><img loading=\"lazy\" decoding=\"async\" class=\"aligncenter size-large wp-image-64642\" src=\"https:\/\/www.informatiata.ro\/wp-content\/uploads\/2026\/04\/felicitare-bun-Dzimi-1024x612.jpg\" alt width=\"696\" height=\"416\"><img loading=\"lazy\" decoding=\"async\" class=\"aligncenter size-large wp-image-64641\" src=\"https:\/\/www.informatiata.ro\/wp-content\/uploads\/2026\/04\/felicitare-bun-balan-1024x765.jpg\" alt width=\"696\" height=\"520\"><img loading=\"lazy\" decoding=\"async\" class=\"aligncenter size-large wp-image-64641\" src=\"https:\/\/www.informatiata.ro\/wp-content\/uploads\/2026\/04\/felicitare-bun-balan-1024x765.jpg\" alt width=\"696\" height=\"520\"><img loading=\"lazy\" decoding=\"async\" class=\"aligncenter size-large wp-image-64643\" src=\"https:\/\/www.informatiata.ro\/wp-content\/uploads\/2026\/04\/felicitare-bun-boliacu-1024x1024.jpg\" alt width=\"696\" height=\"696\"><img loading=\"lazy\" decoding=\"async\" class=\"aligncenter size-large wp-image-64643\" src=\"https:\/\/www.informatiata.ro\/wp-content\/uploads\/2026\/04\/felicitare-bun-boliacu-1024x1024.jpg\" alt width=\"696\" height=\"696\"><\/div>\n<\/div>\n<p>[analyse_source url=&#8221;https:\/\/www.informatiata.ro\/adolescenta-de-16-ani-batuta-de-fosta-prietena\/&#8221;]<\/p>\n","protected":false},"excerpt":{"rendered":"<p>[analyse_image type=&#8221;featured&#8221; src=&#8221;https:\/\/www.informatiata.ro\/wp-content\/uploads\/2026\/04\/Screenshot_20260414_145320-892&#215;1024.jpg&#8221;] Adolescent\u0103 de 16 ani, b\u0103tut\u0103 \u00een parc de fosta prieten\u0103, cu care se certase de la un b\u0103iat. Incidentul s-a petrecut luni, la Zamostea, iar victima era \u00een vizit\u0103 la bunici. B\u0103taia a fost \u00eenregistrat\u0103 de un martor iar imaginile au ajuns virale pe re\u021belele de socializare. Poli\u021bi\u0219tii spun c\u0103 victima, o [&hellip;]<\/p>\n","protected":false},"author":1,"featured_media":0,"comment_status":"open","ping_status":"","sticky":false,"template":"","format":"standard","meta":{"footnotes":""},"categories":[89],"tags":[226,167],"class_list":["post-1881522","post","type-post","status-publish","format-standard","hentry","category-romania","tag-crawlmanager","tag-informatiata-ro"],"_links":{"self":[{"href":"https:\/\/analyse.optim.biz\/index.php?rest_route=\/wp\/v2\/posts\/1881522","targetHints":{"allow":["GET"]}}],"collection":[{"href":"https:\/\/analyse.optim.biz\/index.php?rest_route=\/wp\/v2\/posts"}],"about":[{"href":"https:\/\/analyse.optim.biz\/index.php?rest_route=\/wp\/v2\/types\/post"}],"author":[{"embeddable":true,"href":"https:\/\/analyse.optim.biz\/index.php?rest_route=\/wp\/v2\/users\/1"}],"replies":[{"embeddable":true,"href":"https:\/\/analyse.optim.biz\/index.php?rest_route=%2Fwp%2Fv2%2Fcomments&post=1881522"}],"version-history":[{"count":0,"href":"https:\/\/analyse.optim.biz\/index.php?rest_route=\/wp\/v2\/posts\/1881522\/revisions"}],"wp:attachment":[{"href":"https:\/\/analyse.optim.biz\/index.php?rest_route=%2Fwp%2Fv2%2Fmedia&parent=1881522"}],"wp:term":[{"taxonomy":"category","embeddable":true,"href":"https:\/\/analyse.optim.biz\/index.php?rest_route=%2Fwp%2Fv2%2Fcategories&post=1881522"},{"taxonomy":"post_tag","embeddable":true,"href":"https:\/\/analyse.optim.biz\/index.php?rest_route=%2Fwp%2Fv2%2Ftags&post=1881522"}],"curies":[{"name":"wp","href":"https:\/\/api.w.org\/{rel}","templated":true}]}}