{"id":188120,"date":"2015-01-17T13:19:09","date_gmt":"2015-01-17T10:19:09","guid":{"rendered":"https:\/\/analyse.optim.biz\/?p=188120"},"modified":"2015-01-17T13:19:09","modified_gmt":"2015-01-17T10:19:09","slug":"demis-de-la-diaspora-numit-la-cultura","status":"publish","type":"post","link":"https:\/\/analyse.optim.biz\/?p=188120","title":{"rendered":"Demis de la Diaspora, numit la Cultur\u0103"},"content":{"rendered":"<div class=\"entry data-app-meta data-app-meta-article\" data-embed-base-url-canonical=\"https:\/\/www.digi24.ro\/embed\/stiri\/actualitate\/politica\/demis-de-la-diaspora-numit-la-cultura-348236\">\n<p data-index=\"1\"><img decoding=\"async\" src=\"https:\/\/analyse.optim.biz\/wp-content\/uploads\/2024\/09\/mmfimzzknwqzmjnjotjhzda0odc2mgeyywm1nq-thumb_.jpg\" data-skip-htmlfix=\"1\" title=\"mmfimzzknwqzmjnjotjhzda0odc2mgeyywm1nq-thumb_\"><\/p>\n<p data-index=\"2\"><em>Bogdan Stanoevici FOTO: Mediafax Foto<\/em><\/p>\n<p data-index=\"3\">De profesie actor, <strong>Bogdan Stanoevici<\/strong> a fost ministru timp de zece luni. <\/p>\n<p data-index=\"4\">Bogdan Stanoevici a fost puternic contestat \u015fi i s-a cerut demisia din cauza problemelor cu care s-au confruntat rom\u00e2nii din diaspora la alegerile preziden\u0163iale.<\/p>\n<\/div>\n<p> Source URL: https:\/\/www.digi24.ro\/stiri\/actualitate\/politica\/demis-de-la-diaspora-numit-la-cultura-348236<\/p>\n","protected":false},"excerpt":{"rendered":"<p>Bogdan Stanoevici FOTO: Mediafax Foto De profesie actor, Bogdan Stanoevici a fost ministru timp de zece luni. Bogdan Stanoevici a fost puternic contestat \u015fi i s-a cerut demisia din cauza problemelor cu care s-au confruntat rom\u00e2nii din diaspora la alegerile preziden\u0163iale. Source URL: https:\/\/www.digi24.ro\/stiri\/actualitate\/politica\/demis-de-la-diaspora-numit-la-cultura-348236<\/p>\n","protected":false},"author":1,"featured_media":188121,"comment_status":"open","ping_status":"","sticky":false,"template":"","format":"standard","meta":{"footnotes":""},"categories":[2],"tags":[11],"class_list":["post-188120","post","type-post","status-publish","format-standard","has-post-thumbnail","hentry","category-politics","tag-digi24"],"_links":{"self":[{"href":"https:\/\/analyse.optim.biz\/index.php?rest_route=\/wp\/v2\/posts\/188120","targetHints":{"allow":["GET"]}}],"collection":[{"href":"https:\/\/analyse.optim.biz\/index.php?rest_route=\/wp\/v2\/posts"}],"about":[{"href":"https:\/\/analyse.optim.biz\/index.php?rest_route=\/wp\/v2\/types\/post"}],"author":[{"embeddable":true,"href":"https:\/\/analyse.optim.biz\/index.php?rest_route=\/wp\/v2\/users\/1"}],"replies":[{"embeddable":true,"href":"https:\/\/analyse.optim.biz\/index.php?rest_route=%2Fwp%2Fv2%2Fcomments&post=188120"}],"version-history":[{"count":0,"href":"https:\/\/analyse.optim.biz\/index.php?rest_route=\/wp\/v2\/posts\/188120\/revisions"}],"wp:featuredmedia":[{"embeddable":true,"href":"https:\/\/analyse.optim.biz\/index.php?rest_route=\/wp\/v2\/media\/188121"}],"wp:attachment":[{"href":"https:\/\/analyse.optim.biz\/index.php?rest_route=%2Fwp%2Fv2%2Fmedia&parent=188120"}],"wp:term":[{"taxonomy":"category","embeddable":true,"href":"https:\/\/analyse.optim.biz\/index.php?rest_route=%2Fwp%2Fv2%2Fcategories&post=188120"},{"taxonomy":"post_tag","embeddable":true,"href":"https:\/\/analyse.optim.biz\/index.php?rest_route=%2Fwp%2Fv2%2Ftags&post=188120"}],"curies":[{"name":"wp","href":"https:\/\/api.w.org\/{rel}","templated":true}]}}