{"id":1881193,"date":"2026-04-14T09:20:48","date_gmt":"2026-04-14T06:20:48","guid":{"rendered":"https:\/\/analyse.optim.biz\/?p=1881193"},"modified":"2026-04-14T09:20:48","modified_gmt":"2026-04-14T06:20:48","slug":"peste-1-000-de-liceeni-din-suceava-au-participat-la-maratonul-pentru-educatie-antreprenoriala-semifinala-judeteana-pe-23-aprilie-la-teatrul-matei-visniec","status":"publish","type":"post","link":"https:\/\/analyse.optim.biz\/?p=1881193","title":{"rendered":"Peste 1.000 de liceeni din Suceava au participat la \u201eMaratonul pentru Educa\u021bie Antreprenorial\u0103\u201d. Semifinala jude\u021bean\u0103, pe 23 aprilie, la Teatrul \u201eMatei Vi\u0219niec\u201d"},"content":{"rendered":"<p>[analyse_image type=&#8221;featured&#8221; src=&#8221;https:\/\/www.newsbucovina.ro\/wp-content\/uploads\/2025\/03\/conaf-Suceava.jpghttps:\/\/cdn.newsbucovina.ro\/wp-content\/uploads\/2025\/03\/conaf-Suceava.jpg&#8221;]<\/p>\n<div class=\"td-post-content tagdiv-type\">\n<div class=\"td-a-rec td-a-rec-id-content_top  tdi_3 td_block_template_1\"><strong>Intr\u0103 acum \u0219i \u00een grupul de <\/p>\n<div class=\"wp-block-button\"><a class=\"wp-block-button__link wp-element-button\" href=\"https:\/\/t.me\/+TH8wcfnp8fw5NWI0\">Telegram News Bucovina<\/a><\/div>\n<p><\/strong><\/div>\n<p>Aproximativ 1.000 de elevi de liceu din jude\u021bul Suceava au luat parte, \u00eencep\u00e2nd din octombrie 2025, la orele de educa\u021bie antreprenorial\u0103 sus\u021binute de antreprenori voluntari \u00een cadrul celei de-a patra edi\u021bii a \u201eMaratonului pentru Educa\u021bie Antreprenorial\u0103\u201d.<\/p>\n<figure class=\"wp-block-image size-large\"><a href=\"https:\/\/cdn.newsbucovina.ro\/wp-content\/uploads\/2025\/03\/conaf-Suceava.jpg\"><img loading=\"lazy\" decoding=\"async\" width=\"1024\" height=\"683\" src=\"https:\/\/cdn.newsbucovina.ro\/wp-content\/uploads\/2025\/03\/conaf-Suceava-1024x683.jpg\" alt class=\"wp-image-406211\"><\/a><\/figure>\n<p>Competi\u021bia, organizat\u0103 de Confedera\u021bia Na\u021bional\u0103 pentru Antreprenoriat Feminin \u2013 CONAF Sucursala Suceava, ajunge la un moment important: semifinala jude\u021bean\u0103 a planurilor de afaceri, care va avea loc joi, <strong>23 aprilie 2026, \u00eencep\u00e2nd cu ora 09:00<\/strong>, la Teatrul Municipal \u201eMatei Vi\u0219niec\u201d din Suceava.<\/p>\n<p>\u201eMaratonul pentru Educa\u021bie Antreprenorial\u0103\u201d s-a consolidat ca cea mai ampl\u0103 competi\u021bie de planuri de afaceri dedicat\u0103 liceenilor din Rom\u00e2nia. Programul reprezint\u0103 un adev\u0103rat parcurs ini\u021biatic pentru tineri, ajut\u00e2ndu-i s\u0103-\u0219i descopere voca\u021bia, s\u0103 dezvolte curajul antreprenorial \u0219i s\u0103 \u00ee\u0219i contureze o carier\u0103 autentic\u0103, fiind \u00eendruma\u021bi at\u00e2t de profesori, c\u00e2t \u0219i de mentori voluntari din mediul de afaceri.<\/p>\n<p>Edi\u021bia 2025 a finalei na\u021bionale a adunat peste 500 de elevi finali\u0219ti, organiza\u021bi \u00een 54 de echipe, care au concurat pentru 42 de premii \u0219i men\u021biuni \u00een valoare total\u0103 de peste 15.400 de euro.<\/p>\n<p>La nivel na\u021bional, impactul programului \u00eentre 2020 \u0219i 2025 este impresionant:<\/p>\n<ul class=\"wp-block-list\">\n<li><strong>33.750 de liceeni<\/strong> ini\u021bia\u021bi \u00een concepte de business<\/li>\n<li><strong>3.252 de elevi<\/strong> implica\u021bi direct \u00een scrierea de planuri de afaceri<\/li>\n<li>Implicarea a <strong>58 de jude\u021be<\/strong>, 124 de localit\u0103\u021bi, <strong>378 de licee<\/strong> \u0219i <strong>488 de profesori coordonatori<\/strong><\/li>\n<li><strong>553 de planuri de afaceri<\/strong> depuse<\/li>\n<li>Peste <strong>896 de antreprenori<\/strong> care au f\u0103cut voluntariat ca mentori \u0219i membri ai juriului<\/li>\n<\/ul>\n<p>Programul a fost ini\u021biat de Confedera\u021bia Na\u021bional\u0103 pentru Antreprenoriat Feminin (CONAF) \u00een urma semn\u0103rii Pactului pentru Educa\u021bie Antreprenorial\u0103 cu Ministerul Educa\u021biei \u00een 2019, pact re\u00eennoit \u00een 2022 pentru \u00eenc\u0103 patru ani.<\/p>\n<p>Semifinala jude\u021bean\u0103 din 23 aprilie reprezint\u0103 o oportunitate important\u0103 pentru elevii suceveni de a-\u0219i prezenta ideile de afaceri \u00een fa\u021ba unui juriu format din antreprenori \u0219i speciali\u0219ti, iar cei mai buni vor merge mai departe spre etapa na\u021bional\u0103.<\/p>\n<div class=\"td-a-rec td-a-rec-id-content_bottom  tdi_4 td_block_template_1\"><strong>Intr\u0103 acum \u0219i \u00een grupul de <\/p>\n<div class=\"wp-block-button\"><a class=\"wp-block-button__link wp-element-button\" href=\"https:\/\/t.me\/+TH8wcfnp8fw5NWI0\">Telegram News Bucovina<\/a><\/div>\n<p><\/strong><\/div>\n<\/div>\n<div class=\"td-post-content tagdiv-type\">\n<div class=\"td-a-rec td-a-rec-id-content_top  tdi_3 td_block_template_1\"><strong>Intr\u0103 acum \u0219i \u00een grupul de <\/p>\n<div class=\"wp-block-button\"><a class=\"wp-block-button__link wp-element-button\" href=\"https:\/\/t.me\/+TH8wcfnp8fw5NWI0\">Telegram News Bucovina<\/a><\/div>\n<p><\/strong><\/div>\n<p>Aproximativ 1.000 de elevi de liceu din jude\u021bul Suceava au luat parte, \u00eencep\u00e2nd din octombrie 2025, la orele de educa\u021bie antreprenorial\u0103 sus\u021binute de antreprenori voluntari \u00een cadrul celei de-a patra edi\u021bii a \u201eMaratonului pentru Educa\u021bie Antreprenorial\u0103\u201d.<\/p>\n<figure class=\"wp-block-image size-large\"><a href=\"https:\/\/cdn.newsbucovina.ro\/wp-content\/uploads\/2025\/03\/conaf-Suceava.jpg\"><img loading=\"lazy\" decoding=\"async\" width=\"1024\" height=\"683\" src=\"https:\/\/cdn.newsbucovina.ro\/wp-content\/uploads\/2025\/03\/conaf-Suceava-1024x683.jpg\" alt class=\"wp-image-406211\"><\/a><\/figure>\n<p>Competi\u021bia, organizat\u0103 de Confedera\u021bia Na\u021bional\u0103 pentru Antreprenoriat Feminin \u2013 CONAF Sucursala Suceava, ajunge la un moment important: semifinala jude\u021bean\u0103 a planurilor de afaceri, care va avea loc joi, <strong>23 aprilie 2026, \u00eencep\u00e2nd cu ora 09:00<\/strong>, la Teatrul Municipal \u201eMatei Vi\u0219niec\u201d din Suceava.<\/p>\n<p>\u201eMaratonul pentru Educa\u021bie Antreprenorial\u0103\u201d s-a consolidat ca cea mai ampl\u0103 competi\u021bie de planuri de afaceri dedicat\u0103 liceenilor din Rom\u00e2nia. Programul reprezint\u0103 un adev\u0103rat parcurs ini\u021biatic pentru tineri, ajut\u00e2ndu-i s\u0103-\u0219i descopere voca\u021bia, s\u0103 dezvolte curajul antreprenorial \u0219i s\u0103 \u00ee\u0219i contureze o carier\u0103 autentic\u0103, fiind \u00eendruma\u021bi at\u00e2t de profesori, c\u00e2t \u0219i de mentori voluntari din mediul de afaceri.<\/p>\n<p>Edi\u021bia 2025 a finalei na\u021bionale a adunat peste 500 de elevi finali\u0219ti, organiza\u021bi \u00een 54 de echipe, care au concurat pentru 42 de premii \u0219i men\u021biuni \u00een valoare total\u0103 de peste 15.400 de euro.<\/p>\n<p>La nivel na\u021bional, impactul programului \u00eentre 2020 \u0219i 2025 este impresionant:<\/p>\n<ul class=\"wp-block-list\">\n<li><strong>33.750 de liceeni<\/strong> ini\u021bia\u021bi \u00een concepte de business<\/li>\n<li><strong>3.252 de elevi<\/strong> implica\u021bi direct \u00een scrierea de planuri de afaceri<\/li>\n<li>Implicarea a <strong>58 de jude\u021be<\/strong>, 124 de localit\u0103\u021bi, <strong>378 de licee<\/strong> \u0219i <strong>488 de profesori coordonatori<\/strong><\/li>\n<li><strong>553 de planuri de afaceri<\/strong> depuse<\/li>\n<li>Peste <strong>896 de antreprenori<\/strong> care au f\u0103cut voluntariat ca mentori \u0219i membri ai juriului<\/li>\n<\/ul>\n<p>Programul a fost ini\u021biat de Confedera\u021bia Na\u021bional\u0103 pentru Antreprenoriat Feminin (CONAF) \u00een urma semn\u0103rii Pactului pentru Educa\u021bie Antreprenorial\u0103 cu Ministerul Educa\u021biei \u00een 2019, pact re\u00eennoit \u00een 2022 pentru \u00eenc\u0103 patru ani.<\/p>\n<p>Semifinala jude\u021bean\u0103 din 23 aprilie reprezint\u0103 o oportunitate important\u0103 pentru elevii suceveni de a-\u0219i prezenta ideile de afaceri \u00een fa\u021ba unui juriu format din antreprenori \u0219i speciali\u0219ti, iar cei mai buni vor merge mai departe spre etapa na\u021bional\u0103.<\/p>\n<div class=\"td-a-rec td-a-rec-id-content_bottom  tdi_4 td_block_template_1\"><strong>Intr\u0103 acum \u0219i \u00een grupul de <\/p>\n<div class=\"wp-block-button\"><a class=\"wp-block-button__link wp-element-button\" href=\"https:\/\/t.me\/+TH8wcfnp8fw5NWI0\">Telegram News Bucovina<\/a><\/div>\n<p><\/strong><\/div>\n<\/div>\n<p>[analyse_source url=&#8221;https:\/\/www.newsbucovina.ro\/social\/436164\/peste-1-000-de-liceeni-din-suceava-au-participat-la-maratonul-pentru-educatie-antreprenoriala-semifinala-judeteana-pe-23-aprilie-la-teatrul-matei-visniec&#8221;]<\/p>\n","protected":false},"excerpt":{"rendered":"<p>[analyse_image type=&#8221;featured&#8221; src=&#8221;https:\/\/www.newsbucovina.ro\/wp-content\/uploads\/2025\/03\/conaf-Suceava.jpghttps:\/\/cdn.newsbucovina.ro\/wp-content\/uploads\/2025\/03\/conaf-Suceava.jpg&#8221;] Intr\u0103 acum \u0219i \u00een grupul de Telegram News Bucovina Aproximativ 1.000 de elevi de liceu din jude\u021bul Suceava au luat parte, \u00eencep\u00e2nd din octombrie 2025, la orele de educa\u021bie antreprenorial\u0103 sus\u021binute de antreprenori voluntari \u00een cadrul celei de-a patra edi\u021bii a \u201eMaratonului pentru Educa\u021bie Antreprenorial\u0103\u201d. Competi\u021bia, organizat\u0103 de Confedera\u021bia Na\u021bional\u0103 pentru Antreprenoriat [&hellip;]<\/p>\n","protected":false},"author":1,"featured_media":0,"comment_status":"open","ping_status":"","sticky":false,"template":"","format":"standard","meta":{"footnotes":""},"categories":[89],"tags":[226,165],"class_list":["post-1881193","post","type-post","status-publish","format-standard","hentry","category-romania","tag-crawlmanager","tag-newsbucovina-ro"],"_links":{"self":[{"href":"https:\/\/analyse.optim.biz\/index.php?rest_route=\/wp\/v2\/posts\/1881193","targetHints":{"allow":["GET"]}}],"collection":[{"href":"https:\/\/analyse.optim.biz\/index.php?rest_route=\/wp\/v2\/posts"}],"about":[{"href":"https:\/\/analyse.optim.biz\/index.php?rest_route=\/wp\/v2\/types\/post"}],"author":[{"embeddable":true,"href":"https:\/\/analyse.optim.biz\/index.php?rest_route=\/wp\/v2\/users\/1"}],"replies":[{"embeddable":true,"href":"https:\/\/analyse.optim.biz\/index.php?rest_route=%2Fwp%2Fv2%2Fcomments&post=1881193"}],"version-history":[{"count":0,"href":"https:\/\/analyse.optim.biz\/index.php?rest_route=\/wp\/v2\/posts\/1881193\/revisions"}],"wp:attachment":[{"href":"https:\/\/analyse.optim.biz\/index.php?rest_route=%2Fwp%2Fv2%2Fmedia&parent=1881193"}],"wp:term":[{"taxonomy":"category","embeddable":true,"href":"https:\/\/analyse.optim.biz\/index.php?rest_route=%2Fwp%2Fv2%2Fcategories&post=1881193"},{"taxonomy":"post_tag","embeddable":true,"href":"https:\/\/analyse.optim.biz\/index.php?rest_route=%2Fwp%2Fv2%2Ftags&post=1881193"}],"curies":[{"name":"wp","href":"https:\/\/api.w.org\/{rel}","templated":true}]}}