{"id":1881180,"date":"2026-04-14T07:13:31","date_gmt":"2026-04-14T04:13:31","guid":{"rendered":"https:\/\/analyse.optim.biz\/?p=1881180"},"modified":"2026-04-14T07:13:31","modified_gmt":"2026-04-14T04:13:31","slug":"a-murit-capra-vecinului-de-politolog-dr-adrian-botezatu","status":"publish","type":"post","link":"https:\/\/analyse.optim.biz\/?p=1881180","title":{"rendered":"A MURIT CAPRA VECINULUI, de politolog dr. Adrian Botezatu"},"content":{"rendered":"<p>[analyse_image type=&#8221;featured&#8221; src=&#8221;https:\/\/www.newsbucovina.ro\/wp-content\/uploads\/2026\/04\/WhatsApp-Image-2026-04-14-at-10.02.28.jpeghttps:\/\/cdn.newsbucovina.ro\/wp-content\/uploads\/2026\/04\/WhatsApp-Image-2026-04-14-at-10.02.28.jpeg&#8221;]<\/p>\n<div class=\"td-post-content tagdiv-type\">\n<div class=\"td-a-rec td-a-rec-id-content_top  tdi_3 td_block_template_1\"><strong>Intr\u0103 acum \u0219i \u00een grupul de <\/p>\n<div class=\"wp-block-button\"><a class=\"wp-block-button__link wp-element-button\" href=\"https:\/\/t.me\/+TH8wcfnp8fw5NWI0\">Telegram News Bucovina<\/a><\/div>\n<p><\/strong><\/div>\n<p>Faptul c\u0103 Viktor Orban a pierdut alegerile, reprezint\u0103, cinic vorbind , o veste bun\u0103 pentru Rom\u00e2nia.<\/p>\n<figure class=\"wp-block-image size-large\"><a href=\"https:\/\/cdn.newsbucovina.ro\/wp-content\/uploads\/2026\/04\/WhatsApp-Image-2026-04-14-at-10.02.28.jpeg\"><img loading=\"lazy\" decoding=\"async\" width=\"1024\" height=\"576\" src=\"https:\/\/cdn.newsbucovina.ro\/wp-content\/uploads\/2026\/04\/WhatsApp-Image-2026-04-14-at-10.02.28-1024x576.jpeg\" alt class=\"wp-image-436162\"><\/a><\/figure>\n<p>Orban dezvoltase o politic\u0103 economic\u0103 coerent\u0103, av\u00e2nd rela\u021bii bune cu marii juc\u0103tori mondiali: Ungaria avea dublu investi\u021bii americane dec\u00e2t Rom\u00e2nia (la jum\u0103tate de popula\u021bie); hidrocarburi ieftine din Rusia \u0219i central\u0103 nuclear\u0103 ruseasc\u0103 (Rom\u00e2nia cump\u0103r\u0103 constant energie electric\u0103 din Ungaria); investi\u021bii \u0219i tehnologii din China; armament \u0219i tehnologie militar\u0103 din Germania \u0219i Turcia.<\/p>\n<p>Balan\u021ba comercial\u0103 rom\u00e2no-maghiar\u0103 era \u0219i este net avantajoas\u0103 pentru Ungaria. <\/p>\n<p>Orban dezvoltase 10 companii de stat puternice \u00een domeniile economice ale viitorului. Ungaria dezvoltase \u00een perioada Orban un proiect ambi\u021bios de integrare a Transilvaniei \u00een sistemul economico-cultural al Ungariei.<\/p>\n<p>\u00a0Sf\u00e2r\u0219itul politic i s-a tras de la sabotarea transferului banilor europeni pentru Ucraina. Comisia European\u0103 a c\u00e2\u0219tigat r\u0103zboiul cu suveranistul Orban \u0219i \u00een cel mai scurt timp va destructura economic \u0219i social ireversibil Ungaria (noi deja \u0219tim scenariul).<\/p>\n<p>Dar dup\u0103 ce Bruxelles a c\u00e2\u0219tigat Ungaria, se va afla \u00een r\u0103zboi at\u00e2t cu SUA , care a fost umilit\u0103 (at\u00e2t Rubio , c\u00e2t \u0219i Vance l-au sprijinit direct pe Orban), c\u00e2t \u0219i cu Rusia (Medvedev a declarat c\u0103 Rusia se opune integr\u0103rii Ucrainei \u00een UE, deoarece UE a devenit bloc militar separat de SUA).<\/p>\n<p>Vestea proast\u0103 pentru Rom\u00e2nia \u0219i R. Moldova este c\u0103 ne afl\u0103m chiar pe linia de conflict (cu partide soro\u0219iste la butoane \u00een ambele \u021b\u0103ri)\u2026..<\/p>\n<div class=\"td-a-rec td-a-rec-id-content_bottom  tdi_4 td_block_template_1\"><strong>Intr\u0103 acum \u0219i \u00een grupul de <\/p>\n<div class=\"wp-block-button\"><a class=\"wp-block-button__link wp-element-button\" href=\"https:\/\/t.me\/+TH8wcfnp8fw5NWI0\">Telegram News Bucovina<\/a><\/div>\n<p><\/strong><\/div>\n<\/div>\n<div class=\"td-post-content tagdiv-type\">\n<div class=\"td-a-rec td-a-rec-id-content_top  tdi_3 td_block_template_1\"><strong>Intr\u0103 acum \u0219i \u00een grupul de <\/p>\n<div class=\"wp-block-button\"><a class=\"wp-block-button__link wp-element-button\" href=\"https:\/\/t.me\/+TH8wcfnp8fw5NWI0\">Telegram News Bucovina<\/a><\/div>\n<p><\/strong><\/div>\n<p>Faptul c\u0103 Viktor Orban a pierdut alegerile, reprezint\u0103, cinic vorbind , o veste bun\u0103 pentru Rom\u00e2nia.<\/p>\n<figure class=\"wp-block-image size-large\"><a href=\"https:\/\/cdn.newsbucovina.ro\/wp-content\/uploads\/2026\/04\/WhatsApp-Image-2026-04-14-at-10.02.28.jpeg\"><img loading=\"lazy\" decoding=\"async\" width=\"1024\" height=\"576\" src=\"https:\/\/cdn.newsbucovina.ro\/wp-content\/uploads\/2026\/04\/WhatsApp-Image-2026-04-14-at-10.02.28-1024x576.jpeg\" alt class=\"wp-image-436162\"><\/a><\/figure>\n<p>Orban dezvoltase o politic\u0103 economic\u0103 coerent\u0103, av\u00e2nd rela\u021bii bune cu marii juc\u0103tori mondiali: Ungaria avea dublu investi\u021bii americane dec\u00e2t Rom\u00e2nia (la jum\u0103tate de popula\u021bie); hidrocarburi ieftine din Rusia \u0219i central\u0103 nuclear\u0103 ruseasc\u0103 (Rom\u00e2nia cump\u0103r\u0103 constant energie electric\u0103 din Ungaria); investi\u021bii \u0219i tehnologii din China; armament \u0219i tehnologie militar\u0103 din Germania \u0219i Turcia.<\/p>\n<p>Balan\u021ba comercial\u0103 rom\u00e2no-maghiar\u0103 era \u0219i este net avantajoas\u0103 pentru Ungaria. <\/p>\n<p>Orban dezvoltase 10 companii de stat puternice \u00een domeniile economice ale viitorului. Ungaria dezvoltase \u00een perioada Orban un proiect ambi\u021bios de integrare a Transilvaniei \u00een sistemul economico-cultural al Ungariei.<\/p>\n<p>\u00a0Sf\u00e2r\u0219itul politic i s-a tras de la sabotarea transferului banilor europeni pentru Ucraina. Comisia European\u0103 a c\u00e2\u0219tigat r\u0103zboiul cu suveranistul Orban \u0219i \u00een cel mai scurt timp va destructura economic \u0219i social ireversibil Ungaria (noi deja \u0219tim scenariul).<\/p>\n<p>Dar dup\u0103 ce Bruxelles a c\u00e2\u0219tigat Ungaria, se va afla \u00een r\u0103zboi at\u00e2t cu SUA , care a fost umilit\u0103 (at\u00e2t Rubio , c\u00e2t \u0219i Vance l-au sprijinit direct pe Orban), c\u00e2t \u0219i cu Rusia (Medvedev a declarat c\u0103 Rusia se opune integr\u0103rii Ucrainei \u00een UE, deoarece UE a devenit bloc militar separat de SUA).<\/p>\n<p>Vestea proast\u0103 pentru Rom\u00e2nia \u0219i R. Moldova este c\u0103 ne afl\u0103m chiar pe linia de conflict (cu partide soro\u0219iste la butoane \u00een ambele \u021b\u0103ri)\u2026..<\/p>\n<div class=\"td-a-rec td-a-rec-id-content_bottom  tdi_4 td_block_template_1\"><strong>Intr\u0103 acum \u0219i \u00een grupul de <\/p>\n<div class=\"wp-block-button\"><a class=\"wp-block-button__link wp-element-button\" href=\"https:\/\/t.me\/+TH8wcfnp8fw5NWI0\">Telegram News Bucovina<\/a><\/div>\n<p><\/strong><\/div>\n<\/div>\n<p>[analyse_source url=&#8221;https:\/\/www.newsbucovina.ro\/opinii\/436161\/a-murit-capra-vecinului-de-politolog-dr-adrian-botezatu&#8221;]<\/p>\n","protected":false},"excerpt":{"rendered":"<p>[analyse_image type=&#8221;featured&#8221; src=&#8221;https:\/\/www.newsbucovina.ro\/wp-content\/uploads\/2026\/04\/WhatsApp-Image-2026-04-14-at-10.02.28.jpeghttps:\/\/cdn.newsbucovina.ro\/wp-content\/uploads\/2026\/04\/WhatsApp-Image-2026-04-14-at-10.02.28.jpeg&#8221;] Intr\u0103 acum \u0219i \u00een grupul de Telegram News Bucovina Faptul c\u0103 Viktor Orban a pierdut alegerile, reprezint\u0103, cinic vorbind , o veste bun\u0103 pentru Rom\u00e2nia. Orban dezvoltase o politic\u0103 economic\u0103 coerent\u0103, av\u00e2nd rela\u021bii bune cu marii juc\u0103tori mondiali: Ungaria avea dublu investi\u021bii americane dec\u00e2t Rom\u00e2nia (la jum\u0103tate de popula\u021bie); hidrocarburi ieftine din [&hellip;]<\/p>\n","protected":false},"author":1,"featured_media":0,"comment_status":"open","ping_status":"","sticky":false,"template":"","format":"standard","meta":{"footnotes":""},"categories":[89],"tags":[226,165],"class_list":["post-1881180","post","type-post","status-publish","format-standard","hentry","category-romania","tag-crawlmanager","tag-newsbucovina-ro"],"_links":{"self":[{"href":"https:\/\/analyse.optim.biz\/index.php?rest_route=\/wp\/v2\/posts\/1881180","targetHints":{"allow":["GET"]}}],"collection":[{"href":"https:\/\/analyse.optim.biz\/index.php?rest_route=\/wp\/v2\/posts"}],"about":[{"href":"https:\/\/analyse.optim.biz\/index.php?rest_route=\/wp\/v2\/types\/post"}],"author":[{"embeddable":true,"href":"https:\/\/analyse.optim.biz\/index.php?rest_route=\/wp\/v2\/users\/1"}],"replies":[{"embeddable":true,"href":"https:\/\/analyse.optim.biz\/index.php?rest_route=%2Fwp%2Fv2%2Fcomments&post=1881180"}],"version-history":[{"count":0,"href":"https:\/\/analyse.optim.biz\/index.php?rest_route=\/wp\/v2\/posts\/1881180\/revisions"}],"wp:attachment":[{"href":"https:\/\/analyse.optim.biz\/index.php?rest_route=%2Fwp%2Fv2%2Fmedia&parent=1881180"}],"wp:term":[{"taxonomy":"category","embeddable":true,"href":"https:\/\/analyse.optim.biz\/index.php?rest_route=%2Fwp%2Fv2%2Fcategories&post=1881180"},{"taxonomy":"post_tag","embeddable":true,"href":"https:\/\/analyse.optim.biz\/index.php?rest_route=%2Fwp%2Fv2%2Ftags&post=1881180"}],"curies":[{"name":"wp","href":"https:\/\/api.w.org\/{rel}","templated":true}]}}