{"id":188109,"date":"2015-01-17T14:04:13","date_gmt":"2015-01-17T11:04:13","guid":{"rendered":"https:\/\/analyse.optim.biz\/?p=188109"},"modified":"2015-01-17T14:04:13","modified_gmt":"2015-01-17T11:04:13","slug":"deputatii-isi-liciteaza-deplasarile-in-strainatate","status":"publish","type":"post","link":"https:\/\/analyse.optim.biz\/?p=188109","title":{"rendered":"Deputa\u0163ii \u00ee\u015fi liciteaz\u0103 deplas\u0103rile \u00een str\u0103in\u0103tate"},"content":{"rendered":"<div class=\"entry data-app-meta data-app-meta-article\" data-embed-base-url-canonical=\"https:\/\/www.digi24.ro\/embed\/stiri\/actualitate\/politica\/deputatii-isi-liciteaza-deplasarile-in-strainatate-348239\">\n<p data-index=\"1\">Potrivit site-ului www.e-licita\u0163ie.ro, <strong>Camera Deputa\u0163ilor<\/strong> dore\u015fte s\u0103 \u00eencheie un acord cadru cu trei operatori economici, prin licita\u0163ie deschis\u0103. \u00a0<\/p>\n<p data-index=\"2\">A\u015fadar 3.500.000 lei ar pl\u0103ti pentru <strong>serviciile de transport aerian<\/strong> \u015fi 1.500.000 lei pentru cazare. <strong>Pre\u0163ul cel mai sc\u0103zut<\/strong> este criteriul de atribuire.<\/p>\n<\/div>\n<p> Source URL: https:\/\/www.digi24.ro\/stiri\/actualitate\/politica\/deputatii-isi-liciteaza-deplasarile-in-strainatate-348239<\/p>\n","protected":false},"excerpt":{"rendered":"<p>Potrivit site-ului www.e-licita\u0163ie.ro, Camera Deputa\u0163ilor dore\u015fte s\u0103 \u00eencheie un acord cadru cu trei operatori economici, prin licita\u0163ie deschis\u0103. \u00a0 A\u015fadar 3.500.000 lei ar pl\u0103ti pentru serviciile de transport aerian \u015fi 1.500.000 lei pentru cazare. Pre\u0163ul cel mai sc\u0103zut este criteriul de atribuire. Source URL: https:\/\/www.digi24.ro\/stiri\/actualitate\/politica\/deputatii-isi-liciteaza-deplasarile-in-strainatate-348239<\/p>\n","protected":false},"author":1,"featured_media":188110,"comment_status":"open","ping_status":"","sticky":false,"template":"","format":"standard","meta":{"footnotes":""},"categories":[2],"tags":[11],"class_list":["post-188109","post","type-post","status-publish","format-standard","has-post-thumbnail","hentry","category-politics","tag-digi24"],"_links":{"self":[{"href":"https:\/\/analyse.optim.biz\/index.php?rest_route=\/wp\/v2\/posts\/188109","targetHints":{"allow":["GET"]}}],"collection":[{"href":"https:\/\/analyse.optim.biz\/index.php?rest_route=\/wp\/v2\/posts"}],"about":[{"href":"https:\/\/analyse.optim.biz\/index.php?rest_route=\/wp\/v2\/types\/post"}],"author":[{"embeddable":true,"href":"https:\/\/analyse.optim.biz\/index.php?rest_route=\/wp\/v2\/users\/1"}],"replies":[{"embeddable":true,"href":"https:\/\/analyse.optim.biz\/index.php?rest_route=%2Fwp%2Fv2%2Fcomments&post=188109"}],"version-history":[{"count":0,"href":"https:\/\/analyse.optim.biz\/index.php?rest_route=\/wp\/v2\/posts\/188109\/revisions"}],"wp:featuredmedia":[{"embeddable":true,"href":"https:\/\/analyse.optim.biz\/index.php?rest_route=\/wp\/v2\/media\/188110"}],"wp:attachment":[{"href":"https:\/\/analyse.optim.biz\/index.php?rest_route=%2Fwp%2Fv2%2Fmedia&parent=188109"}],"wp:term":[{"taxonomy":"category","embeddable":true,"href":"https:\/\/analyse.optim.biz\/index.php?rest_route=%2Fwp%2Fv2%2Fcategories&post=188109"},{"taxonomy":"post_tag","embeddable":true,"href":"https:\/\/analyse.optim.biz\/index.php?rest_route=%2Fwp%2Fv2%2Ftags&post=188109"}],"curies":[{"name":"wp","href":"https:\/\/api.w.org\/{rel}","templated":true}]}}