{"id":1881001,"date":"2026-04-14T09:09:43","date_gmt":"2026-04-14T06:09:43","guid":{"rendered":"https:\/\/analyse.optim.biz\/?p=1881001"},"modified":"2026-04-14T09:09:43","modified_gmt":"2026-04-14T06:09:43","slug":"revin-la-scoala-dupa-vacanta-de-paste","status":"publish","type":"post","link":"https:\/\/analyse.optim.biz\/?p=1881001","title":{"rendered":"REVIN LA \u0218COAL\u0102 DUP\u0102 VACAN\u021aA DE PA\u0218TE"},"content":{"rendered":"<p>[analyse_image type=&#8221;featured&#8221; src=&#8221;https:\/\/newss.ro\/wp-content\/uploads\/2022\/09\/elevi-in-banci.jpg&#8221;]<\/p>\n<div class=\"td-post-content\">\n<div class=\"td-post-featured-image\"><a href=\"https:\/\/newss.ro\/wp-content\/uploads\/2022\/09\/elevi-in-banci.jpg\" data-caption><img loading=\"lazy\" decoding=\"async\" width=\"696\" height=\"471\" class=\"entry-thumb td-modal-image\" src=\"https:\/\/newss.ro\/wp-content\/uploads\/2022\/09\/elevi-in-banci-696x471.jpg\" alt title=\"elevi in banci\"><\/a><\/div>\n<p>Pre\u0219colarii \u0219i elevii se \u00eentorc de m\u00e2ine la cursuri, dup\u0103 vacan\u021ba de Pa\u0219te, ultima din acest an \u0219colar.<\/p>\n<p>Odat\u0103 cu revenirea \u00een b\u0103nci, \u00eencepe \u0219i ultima etap\u0103, un modul decisiv \u0219i cel mai lung, de peste 9 s\u0103pt\u0103m\u00e2ni, \u00a0care se va \u00eencheia pe 19 iunie.<\/p>\n<p>Vacan\u021ba de prim\u0103var\u0103, \u00eenceput\u0103 pe 4 aprilie, marcheaz\u0103 o pauz\u0103 binevenit\u0103 pentru elevi \u0219i profesori, \u00eens\u0103 \u00eentoarcerea la \u0219coal\u0103 aduce cu sine un ritm intens, mai ales pentru clasele terminale.<\/p>\n<p>Ultimele s\u0103pt\u0103m\u00e2ni de \u0219coal\u0103 sunt, de regul\u0103, dedicate consolid\u0103rii materiei, evalu\u0103rilor finale \u0219i \u00eencheierii situa\u021biei \u0219colare. \u00cen acela\u0219i timp, pentru unii elevi, aceast\u0103 perioad\u0103 cap\u0103t\u0103 o importan\u021b\u0103 suplimentar\u0103, fiind str\u00e2ns legat\u0103 de examenele na\u021bionale.<\/p>\n<p>Elevii din clasele a VIII-a \u0219i a XII-a vor \u00eencheia anul \u0219colar mai devreme, pentru a se preg\u0103ti de examenele decisive care le vor influen\u021ba parcursul educa\u021bional.<\/p>\n<p>Pentru absolven\u021bii de gimnaziu, Evaluarea Na\u021bional\u0103 este programat\u0103 \u00een perioada 22\u201326 iunie. Primele rezultate vor fi afi\u0219ate pe 2 iulie, iar rezultatele finale vor fi publicate pe 9 iulie.<\/p>\n<p>\u00cen ceea ce prive\u0219te examenul de Bacalaureat, acesta va debuta pe 8 iunie, cu probele orale. Probele scrise se vor desf\u0103\u0219ura \u00eentre 29 iunie \u0219i 3 iulie. Elevii vor afla primele rezultate pe 7 iulie, urm\u00e2nd ca rezultatele finale, dup\u0103 solu\u021bionarea contesta\u021biilor, s\u0103 fie afi\u0219ate pe 13 iulie.<\/p>\n<p>Evaluare Na\u021bional\u0103 vor da \u0219i elevii claselor a II-a, a IV-a \u0219i a VI-a, test\u0103ri care se vor sus\u021bine \u00een luna mai. Acestea au rolul de a monitoriza sistemul de \u00eenv\u0103\u021b\u0103m\u00e2nt \u0219i de a oferi p\u0103rin\u021bilor un raport despre nivelul de preg\u0103tire al elevului, f\u0103r\u0103 ca notele s\u0103 fie trecute \u00een catalog. Testele sunt corectate \u00een cadrul unit\u0103\u021bii de \u00eenv\u0103\u021b\u0103m\u00e2nt de c\u0103tre cadrele didactice din \u0219coal\u0103.<\/p>\n<\/div>\n<div class=\"td-post-content\">\n<div class=\"td-post-featured-image\"><a href=\"https:\/\/newss.ro\/wp-content\/uploads\/2022\/09\/elevi-in-banci.jpg\" data-caption><img loading=\"lazy\" decoding=\"async\" width=\"696\" height=\"471\" class=\"entry-thumb td-modal-image\" src=\"https:\/\/newss.ro\/wp-content\/uploads\/2022\/09\/elevi-in-banci-696x471.jpg\" alt title=\"elevi in banci\"><\/a><\/div>\n<p>Pre\u0219colarii \u0219i elevii se \u00eentorc de m\u00e2ine la cursuri, dup\u0103 vacan\u021ba de Pa\u0219te, ultima din acest an \u0219colar.<\/p>\n<p>Odat\u0103 cu revenirea \u00een b\u0103nci, \u00eencepe \u0219i ultima etap\u0103, un modul decisiv \u0219i cel mai lung, de peste 9 s\u0103pt\u0103m\u00e2ni, \u00a0care se va \u00eencheia pe 19 iunie.<\/p>\n<p>Vacan\u021ba de prim\u0103var\u0103, \u00eenceput\u0103 pe 4 aprilie, marcheaz\u0103 o pauz\u0103 binevenit\u0103 pentru elevi \u0219i profesori, \u00eens\u0103 \u00eentoarcerea la \u0219coal\u0103 aduce cu sine un ritm intens, mai ales pentru clasele terminale.<\/p>\n<p>Ultimele s\u0103pt\u0103m\u00e2ni de \u0219coal\u0103 sunt, de regul\u0103, dedicate consolid\u0103rii materiei, evalu\u0103rilor finale \u0219i \u00eencheierii situa\u021biei \u0219colare. \u00cen acela\u0219i timp, pentru unii elevi, aceast\u0103 perioad\u0103 cap\u0103t\u0103 o importan\u021b\u0103 suplimentar\u0103, fiind str\u00e2ns legat\u0103 de examenele na\u021bionale.<\/p>\n<p>Elevii din clasele a VIII-a \u0219i a XII-a vor \u00eencheia anul \u0219colar mai devreme, pentru a se preg\u0103ti de examenele decisive care le vor influen\u021ba parcursul educa\u021bional.<\/p>\n<p>Pentru absolven\u021bii de gimnaziu, Evaluarea Na\u021bional\u0103 este programat\u0103 \u00een perioada 22\u201326 iunie. Primele rezultate vor fi afi\u0219ate pe 2 iulie, iar rezultatele finale vor fi publicate pe 9 iulie.<\/p>\n<p>\u00cen ceea ce prive\u0219te examenul de Bacalaureat, acesta va debuta pe 8 iunie, cu probele orale. Probele scrise se vor desf\u0103\u0219ura \u00eentre 29 iunie \u0219i 3 iulie. Elevii vor afla primele rezultate pe 7 iulie, urm\u00e2nd ca rezultatele finale, dup\u0103 solu\u021bionarea contesta\u021biilor, s\u0103 fie afi\u0219ate pe 13 iulie.<\/p>\n<p>Evaluare Na\u021bional\u0103 vor da \u0219i elevii claselor a II-a, a IV-a \u0219i a VI-a, test\u0103ri care se vor sus\u021bine \u00een luna mai. Acestea au rolul de a monitoriza sistemul de \u00eenv\u0103\u021b\u0103m\u00e2nt \u0219i de a oferi p\u0103rin\u021bilor un raport despre nivelul de preg\u0103tire al elevului, f\u0103r\u0103 ca notele s\u0103 fie trecute \u00een catalog. Testele sunt corectate \u00een cadrul unit\u0103\u021bii de \u00eenv\u0103\u021b\u0103m\u00e2nt de c\u0103tre cadrele didactice din \u0219coal\u0103.<\/p>\n<\/div>\n<p>[analyse_source url=&#8221;https:\/\/newss.ro\/2026\/04\/14\/revin-la-scoala-dupa-vacanta-de-paste\/&#8221;]<\/p>\n","protected":false},"excerpt":{"rendered":"<p>[analyse_image type=&#8221;featured&#8221; src=&#8221;https:\/\/newss.ro\/wp-content\/uploads\/2022\/09\/elevi-in-banci.jpg&#8221;] Pre\u0219colarii \u0219i elevii se \u00eentorc de m\u00e2ine la cursuri, dup\u0103 vacan\u021ba de Pa\u0219te, ultima din acest an \u0219colar. Odat\u0103 cu revenirea \u00een b\u0103nci, \u00eencepe \u0219i ultima etap\u0103, un modul decisiv \u0219i cel mai lung, de peste 9 s\u0103pt\u0103m\u00e2ni, \u00a0care se va \u00eencheia pe 19 iunie. Vacan\u021ba de prim\u0103var\u0103, \u00eenceput\u0103 pe 4 aprilie, [&hellip;]<\/p>\n","protected":false},"author":1,"featured_media":0,"comment_status":"open","ping_status":"","sticky":false,"template":"","format":"standard","meta":{"footnotes":""},"categories":[2],"tags":[226,73],"class_list":["post-1881001","post","type-post","status-publish","format-standard","hentry","category-politics","tag-crawlmanager","tag-newss-ro"],"_links":{"self":[{"href":"https:\/\/analyse.optim.biz\/index.php?rest_route=\/wp\/v2\/posts\/1881001","targetHints":{"allow":["GET"]}}],"collection":[{"href":"https:\/\/analyse.optim.biz\/index.php?rest_route=\/wp\/v2\/posts"}],"about":[{"href":"https:\/\/analyse.optim.biz\/index.php?rest_route=\/wp\/v2\/types\/post"}],"author":[{"embeddable":true,"href":"https:\/\/analyse.optim.biz\/index.php?rest_route=\/wp\/v2\/users\/1"}],"replies":[{"embeddable":true,"href":"https:\/\/analyse.optim.biz\/index.php?rest_route=%2Fwp%2Fv2%2Fcomments&post=1881001"}],"version-history":[{"count":0,"href":"https:\/\/analyse.optim.biz\/index.php?rest_route=\/wp\/v2\/posts\/1881001\/revisions"}],"wp:attachment":[{"href":"https:\/\/analyse.optim.biz\/index.php?rest_route=%2Fwp%2Fv2%2Fmedia&parent=1881001"}],"wp:term":[{"taxonomy":"category","embeddable":true,"href":"https:\/\/analyse.optim.biz\/index.php?rest_route=%2Fwp%2Fv2%2Fcategories&post=1881001"},{"taxonomy":"post_tag","embeddable":true,"href":"https:\/\/analyse.optim.biz\/index.php?rest_route=%2Fwp%2Fv2%2Ftags&post=1881001"}],"curies":[{"name":"wp","href":"https:\/\/api.w.org\/{rel}","templated":true}]}}