{"id":188098,"date":"2015-01-18T00:39:48","date_gmt":"2015-01-17T21:39:48","guid":{"rendered":"https:\/\/analyse.optim.biz\/?p=188098"},"modified":"2015-01-18T00:39:48","modified_gmt":"2015-01-17T21:39:48","slug":"victor-ponta-isi-asuma-esecul-votului-din-diaspora-la-prezidentialele-de-anul-trecut","status":"publish","type":"post","link":"https:\/\/analyse.optim.biz\/?p=188098","title":{"rendered":"Victor Ponta \u00ee\u0219i asum\u0103 e\u0219ecul votului din diaspora la preziden\u0163ialele de anul trecut"},"content":{"rendered":"<div class=\"entry data-app-meta data-app-meta-article\" data-embed-base-url-canonical=\"https:\/\/www.digi24.ro\/embed\/stiri\/actualitate\/politica\/victor-ponta-isi-asuma-esecul-votului-din-diaspora-la-prezidentialele-de-anul-trecut-348316\">\n<p data-index=\"1\">Premierul Victor Ponta \u00ee\u015fi asum\u0103, \u00een premier\u0103, responsabilitatea pentru ceea ce nume\u015fte e\u015fecul votului din diaspora de la alegerile preziden\u0163iale<\/p>\n<p data-index=\"2\">\u201eNe-am organizat foarte prost pentru votul din diaspora, \u00een sensul de Guvernul Rom\u00e2niei. Dintr-un calcul gresit, am spus: e acela\u0219i num\u0103r de sec\u021bii ca \u00een 2009. Atunci a fost o mare emula\u021bie. Dac\u0103 vin cu 10.000, cu 20.000, 50.000 de oameni \u00een plus, n-o s\u0103 fie nicio problem\u0103. Au venit cu 200.000 de oameni \u00een plus \u0219i am fost total dep\u0103\u0219i\u021bi. Un calcul politic \u0219i administrativ gre\u0219it\u201d, a spus Victor Ponta.<\/p>\n<p data-index=\"3\">Premierul a explicat \u015fi ce a stat, din punctul s\u0103u de vedere, la baza conflictului cu Mircea Geoan\u0103, exclus din PSD, dup\u0103 alegerile preziden\u0163iale.<\/p>\n<p data-index=\"4\">\u201e<span>Conflictul cu domnul Geoan\u0103 a fost legat de faptul c\u0103 nu l-am desemnat ministru de Externe, l-am desemnat pe domnul Aurescu. Mi-a oferit s\u0103 m\u0103 sprijine din aceast\u0103 calitate \u0219i eu l-am preferat pe Bogdan Aurescu, pentru c\u0103 am o p\u0103rere foarte buna despre Bogdan Aurescu, putea s\u0103 fie ministru de mai mult timp. E o persoan\u0103 pe care o cunosc de mult \u0219i a c\u0103rei capacitate profesional\u0103 cred c\u0103 nu a pus-o nimeni la \u00eendoial\u0103\u201d, a ad\u0103ugat \u0219eful Guvernului. <\/span><\/p>\n<p data-index=\"5\">\u00cen fine, Victor Ponta spune c\u0103 se \u00een\u0163elege mult mai bine cu adversarul s\u0103u de la preziden\u0163iale, Klaus Iohannis, dec\u00e2t cu fostul pre\u015fedinte, Traian B\u0103sescu.<\/p>\n<p data-index=\"6\">\u201e<span>Haide\u021bi s\u0103 lucr\u0103m \u00eempreun\u0103, eu vreau s\u0103 lucr\u0103m \u00eempreun\u0103. Nu am niciun fel de resentiment. Am respect \u0219i pentru cel pe care \u00eel \u00eenving \u00eentr-o competi\u021bie, am respect \u0219i pentru cel care m\u0103 \u00eenvinge. E prima data \u00een Rom\u00e2nia c\u00e2nd, printr-o conjunctur\u0103, \u0219ase milioane de rom\u00e2ni care l-au votat pe Klaus Iohannis sunt reprezenta\u021bi la nivel politic, prin pre\u0219edinte, \u0219i cinci milioane care m-au votat pe mine sunt \u0219i ei reprezenta\u021bi prin primul-ministru. De obicei, c\u00e2\u0219tig\u0103torul ia tot\u201d, a mai spus Victor Ponta.<\/span><\/p>\n<\/div>\n<p> Source URL: https:\/\/www.digi24.ro\/stiri\/actualitate\/politica\/victor-ponta-isi-asuma-esecul-votului-din-diaspora-la-prezidentialele-de-anul-trecut-348316<\/p>\n","protected":false},"excerpt":{"rendered":"<p>Premierul Victor Ponta \u00ee\u015fi asum\u0103, \u00een premier\u0103, responsabilitatea pentru ceea ce nume\u015fte e\u015fecul votului din diaspora de la alegerile preziden\u0163iale \u201eNe-am organizat foarte prost pentru votul din diaspora, \u00een sensul de Guvernul Rom\u00e2niei. Dintr-un calcul gresit, am spus: e acela\u0219i num\u0103r de sec\u021bii ca \u00een 2009. Atunci a fost o mare emula\u021bie. Dac\u0103 vin cu [&hellip;]<\/p>\n","protected":false},"author":1,"featured_media":188099,"comment_status":"open","ping_status":"","sticky":false,"template":"","format":"standard","meta":{"footnotes":""},"categories":[2],"tags":[11],"class_list":["post-188098","post","type-post","status-publish","format-standard","has-post-thumbnail","hentry","category-politics","tag-digi24"],"_links":{"self":[{"href":"https:\/\/analyse.optim.biz\/index.php?rest_route=\/wp\/v2\/posts\/188098","targetHints":{"allow":["GET"]}}],"collection":[{"href":"https:\/\/analyse.optim.biz\/index.php?rest_route=\/wp\/v2\/posts"}],"about":[{"href":"https:\/\/analyse.optim.biz\/index.php?rest_route=\/wp\/v2\/types\/post"}],"author":[{"embeddable":true,"href":"https:\/\/analyse.optim.biz\/index.php?rest_route=\/wp\/v2\/users\/1"}],"replies":[{"embeddable":true,"href":"https:\/\/analyse.optim.biz\/index.php?rest_route=%2Fwp%2Fv2%2Fcomments&post=188098"}],"version-history":[{"count":0,"href":"https:\/\/analyse.optim.biz\/index.php?rest_route=\/wp\/v2\/posts\/188098\/revisions"}],"wp:featuredmedia":[{"embeddable":true,"href":"https:\/\/analyse.optim.biz\/index.php?rest_route=\/wp\/v2\/media\/188099"}],"wp:attachment":[{"href":"https:\/\/analyse.optim.biz\/index.php?rest_route=%2Fwp%2Fv2%2Fmedia&parent=188098"}],"wp:term":[{"taxonomy":"category","embeddable":true,"href":"https:\/\/analyse.optim.biz\/index.php?rest_route=%2Fwp%2Fv2%2Fcategories&post=188098"},{"taxonomy":"post_tag","embeddable":true,"href":"https:\/\/analyse.optim.biz\/index.php?rest_route=%2Fwp%2Fv2%2Ftags&post=188098"}],"curies":[{"name":"wp","href":"https:\/\/api.w.org\/{rel}","templated":true}]}}