{"id":188095,"date":"2015-01-18T07:56:55","date_gmt":"2015-01-18T04:56:55","guid":{"rendered":"https:\/\/analyse.optim.biz\/?p=188095"},"modified":"2015-01-18T07:56:55","modified_gmt":"2015-01-18T04:56:55","slug":"victor-ponta-despre-oferta-de-case-ra-apps-transmisa-lui-traian-basescu-este-un-client-foarte-cusurgiu","status":"publish","type":"post","link":"https:\/\/analyse.optim.biz\/?p=188095","title":{"rendered":"Victor Ponta, despre oferta de case RA-APPS transmis\u0103 lui Traian B\u0103sescu: \u201eEste un client foarte cusurgiu\u201d"},"content":{"rendered":"<div class=\"entry data-app-meta data-app-meta-article\" data-embed-base-url-canonical=\"https:\/\/www.digi24.ro\/embed\/stiri\/actualitate\/politica\/victor-ponta-despre-oferta-de-case-ra-apps-transmisa-lui-traian-basescu-este-un-client-foarte-cusurgiu-348318\">\n<p data-index=\"1\"><img decoding=\"async\" src=\"https:\/\/analyse.optim.biz\/wp-content\/uploads\/2024\/09\/ad05otblnzcwyzg5odjlogrkm2mwyzbhztqxyjmyogi5yw-thumb_.jpg\" data-skip-htmlfix=\"1\" title=\"ad05otblnzcwyzg5odjlogrkm2mwyzbhztqxyjmyogi5yw-thumb_\"><\/p>\n<p data-index=\"2\"><em>FOTO: Mediafax Foto<\/em><\/p>\n<p data-index=\"3\">\u201eB\u0103sescu este un client foarte cusurgiu, \u00een sensul \u00een care ultima dat\u0103 i-a fost transmis\u0103 o list\u0103 cu \u015fapte posibile locuin\u0163e. P\u00e2n\u0103 la urm\u0103 o s\u0103-\u015fi aleag\u0103 una din ce mai are RA-APPS&#8221;, a spus Ponta la <a href=\"http:\/\/www.b1.ro\/\" target=\"_blank\" data-skip-linkfix=\"1\" rel=\"noopener\">postul B1 TV.<\/a><\/p>\n<p data-index=\"4\">\u00centrebat dac\u0103 nu este pur \u015fi simplu o r\u0103zbunare a sa fa\u0163\u0103 de B\u0103sescu, Victor Ponta a r\u0103spuns c\u0103 nu, deoarece nu are dorin\u0163a de a se r\u0103zbuna \u00een mod special pe cineva.<\/p>\n<p data-index=\"5\">Guvernul a prezentat recent o list\u0103 transmis\u0103, \u00een luna decembrie, de RA-APPS c\u0103tre Traian B\u0103sescu incluz\u00e2nd \u015fapte case pe care acesta poate s\u0103 le utilizeze ca re\u015fedin\u0163\u0103 dup\u0103 \u00eencheierea mandatului de pre\u015fedinte al \u0163\u0103rii, printre care apartamentul din Bulevardul Prezan unde l-a avut ca vecin pe Adrian N\u0103stase, \u015fi dou\u0103 vile \u00een Snagov. Guvernul a anun\u021bat c\u0103 Traian B\u0103sescu a refuzat unele dintre case \u015fi c\u0103 nu a r\u0103spuns pentru altele.<\/p>\n<p data-index=\"6\">Citi\u021bi \u0219i:<\/p>\n<h5><a href=\"https:\/\/www.digi24.ro\/Stiri\/Digi24\/Special\/COTROCENI+2014\/ALEGERI+PREZIDENTIALE+2014+LOCUINTA+TRAIAN+BASESCU\" target=\"_blank\" data-skip-linkfix=\"1\" rel=\"noopener\">ALEGERI PREZIDEN\u021aIALE 2014. Unde va locui pre\u0219edintele dup\u0103 22 decembrie?<\/a><\/h5>\n<h5><a href=\"https:\/\/www.digi24.ro\/Stiri\/Digi24\/Actualitate\/Politica\/Basescu+Ponta+vrea+sa+dea+vila+de+la+Snagov+europarlamentarilor+\" target=\"_blank\" data-skip-linkfix=\"1\" rel=\"noopener\"><span>Traian <\/span>B\u0103sescu: Ponta vrea s\u0103 dea vila de la Snagov europarlamentarilor Ivan \u015fi Daciana S\u00e2rbu pentru o funda\u0163ie<\/a><\/h5>\n<\/div>\n<p> Source URL: https:\/\/www.digi24.ro\/stiri\/actualitate\/politica\/victor-ponta-despre-oferta-de-case-ra-apps-transmisa-lui-traian-basescu-este-un-client-foarte-cusurgiu-348318<\/p>\n","protected":false},"excerpt":{"rendered":"<p>FOTO: Mediafax Foto \u201eB\u0103sescu este un client foarte cusurgiu, \u00een sensul \u00een care ultima dat\u0103 i-a fost transmis\u0103 o list\u0103 cu \u015fapte posibile locuin\u0163e. P\u00e2n\u0103 la urm\u0103 o s\u0103-\u015fi aleag\u0103 una din ce mai are RA-APPS&#8221;, a spus Ponta la postul B1 TV. \u00centrebat dac\u0103 nu este pur \u015fi simplu o r\u0103zbunare a sa fa\u0163\u0103 [&hellip;]<\/p>\n","protected":false},"author":1,"featured_media":188096,"comment_status":"open","ping_status":"","sticky":false,"template":"","format":"standard","meta":{"footnotes":""},"categories":[2],"tags":[11],"class_list":["post-188095","post","type-post","status-publish","format-standard","has-post-thumbnail","hentry","category-politics","tag-digi24"],"_links":{"self":[{"href":"https:\/\/analyse.optim.biz\/index.php?rest_route=\/wp\/v2\/posts\/188095","targetHints":{"allow":["GET"]}}],"collection":[{"href":"https:\/\/analyse.optim.biz\/index.php?rest_route=\/wp\/v2\/posts"}],"about":[{"href":"https:\/\/analyse.optim.biz\/index.php?rest_route=\/wp\/v2\/types\/post"}],"author":[{"embeddable":true,"href":"https:\/\/analyse.optim.biz\/index.php?rest_route=\/wp\/v2\/users\/1"}],"replies":[{"embeddable":true,"href":"https:\/\/analyse.optim.biz\/index.php?rest_route=%2Fwp%2Fv2%2Fcomments&post=188095"}],"version-history":[{"count":0,"href":"https:\/\/analyse.optim.biz\/index.php?rest_route=\/wp\/v2\/posts\/188095\/revisions"}],"wp:featuredmedia":[{"embeddable":true,"href":"https:\/\/analyse.optim.biz\/index.php?rest_route=\/wp\/v2\/media\/188096"}],"wp:attachment":[{"href":"https:\/\/analyse.optim.biz\/index.php?rest_route=%2Fwp%2Fv2%2Fmedia&parent=188095"}],"wp:term":[{"taxonomy":"category","embeddable":true,"href":"https:\/\/analyse.optim.biz\/index.php?rest_route=%2Fwp%2Fv2%2Fcategories&post=188095"},{"taxonomy":"post_tag","embeddable":true,"href":"https:\/\/analyse.optim.biz\/index.php?rest_route=%2Fwp%2Fv2%2Ftags&post=188095"}],"curies":[{"name":"wp","href":"https:\/\/api.w.org\/{rel}","templated":true}]}}