{"id":188092,"date":"2015-01-18T15:26:24","date_gmt":"2015-01-18T12:26:24","guid":{"rendered":"https:\/\/analyse.optim.biz\/?p=188092"},"modified":"2015-01-18T15:26:24","modified_gmt":"2015-01-18T12:26:24","slug":"mircea-geoana-victor-ponta-isi-da-doctoratul-in-minciuna","status":"publish","type":"post","link":"https:\/\/analyse.optim.biz\/?p=188092","title":{"rendered":"Mircea Geoan\u0103: Victor Ponta \u00ee\u0219i d\u0103 doctoratul \u00een minciun\u0103"},"content":{"rendered":"<div class=\"entry data-app-meta data-app-meta-article\" data-embed-base-url-canonical=\"https:\/\/www.digi24.ro\/embed\/stiri\/actualitate\/politica\/mircea-geoana-victor-ponta-isi-da-doctoratul-in-minciuna-348352\">\n<p data-index=\"1\"><img decoding=\"async\" src=\"https:\/\/analyse.optim.biz\/wp-content\/uploads\/2024\/09\/yxnopwq4ngjjyjdjzgrimwfkm2iymtk1yja0odayotk2mjyw-thumb_.jpg\" data-skip-htmlfix=\"1\" title=\"yxnopwq4ngjjyjdjzgrimwfkm2iymtk1yja0odayotk2mjyw-thumb_\"><\/p>\n<p data-index=\"2\">&#8220;Victor Ponta minte. Nu se poate ab\u0163ine s\u0103 nu mint\u0103. Iar atunci c\u00e2nd sus\u0163ine, f\u0103r\u0103 probe, c\u0103 i-a\u015f fi cerut s\u0103 m\u0103 desemneze Ministru de Externe, \u00ee\u015fi d\u0103 doctoratul \u00een minciun\u0103. Victor Ponta este doctor \u00een minciun\u0103, iar titlul acesta se pare c\u0103 nu i-l poate lua nimeni. Nici Carlo Collodi, autorul lui Pinocchio, nu \u015fi-ar fi imaginat minciuni precum cele spuse de Victor Ponta&#8221;, a spus Mircea Geoan\u0103 \u00eentr-un comunicat citat de Mediafax.<\/p>\n<p data-index=\"3\">El s-a \u00eentrebat, retoric, care este logica lui Victor Ponta atunci c\u00e2nd face o astfel de afirma\u0163ie. &#8220;\u015ei apoi, care este logica lui Ponta-Pinocchio? Pentru c\u0103 m-a\u015f fi sup\u0103rat pe el c\u0103 nu m-ar fi pus ministru, m-a dat afar\u0103 din partid?&#8221;, a ad\u0103ugat Geoan\u0103.<\/p>\n<p data-index=\"4\">El arat\u0103 c\u0103 &#8220;Ponta-Pinocchio&#8221; trebuie s\u0103 \u015ftie c\u0103 el a salutat public propunerea lui Mihnea Motoc \u015fi apoi a lui Bogdan Aurescu la Ministerul de Externe.<\/p>\n<p data-index=\"5\">&#8220;Eu cred c\u0103 trebuie s\u0103 recl\u0103dim imaginea \u015fifonat\u0103 a MAE dup\u0103 &#8220;Opera\u0163iunea Diaspora&#8221;, ai c\u0103ror autori sunt Ponta, Dragnea \u015fi Corl\u0103\u0163ean, readuc\u00e2nd profesioni\u015fti la conducere&#8221; , afirm\u0103 Mircea Geoan\u0103, fost ministru de Externe.<\/p>\n<p data-index=\"6\">El i-a mai transmis lui Ponta faptul c\u0103 &#8220;minciuna are picioare scurte&#8221; \u015fi c\u0103, din aceast\u0103 perspectiv\u0103, cariera primului-ministru, bazat\u0103 pe &#8220;impostur\u0103 \u015fi minciun\u0103&#8221;, se apropie de sf\u00e2r\u015fit.<\/p>\n<p data-index=\"7\">Liderul PSD, premierul Victor Ponta, a afirmat c\u0103 \u00eentre el \u015fi Mircea Geoan\u0103 a ap\u0103rut o stare conflictual\u0103 \u00een momentul \u00een care nu a dorit s\u0103 \u00eel numeasc\u0103 pe acesta \u00een func\u0163ia de ministru de Externe, ci a optat pentru Bogdan Aurescu, de\u015fi Geoan\u0103 s-a oferit s\u0103-l sprijine din aceast\u0103 postur\u0103.<\/p>\n<p data-index=\"8\">&#8220;Conflictul cu domnul Geoan\u0103, din punctul meu de vedere, a fost legat de faptul c\u0103 nu l-am desemnat ministru de Externe. L-am desemnat pe domnul Aurescu c\u00e2nd s-a eliberat func\u0163ia&#8221;, a spus Victor Ponta, s\u00e2mb\u0103t\u0103 seara, la postul B1 TV. Premierul a precizat c\u0103 Mircea Geoan\u0103 s-a oferit s\u0103-l sprijine din aceast\u0103 calitate, dar c\u0103 el l-a preferat&#8221; pe Bogdan Aurescu. \u00a0<\/p>\n<p data-index=\"9\">Citi\u021bi \u0219i:<\/p>\n<h5><a href=\"https:\/\/www.digi24.ro\/Stiri\/Digi24\/Actualitate\/Politica\/Victor+Ponta+isi+asuma+esecul+votului+din+diaspora+la+prezidenti\" target=\"_blank\" data-skip-linkfix=\"1\" rel=\"noopener\">Victor Ponta \u00ee\u0219i asum\u0103 e\u0219ecul votului din diaspora la preziden\u0163ialele de anul trecut<\/a><\/h5>\n<\/div>\n<p> Source URL: https:\/\/www.digi24.ro\/stiri\/actualitate\/politica\/mircea-geoana-victor-ponta-isi-da-doctoratul-in-minciuna-348352<\/p>\n","protected":false},"excerpt":{"rendered":"<p>&#8220;Victor Ponta minte. Nu se poate ab\u0163ine s\u0103 nu mint\u0103. Iar atunci c\u00e2nd sus\u0163ine, f\u0103r\u0103 probe, c\u0103 i-a\u015f fi cerut s\u0103 m\u0103 desemneze Ministru de Externe, \u00ee\u015fi d\u0103 doctoratul \u00een minciun\u0103. Victor Ponta este doctor \u00een minciun\u0103, iar titlul acesta se pare c\u0103 nu i-l poate lua nimeni. Nici Carlo Collodi, autorul lui Pinocchio, nu [&hellip;]<\/p>\n","protected":false},"author":1,"featured_media":188093,"comment_status":"open","ping_status":"","sticky":false,"template":"","format":"standard","meta":{"footnotes":""},"categories":[2],"tags":[11],"class_list":["post-188092","post","type-post","status-publish","format-standard","has-post-thumbnail","hentry","category-politics","tag-digi24"],"_links":{"self":[{"href":"https:\/\/analyse.optim.biz\/index.php?rest_route=\/wp\/v2\/posts\/188092","targetHints":{"allow":["GET"]}}],"collection":[{"href":"https:\/\/analyse.optim.biz\/index.php?rest_route=\/wp\/v2\/posts"}],"about":[{"href":"https:\/\/analyse.optim.biz\/index.php?rest_route=\/wp\/v2\/types\/post"}],"author":[{"embeddable":true,"href":"https:\/\/analyse.optim.biz\/index.php?rest_route=\/wp\/v2\/users\/1"}],"replies":[{"embeddable":true,"href":"https:\/\/analyse.optim.biz\/index.php?rest_route=%2Fwp%2Fv2%2Fcomments&post=188092"}],"version-history":[{"count":0,"href":"https:\/\/analyse.optim.biz\/index.php?rest_route=\/wp\/v2\/posts\/188092\/revisions"}],"wp:featuredmedia":[{"embeddable":true,"href":"https:\/\/analyse.optim.biz\/index.php?rest_route=\/wp\/v2\/media\/188093"}],"wp:attachment":[{"href":"https:\/\/analyse.optim.biz\/index.php?rest_route=%2Fwp%2Fv2%2Fmedia&parent=188092"}],"wp:term":[{"taxonomy":"category","embeddable":true,"href":"https:\/\/analyse.optim.biz\/index.php?rest_route=%2Fwp%2Fv2%2Fcategories&post=188092"},{"taxonomy":"post_tag","embeddable":true,"href":"https:\/\/analyse.optim.biz\/index.php?rest_route=%2Fwp%2Fv2%2Ftags&post=188092"}],"curies":[{"name":"wp","href":"https:\/\/api.w.org\/{rel}","templated":true}]}}