{"id":1880810,"date":"2026-04-10T08:28:47","date_gmt":"2026-04-10T05:28:47","guid":{"rendered":"https:\/\/analyse.optim.biz\/?p=1880810"},"modified":"2026-04-10T08:28:47","modified_gmt":"2026-04-10T05:28:47","slug":"fara-restrictii-pe-podul-prieteniei","status":"publish","type":"post","link":"https:\/\/analyse.optim.biz\/?p=1880810","title":{"rendered":"F\u0102R\u0102 RESTRIC\u021aII PE PODUL PRIETENIEI"},"content":{"rendered":"<p>[analyse_image type=&#8221;featured&#8221; src=&#8221;https:\/\/newss.ro\/wp-content\/uploads\/2026\/04\/pod-Ruse-Bg.jpg&#8221;]<\/p>\n<div class=\"td-post-content\">\n<div class=\"td-post-featured-image\"><a href=\"https:\/\/newss.ro\/wp-content\/uploads\/2026\/04\/pod-Ruse-Bg.jpg\" data-caption><img loading=\"lazy\" decoding=\"async\" width=\"696\" height=\"444\" class=\"entry-thumb td-modal-image\" src=\"https:\/\/newss.ro\/wp-content\/uploads\/2026\/04\/pod-Ruse-Bg-696x444.jpg\" alt title=\"pod Ruse-Bg\"><\/a><\/div>\n<p>Pe Podul Prieteniei Giurgiu-Ruse traficul rutier se desf\u0103\u015foar\u0103 p\u00e2n\u0103 mar\u0163i diminea\u0163\u0103, la ora 8:00, f\u0103r\u0103 restric\u0163ii, pe ambele sensuri, pentru toate tipurile de mijloace de transport.<\/p>\n<p>\u00cen perioada Pa\u015ftelui ortodox, autorit\u0103\u0163ile bulgare au decis s\u0103 suspende lucr\u0103rile la pod de joi, dup\u0103-amiaz\u0103, \u015fi p\u00e2n\u0103 mar\u0163i.<\/p>\n<p>Autorit\u0103\u021bile de la noi au \u00a0f\u0103cut apel la responsabilitatea fiec\u0103rui conduc\u0103tor auto s\u0103 \u00ee\u015fi achizi\u0163ioneze din timp rovinieta \u015fi s\u0103 se asigure c\u0103 are pl\u0103tite taxele de drum, utiliz\u00e2nd metodele online sau punctele autorizate \u00eenainte de a ajunge la frontier\u0103, pentru o traversare mai rapid\u0103 a podului.<\/p>\n<\/div>\n<div class=\"td-post-content\">\n<div class=\"td-post-featured-image\"><a href=\"https:\/\/newss.ro\/wp-content\/uploads\/2026\/04\/pod-Ruse-Bg.jpg\" data-caption><img loading=\"lazy\" decoding=\"async\" width=\"696\" height=\"444\" class=\"entry-thumb td-modal-image\" src=\"https:\/\/newss.ro\/wp-content\/uploads\/2026\/04\/pod-Ruse-Bg-696x444.jpg\" alt title=\"pod Ruse-Bg\"><\/a><\/div>\n<p>Pe Podul Prieteniei Giurgiu-Ruse traficul rutier se desf\u0103\u015foar\u0103 p\u00e2n\u0103 mar\u0163i diminea\u0163\u0103, la ora 8:00, f\u0103r\u0103 restric\u0163ii, pe ambele sensuri, pentru toate tipurile de mijloace de transport.<\/p>\n<p>\u00cen perioada Pa\u015ftelui ortodox, autorit\u0103\u0163ile bulgare au decis s\u0103 suspende lucr\u0103rile la pod de joi, dup\u0103-amiaz\u0103, \u015fi p\u00e2n\u0103 mar\u0163i.<\/p>\n<p>Autorit\u0103\u021bile de la noi au \u00a0f\u0103cut apel la responsabilitatea fiec\u0103rui conduc\u0103tor auto s\u0103 \u00ee\u015fi achizi\u0163ioneze din timp rovinieta \u015fi s\u0103 se asigure c\u0103 are pl\u0103tite taxele de drum, utiliz\u00e2nd metodele online sau punctele autorizate \u00eenainte de a ajunge la frontier\u0103, pentru o traversare mai rapid\u0103 a podului.<\/p>\n<\/div>\n<p>[analyse_source url=&#8221;https:\/\/newss.ro\/2026\/04\/10\/fara-restrictii-pe-podul-prieteniei\/&#8221;]<\/p>\n","protected":false},"excerpt":{"rendered":"<p>[analyse_image type=&#8221;featured&#8221; src=&#8221;https:\/\/newss.ro\/wp-content\/uploads\/2026\/04\/pod-Ruse-Bg.jpg&#8221;] Pe Podul Prieteniei Giurgiu-Ruse traficul rutier se desf\u0103\u015foar\u0103 p\u00e2n\u0103 mar\u0163i diminea\u0163\u0103, la ora 8:00, f\u0103r\u0103 restric\u0163ii, pe ambele sensuri, pentru toate tipurile de mijloace de transport. \u00cen perioada Pa\u015ftelui ortodox, autorit\u0103\u0163ile bulgare au decis s\u0103 suspende lucr\u0103rile la pod de joi, dup\u0103-amiaz\u0103, \u015fi p\u00e2n\u0103 mar\u0163i. Autorit\u0103\u021bile de la noi au \u00a0f\u0103cut apel [&hellip;]<\/p>\n","protected":false},"author":1,"featured_media":0,"comment_status":"open","ping_status":"","sticky":false,"template":"","format":"standard","meta":{"footnotes":""},"categories":[2],"tags":[226,73],"class_list":["post-1880810","post","type-post","status-publish","format-standard","hentry","category-politics","tag-crawlmanager","tag-newss-ro"],"_links":{"self":[{"href":"https:\/\/analyse.optim.biz\/index.php?rest_route=\/wp\/v2\/posts\/1880810","targetHints":{"allow":["GET"]}}],"collection":[{"href":"https:\/\/analyse.optim.biz\/index.php?rest_route=\/wp\/v2\/posts"}],"about":[{"href":"https:\/\/analyse.optim.biz\/index.php?rest_route=\/wp\/v2\/types\/post"}],"author":[{"embeddable":true,"href":"https:\/\/analyse.optim.biz\/index.php?rest_route=\/wp\/v2\/users\/1"}],"replies":[{"embeddable":true,"href":"https:\/\/analyse.optim.biz\/index.php?rest_route=%2Fwp%2Fv2%2Fcomments&post=1880810"}],"version-history":[{"count":0,"href":"https:\/\/analyse.optim.biz\/index.php?rest_route=\/wp\/v2\/posts\/1880810\/revisions"}],"wp:attachment":[{"href":"https:\/\/analyse.optim.biz\/index.php?rest_route=%2Fwp%2Fv2%2Fmedia&parent=1880810"}],"wp:term":[{"taxonomy":"category","embeddable":true,"href":"https:\/\/analyse.optim.biz\/index.php?rest_route=%2Fwp%2Fv2%2Fcategories&post=1880810"},{"taxonomy":"post_tag","embeddable":true,"href":"https:\/\/analyse.optim.biz\/index.php?rest_route=%2Fwp%2Fv2%2Ftags&post=1880810"}],"curies":[{"name":"wp","href":"https:\/\/api.w.org\/{rel}","templated":true}]}}