{"id":1880808,"date":"2026-04-09T11:28:08","date_gmt":"2026-04-09T08:28:08","guid":{"rendered":"https:\/\/analyse.optim.biz\/?p=1880808"},"modified":"2026-04-09T11:28:08","modified_gmt":"2026-04-09T08:28:08","slug":"familie-greu-incercata-de-sarbatori","status":"publish","type":"post","link":"https:\/\/analyse.optim.biz\/?p=1880808","title":{"rendered":"FAMILIE GREU \u00ceNCERCAT\u0102 DE S\u0102RB\u0102TORI"},"content":{"rendered":"<p>[analyse_image type=&#8221;featured&#8221; src=&#8221;https:\/\/newss.ro\/wp-content\/uploads\/2026\/04\/incendiu-Oana-Matache.jpg&#8221;]<\/p>\n<div class=\"td-post-content\">\n<div class=\"td-post-featured-image\"><a href=\"https:\/\/newss.ro\/wp-content\/uploads\/2026\/04\/incendiu-Oana-Matache.jpg\" data-caption><img loading=\"lazy\" decoding=\"async\" width=\"696\" height=\"522\" class=\"entry-thumb td-modal-image\" src=\"https:\/\/newss.ro\/wp-content\/uploads\/2026\/04\/incendiu-Oana-Matache-696x522.jpg\" alt title=\"incendiu Oana Matache\"><\/a><\/div>\n<p>O familie din jude\u021bul Buz\u0103u este greu \u00eencercat\u0103 \u00een prag de s\u0103rb\u0103tori. Membrii acesteia au r\u0103mas f\u0103r\u0103 nimic, dup\u0103 ce casa le-a fost mistuit\u0103 de fl\u0103c\u0103ri, \u00een urma unui incendiu izbucnit \u00een aceast\u0103 diminea\u021b\u0103. Din nefericire, casa \u00een care st\u0103teau cei doi so\u021bi \u0219i copilul acestuia, nu era asigurat\u0103, iar cei trei au r\u0103mas acum doar cu hainele de pe ei.<\/p>\n<p><a href=\"https:\/\/newss.ro\/wp-content\/uploads\/2026\/04\/incendiu-2.jpg\" data-slb-active=\"1\" data-slb-asset=\"964712746\" data-slb-internal=\"0\" data-slb-group=\"102792\"><img loading=\"lazy\" decoding=\"async\" class=\"size-medium wp-image-102794 aligncenter\" src=\"https:\/\/newss.ro\/wp-content\/uploads\/2026\/04\/incendiu-2-274x365.jpg\" alt width=\"274\" height=\"365\"><\/a>\u00cen sprijinul lor vine \u0219i deputata PSD Oana Matache, care face un apel c\u0103tre buzoieni, de a-i ajuta pe cei care trec acum prin clipe extrem de grele \u0219i care au mare nevoie de sprijinul celor din jur.<\/p>\n<p><a href=\"https:\/\/newss.ro\/wp-content\/uploads\/2026\/04\/apel-umanitar-Oana-Matache.jpg\" data-slb-active=\"1\" data-slb-asset=\"1398208430\" data-slb-internal=\"0\" data-slb-group=\"102792\"><img loading=\"lazy\" decoding=\"async\" class=\"alignnone size-medium wp-image-102793\" src=\"https:\/\/newss.ro\/wp-content\/uploads\/2026\/04\/apel-umanitar-Oana-Matache-469x365.jpg\" alt width=\"469\" height=\"365\"><\/a><\/p>\n<p><a href=\"https:\/\/newss.ro\/wp-content\/uploads\/2026\/04\/incendiu-3.jpg\" data-slb-active=\"1\" data-slb-asset=\"561804872\" data-slb-internal=\"0\" data-slb-group=\"102792\"><img loading=\"lazy\" decoding=\"async\" class=\"alignnone size-medium wp-image-102797\" src=\"https:\/\/newss.ro\/wp-content\/uploads\/2026\/04\/incendiu-3-487x365.jpg\" alt width=\"487\" height=\"365\"><\/a><a href=\"https:\/\/newss.ro\/wp-content\/uploads\/2026\/04\/incendiu-4.jpg\" data-slb-active=\"1\" data-slb-asset=\"2027655981\" data-slb-internal=\"0\" data-slb-group=\"102792\"><img decoding=\"async\" loading=\"lazy\" class=\"alignnone size-medium wp-image-102798\" src=\"https:\/\/newss.ro\/wp-content\/uploads\/2026\/04\/incendiu-4-274x365.jpg\" alt width=\"274\" height=\"365\"><\/a><\/p>\n<\/div>\n<div class=\"td-post-content\">\n<div class=\"td-post-featured-image\"><a href=\"https:\/\/newss.ro\/wp-content\/uploads\/2026\/04\/incendiu-Oana-Matache.jpg\" data-caption><img loading=\"lazy\" decoding=\"async\" width=\"696\" height=\"522\" class=\"entry-thumb td-modal-image\" src=\"https:\/\/newss.ro\/wp-content\/uploads\/2026\/04\/incendiu-Oana-Matache-696x522.jpg\" alt title=\"incendiu Oana Matache\"><\/a><\/div>\n<p>O familie din jude\u021bul Buz\u0103u este greu \u00eencercat\u0103 \u00een prag de s\u0103rb\u0103tori. Membrii acesteia au r\u0103mas f\u0103r\u0103 nimic, dup\u0103 ce casa le-a fost mistuit\u0103 de fl\u0103c\u0103ri, \u00een urma unui incendiu izbucnit \u00een aceast\u0103 diminea\u021b\u0103. Din nefericire, casa \u00een care st\u0103teau cei doi so\u021bi \u0219i copilul acestuia, nu era asigurat\u0103, iar cei trei au r\u0103mas acum doar cu hainele de pe ei.<\/p>\n<p><a href=\"https:\/\/newss.ro\/wp-content\/uploads\/2026\/04\/incendiu-2.jpg\" data-slb-active=\"1\" data-slb-asset=\"964712746\" data-slb-internal=\"0\" data-slb-group=\"102792\"><img loading=\"lazy\" decoding=\"async\" class=\"size-medium wp-image-102794 aligncenter\" src=\"https:\/\/newss.ro\/wp-content\/uploads\/2026\/04\/incendiu-2-274x365.jpg\" alt width=\"274\" height=\"365\"><\/a>\u00cen sprijinul lor vine \u0219i deputata PSD Oana Matache, care face un apel c\u0103tre buzoieni, de a-i ajuta pe cei care trec acum prin clipe extrem de grele \u0219i care au mare nevoie de sprijinul celor din jur.<\/p>\n<p><a href=\"https:\/\/newss.ro\/wp-content\/uploads\/2026\/04\/apel-umanitar-Oana-Matache.jpg\" data-slb-active=\"1\" data-slb-asset=\"1398208430\" data-slb-internal=\"0\" data-slb-group=\"102792\"><img loading=\"lazy\" decoding=\"async\" class=\"alignnone size-medium wp-image-102793\" src=\"https:\/\/newss.ro\/wp-content\/uploads\/2026\/04\/apel-umanitar-Oana-Matache-469x365.jpg\" alt width=\"469\" height=\"365\"><\/a><\/p>\n<p><a href=\"https:\/\/newss.ro\/wp-content\/uploads\/2026\/04\/incendiu-3.jpg\" data-slb-active=\"1\" data-slb-asset=\"561804872\" data-slb-internal=\"0\" data-slb-group=\"102792\"><img loading=\"lazy\" decoding=\"async\" class=\"alignnone size-medium wp-image-102797\" src=\"https:\/\/newss.ro\/wp-content\/uploads\/2026\/04\/incendiu-3-487x365.jpg\" alt width=\"487\" height=\"365\"><\/a><a href=\"https:\/\/newss.ro\/wp-content\/uploads\/2026\/04\/incendiu-4.jpg\" data-slb-active=\"1\" data-slb-asset=\"2027655981\" data-slb-internal=\"0\" data-slb-group=\"102792\"><img decoding=\"async\" loading=\"lazy\" class=\"alignnone size-medium wp-image-102798\" src=\"https:\/\/newss.ro\/wp-content\/uploads\/2026\/04\/incendiu-4-274x365.jpg\" alt width=\"274\" height=\"365\"><\/a><\/p>\n<\/div>\n<p>[analyse_source url=&#8221;https:\/\/newss.ro\/2026\/04\/09\/familie-greu-incercata-de-sarbatori\/&#8221;]<\/p>\n","protected":false},"excerpt":{"rendered":"<p>[analyse_image type=&#8221;featured&#8221; src=&#8221;https:\/\/newss.ro\/wp-content\/uploads\/2026\/04\/incendiu-Oana-Matache.jpg&#8221;] O familie din jude\u021bul Buz\u0103u este greu \u00eencercat\u0103 \u00een prag de s\u0103rb\u0103tori. Membrii acesteia au r\u0103mas f\u0103r\u0103 nimic, dup\u0103 ce casa le-a fost mistuit\u0103 de fl\u0103c\u0103ri, \u00een urma unui incendiu izbucnit \u00een aceast\u0103 diminea\u021b\u0103. Din nefericire, casa \u00een care st\u0103teau cei doi so\u021bi \u0219i copilul acestuia, nu era asigurat\u0103, iar cei trei [&hellip;]<\/p>\n","protected":false},"author":1,"featured_media":0,"comment_status":"open","ping_status":"","sticky":false,"template":"","format":"standard","meta":{"footnotes":""},"categories":[2],"tags":[226,73],"class_list":["post-1880808","post","type-post","status-publish","format-standard","hentry","category-politics","tag-crawlmanager","tag-newss-ro"],"_links":{"self":[{"href":"https:\/\/analyse.optim.biz\/index.php?rest_route=\/wp\/v2\/posts\/1880808","targetHints":{"allow":["GET"]}}],"collection":[{"href":"https:\/\/analyse.optim.biz\/index.php?rest_route=\/wp\/v2\/posts"}],"about":[{"href":"https:\/\/analyse.optim.biz\/index.php?rest_route=\/wp\/v2\/types\/post"}],"author":[{"embeddable":true,"href":"https:\/\/analyse.optim.biz\/index.php?rest_route=\/wp\/v2\/users\/1"}],"replies":[{"embeddable":true,"href":"https:\/\/analyse.optim.biz\/index.php?rest_route=%2Fwp%2Fv2%2Fcomments&post=1880808"}],"version-history":[{"count":0,"href":"https:\/\/analyse.optim.biz\/index.php?rest_route=\/wp\/v2\/posts\/1880808\/revisions"}],"wp:attachment":[{"href":"https:\/\/analyse.optim.biz\/index.php?rest_route=%2Fwp%2Fv2%2Fmedia&parent=1880808"}],"wp:term":[{"taxonomy":"category","embeddable":true,"href":"https:\/\/analyse.optim.biz\/index.php?rest_route=%2Fwp%2Fv2%2Fcategories&post=1880808"},{"taxonomy":"post_tag","embeddable":true,"href":"https:\/\/analyse.optim.biz\/index.php?rest_route=%2Fwp%2Fv2%2Ftags&post=1880808"}],"curies":[{"name":"wp","href":"https:\/\/api.w.org\/{rel}","templated":true}]}}