{"id":1880529,"date":"2026-04-13T15:40:05","date_gmt":"2026-04-13T12:40:05","guid":{"rendered":"https:\/\/analyse.optim.biz\/?p=1880529"},"modified":"2026-04-13T15:40:05","modified_gmt":"2026-04-13T12:40:05","slug":"harababura-fair-design-romanesc-si-record-store-day-la-timisoara","status":"publish","type":"post","link":"https:\/\/analyse.optim.biz\/?p=1880529","title":{"rendered":"Harababura Fair. Design rom\u00e2nesc \u0219i Record Store Day, la Timi\u0219oara"},"content":{"rendered":"<p>[analyse_image type=&#8221;featured&#8221; src=&#8221;&#8221;]<\/p>\n<div class=\"td-post-content td-pb-padding-side\">\n<p align=\"left\"><span><span><span>Timi<\/span><span>\u0219<\/span><span>oara g<\/span><span>\u0103<\/span><span>zduie<\/span><span>\u0219<\/span><span>te <\/span><span>\u00ee<\/span><span>n perioada 17-19 aprilie, o nou<\/span><span>\u0103 <\/span><span>edi<\/span><span>\u021b<\/span><span>ie Harababura Fair, eveniment dedicat designului rom<\/span><span>\u00e2<\/span><span>nesc contemporan <\/span><span>\u0219<\/span><span>i culturii muzicii pe vinil. T<\/span><span>\u00e2<\/span><span>rgul are loc la Pavilionul ISHO (Bulevardul Take Ionescu 50<\/span><span>\u2013<\/span><span>52), <\/span><span>\u00ee<\/span><span>ntre orele 11:00 <\/span><span>\u0219<\/span><span>i 20:00, iar intrarea este liber<\/span><span>\u0103<\/span><span>.<\/span><\/span><\/span><\/p>\n<p align=\"left\"><span><span><span>Peste 20 de creatori rom<\/span><span>\u00e2<\/span><span><span lang=\"it-IT\">ni <\/span><\/span><span>\u00ee\u0219<\/span><span>i <\/span><span>\u00ee<\/span><span>mp<\/span><span>\u0103<\/span><span>rt<\/span><span>\u0103\u0219<\/span><span>esc ideile <\/span><span>\u0219<\/span><span><span lang=\"it-IT\">i crea<\/span><\/span><span>\u021b<\/span><span>iile <\/span><span>\u00ee<\/span><span>ntr-un spa<\/span><span>\u021b<\/span><span>iu comun, elegant, situat pe malul Beg<\/span><span>\u0103<\/span><span>i. Un punct central al acestei edi<\/span><span>\u021b<\/span><span>ii <\/span><span>\u00ee<\/span><span>l reprezint<\/span><span>\u0103 <\/span><span>ceramica, una dintre cele mai c<\/span><span>\u0103<\/span><span>utate produse <\/span><span>\u00ee<\/span><span>n cadrul t<\/span><span>\u00e2<\/span><span>rgului. Arti<\/span><span>\u0219<\/span><span>ti din Timi<\/span><span>\u0219<\/span><span>oara, Cluj-Napoca <\/span><span>\u0219<\/span><span>i Bra<\/span><span>\u0219<\/span><span>ov aduc colec<\/span><span>\u021b<\/span><span>ii care reinterpreteaz<\/span><span>\u0103 <\/span><span>obiectele cotidiene, pun<\/span><span>\u00e2<\/span><span>nd accent pe form<\/span><span>\u0103<\/span><span>, culoare <\/span><span>\u0219<\/span><span>i func<\/span><span>\u021b<\/span><span>ionalitate.<\/span><\/span><\/span><\/p>\n<p align=\"left\"><span><span><span><span>Edi<\/span><\/span><span><span>\u021b<\/span><\/span><span><span>ia din acest weekend<\/span><\/span><span><span><span lang=\"es-ES-u-co-trad\"> se desf<\/span><\/span><\/span><span><span>\u0103\u0219<\/span><\/span><span><span>oar<\/span><\/span><span><span>\u0103 \u00ee<\/span><\/span><span><span>n paralel cu Ziua Mondial<\/span><\/span><span><span>\u0103 <\/span><\/span><span><span>a magazinelor de viniluri (Record Store Day), motiv pentru care programul include <\/span><\/span><span><span>\u0219<\/span><\/span><span><span><span lang=\"it-IT\">i un t<\/span><\/span><\/span><span><span>\u00e2<\/span><\/span><span><span>rg extins de viniluri cu Vinylcourt (Timi<\/span><\/span><span><span>\u0219<\/span><\/span><span><span>oara) <\/span><\/span><span><span>\u0219<\/span><\/span><span><span>i Vinillaz (Oradea)<\/span><\/span><span><span><span lang=\"it-IT\">. Atmosfera <\/span><\/span><\/span><span><span>este <\/span><\/span><span><span><span lang=\"it-IT\">completat<\/span><\/span><\/span><span><span>\u0103 <\/span><\/span><span><span><span lang=\"pt-PT\">de selec<\/span><\/span><\/span><span><span>\u021b<\/span><\/span><span><span>ii muzicale, mixate exclusiv pe vinil de DJ locali, printre care Deleted User, Who:ratio<\/span><\/span><span><span><span lang=\"de-DE\">, Mi-tzu, Mihu<\/span><\/span><\/span><span><span> (Hanging Around)<\/span><\/span><span><span> \u0219<\/span><\/span><span><span>i Miat.<\/span><\/span><\/span><\/span><\/p>\n<p align=\"justify\"><span><span><span>Harababura nu este doar un t<\/span><span>\u00e2<\/span><span><span lang=\"it-IT\">rg, ci un spa<\/span><\/span><span>\u021b<\/span><span>iu de <\/span><span>\u00ee<\/span><span>nt<\/span><span>\u00e2<\/span><span>lnire <\/span><span>\u00ee<\/span><span><span lang=\"it-IT\">ntre comunit<\/span><\/span><span>\u0103\u021b<\/span><span>i creative, unde ideile circul<\/span><span>\u0103 <\/span><span>liber, iar inspira<\/span><span>\u021b<\/span><span><span lang=\"es-ES-u-co-trad\">ia se g<\/span><\/span><span>\u0103<\/span><span>se<\/span><span>\u0219<\/span><span>te la fiecare pas.<\/span><\/span><\/span><\/p>\n<p align=\"justify\"><span><span><span>Pentru mai multe informa<\/span><span>\u021b<\/span><span>ii, accesa<\/span><span>\u021b<\/span><span><span lang=\"it-IT\">i paginile de <\/span><\/span><span>Facebook: <\/span><strong><u><a href=\"https:\/\/www.facebook.com\/harababura.fair\" target=\"_blank\" rel=\"noopener\"><span>Harababura Fair<\/span><\/a><\/u><\/strong><span> sau <\/span><strong><a href=\"https:\/\/www.facebook.com\/events\/1375152457762485\" target=\"_blank\" rel=\"noopener\"><u><span>Harababura <\/span><\/u><u><span><span lang=\"en-US\">\u2014 <\/span><\/span><\/u><u><span><span lang=\"en-US\">Design Fair &amp; Record Store Day<\/span><\/span><\/u><\/a><\/strong><\/span><\/span><\/p>\n<\/div>\n<p>[analyse_source url=&#8221;https:\/\/timisplus.ro\/harababura-fair-design-romanesc-si-record-store-day-la-timisoara\/&#8221;]<\/p>\n","protected":false},"excerpt":{"rendered":"<p>[analyse_image type=&#8221;featured&#8221; src=&#8221;&#8221;] Timi\u0219oara g\u0103zduie\u0219te \u00een perioada 17-19 aprilie, o nou\u0103 edi\u021bie Harababura Fair, eveniment dedicat designului rom\u00e2nesc contemporan \u0219i culturii muzicii pe vinil. T\u00e2rgul are loc la Pavilionul ISHO (Bulevardul Take Ionescu 50\u201352), \u00eentre orele 11:00 \u0219i 20:00, iar intrarea este liber\u0103. Peste 20 de creatori rom\u00e2ni \u00ee\u0219i \u00eemp\u0103rt\u0103\u0219esc ideile \u0219i crea\u021biile \u00eentr-un spa\u021biu [&hellip;]<\/p>\n","protected":false},"author":1,"featured_media":0,"comment_status":"open","ping_status":"","sticky":false,"template":"","format":"standard","meta":{"footnotes":""},"categories":[89],"tags":[226,195],"class_list":["post-1880529","post","type-post","status-publish","format-standard","hentry","category-romania","tag-crawlmanager","tag-timisplus-ro"],"_links":{"self":[{"href":"https:\/\/analyse.optim.biz\/index.php?rest_route=\/wp\/v2\/posts\/1880529","targetHints":{"allow":["GET"]}}],"collection":[{"href":"https:\/\/analyse.optim.biz\/index.php?rest_route=\/wp\/v2\/posts"}],"about":[{"href":"https:\/\/analyse.optim.biz\/index.php?rest_route=\/wp\/v2\/types\/post"}],"author":[{"embeddable":true,"href":"https:\/\/analyse.optim.biz\/index.php?rest_route=\/wp\/v2\/users\/1"}],"replies":[{"embeddable":true,"href":"https:\/\/analyse.optim.biz\/index.php?rest_route=%2Fwp%2Fv2%2Fcomments&post=1880529"}],"version-history":[{"count":0,"href":"https:\/\/analyse.optim.biz\/index.php?rest_route=\/wp\/v2\/posts\/1880529\/revisions"}],"wp:attachment":[{"href":"https:\/\/analyse.optim.biz\/index.php?rest_route=%2Fwp%2Fv2%2Fmedia&parent=1880529"}],"wp:term":[{"taxonomy":"category","embeddable":true,"href":"https:\/\/analyse.optim.biz\/index.php?rest_route=%2Fwp%2Fv2%2Fcategories&post=1880529"},{"taxonomy":"post_tag","embeddable":true,"href":"https:\/\/analyse.optim.biz\/index.php?rest_route=%2Fwp%2Fv2%2Ftags&post=1880529"}],"curies":[{"name":"wp","href":"https:\/\/api.w.org\/{rel}","templated":true}]}}