{"id":188042,"date":"2015-01-19T18:34:27","date_gmt":"2015-01-19T15:34:27","guid":{"rendered":"https:\/\/analyse.optim.biz\/?p=188042"},"modified":"2015-01-19T18:34:27","modified_gmt":"2015-01-19T15:34:27","slug":"vila-din-snagov-propusa-initial-ca-resedinta-lui-traian-basescu-a-fost-scoasa-la-vanzare","status":"publish","type":"post","link":"https:\/\/analyse.optim.biz\/?p=188042","title":{"rendered":"Vila din Snagov propus\u0103, ini\u021bial, ca re\u0219edin\u021b\u0103 lui Traian B\u0103sescu a fost scoas\u0103 la v\u00e2nzare"},"content":{"rendered":"<div class=\"entry data-app-meta data-app-meta-article\" data-embed-base-url-canonical=\"https:\/\/www.digi24.ro\/embed\/stiri\/actualitate\/politica\/vila-din-snagov-propusa-initial-ca-resedinta-lui-traian-basescu-a-fost-scoasa-la-vanzare-348964\">\n<p data-index=\"1\">Vila, cu etaj \u015fi mansard\u0103, are o suprafa\u0163\u0103 de peste 2.000 de metri p\u0103tra\u0163i \u015fi este \u00eenconjurat\u0103 de un teren de aproape 3 hectare.<\/p>\n<p data-index=\"2\">Premierul Victor Ponta declara, recent, c\u0103 dac\u0103 Traian B\u0103sescu \u00ee\u015fi dore\u015fte aceast\u0103 locuin\u0163\u0103, va trebui s\u0103 o cumpere. <\/p>\n<p data-index=\"3\">Este a doua vil\u0103 din Snagov propus\u0103 de Guvern fostului \u015fef de stat c\u0103reia i se schimb\u0103 destina\u0163ia \u00eenainte ca Traian B\u0103sescu s\u0103 anun\u021be o decizie. Anterior, o locuin\u0163\u0103 dotat\u0103 cu piscin\u0103 a fost acordat\u0103 Autorit\u0103\u0163ii Na\u0163ionale pentru Persoanele cu Dizabilit\u0103\u0163i. <\/p>\n<p data-index=\"4\">Fostul \u015fef de stat mai are acum de ales \u00eentre trei apartamente \u015fi dou\u0103 case, toate situate \u00een Bucure\u015fti. Traian B\u0103sescu trebuie s\u0103 p\u0103r\u0103seasc\u0103 Vila Lac 3, pe care a folosit-o ca re\u015fedin\u0163\u0103 \u00een timpul mandatului, la mijlocul lunii februarie.\u00a0<\/p>\n<\/div>\n<p> Source URL: https:\/\/www.digi24.ro\/stiri\/actualitate\/politica\/vila-din-snagov-propusa-initial-ca-resedinta-lui-traian-basescu-a-fost-scoasa-la-vanzare-348964<\/p>\n","protected":false},"excerpt":{"rendered":"<p>Vila, cu etaj \u015fi mansard\u0103, are o suprafa\u0163\u0103 de peste 2.000 de metri p\u0103tra\u0163i \u015fi este \u00eenconjurat\u0103 de un teren de aproape 3 hectare. Premierul Victor Ponta declara, recent, c\u0103 dac\u0103 Traian B\u0103sescu \u00ee\u015fi dore\u015fte aceast\u0103 locuin\u0163\u0103, va trebui s\u0103 o cumpere. Este a doua vil\u0103 din Snagov propus\u0103 de Guvern fostului \u015fef de stat [&hellip;]<\/p>\n","protected":false},"author":1,"featured_media":188043,"comment_status":"open","ping_status":"","sticky":false,"template":"","format":"standard","meta":{"footnotes":""},"categories":[2],"tags":[11],"class_list":["post-188042","post","type-post","status-publish","format-standard","has-post-thumbnail","hentry","category-politics","tag-digi24"],"_links":{"self":[{"href":"https:\/\/analyse.optim.biz\/index.php?rest_route=\/wp\/v2\/posts\/188042","targetHints":{"allow":["GET"]}}],"collection":[{"href":"https:\/\/analyse.optim.biz\/index.php?rest_route=\/wp\/v2\/posts"}],"about":[{"href":"https:\/\/analyse.optim.biz\/index.php?rest_route=\/wp\/v2\/types\/post"}],"author":[{"embeddable":true,"href":"https:\/\/analyse.optim.biz\/index.php?rest_route=\/wp\/v2\/users\/1"}],"replies":[{"embeddable":true,"href":"https:\/\/analyse.optim.biz\/index.php?rest_route=%2Fwp%2Fv2%2Fcomments&post=188042"}],"version-history":[{"count":0,"href":"https:\/\/analyse.optim.biz\/index.php?rest_route=\/wp\/v2\/posts\/188042\/revisions"}],"wp:featuredmedia":[{"embeddable":true,"href":"https:\/\/analyse.optim.biz\/index.php?rest_route=\/wp\/v2\/media\/188043"}],"wp:attachment":[{"href":"https:\/\/analyse.optim.biz\/index.php?rest_route=%2Fwp%2Fv2%2Fmedia&parent=188042"}],"wp:term":[{"taxonomy":"category","embeddable":true,"href":"https:\/\/analyse.optim.biz\/index.php?rest_route=%2Fwp%2Fv2%2Fcategories&post=188042"},{"taxonomy":"post_tag","embeddable":true,"href":"https:\/\/analyse.optim.biz\/index.php?rest_route=%2Fwp%2Fv2%2Ftags&post=188042"}],"curies":[{"name":"wp","href":"https:\/\/api.w.org\/{rel}","templated":true}]}}