{"id":188039,"date":"2015-01-19T18:39:29","date_gmt":"2015-01-19T15:39:29","guid":{"rendered":"https:\/\/analyse.optim.biz\/?p=188039"},"modified":"2015-01-19T18:39:29","modified_gmt":"2015-01-19T15:39:29","slug":"confirmare-de-la-cotroceni-vizita-lui-klaus-iohannis-in-republica-moldova-a-fost-amanata","status":"publish","type":"post","link":"https:\/\/analyse.optim.biz\/?p=188039","title":{"rendered":"Confirmare de la Cotroceni. Vizita lui Klaus Iohannis \u00een Republica Moldova a fost am\u00e2nat\u0103"},"content":{"rendered":"<div class=\"entry data-app-meta data-app-meta-article\" data-embed-base-url-canonical=\"https:\/\/www.digi24.ro\/embed\/stiri\/actualitate\/politica\/confirmare-de-la-cotroceni-vizita-lui-klaus-iohannis-in-republica-moldova-a-fost-amanata-348969\">\n<p data-index=\"1\"><img decoding=\"async\" src=\"https:\/\/analyse.optim.biz\/wp-content\/uploads\/2024\/09\/yxnoptviytkxmmmyzjlmyjgxnmq2zmi1mmu2nmnlnje4mzew-thumb_.jpg\" data-skip-htmlfix=\"1\" title=\"yxnoptviytkxmmmyzjlmyjgxnmq2zmi1mmu2nmnlnje4mzew-thumb_\"><\/p>\n<p data-index=\"2\"><span><em><span>Foto: Presidency.ro<\/span><\/em><\/span><\/p>\n<p data-index=\"3\">Pre\u0219edintele a vorbit la telefon cu omologul s\u0103u moldovean, Nicolae Timofti, despre \u201econtextul politic postelectoral din Republica Moldova \u0219i negocierile \u00een vederea alc\u0103tuirii unui nou guvern\u201d, se arat\u0103 \u00eentr-un comunicat al pre\u0219edin\u021biei.<\/p>\n<p data-index=\"4\">\u201e<span>Cei doi \u0219efi de stat au fost de acord c\u0103 \u00een prezent nu sunt \u00eentrunite \u00een Republica Moldova condi\u021biile pentru vizita de stat a Pre\u0219edintelui Rom\u00e2niei, programat\u0103 ini\u021bial pentru 22-23 ianuarie a.c. Ambii \u00eenal\u021bi oficiali au opinat c\u0103 alegerea conducerii Parlamentului \u0219i validarea unui guvern la Chi\u0219in\u0103u vor asigura condi\u021biile unui dialog politic cuprinz\u0103tor \u0219i pragmatic, orientat spre sus\u021binerea parcursului european al Republicii Moldova. \u00cen final, s-a convenit ca vizita de stat la Chi\u0219in\u0103u a Pre\u0219edintelui Rom\u00e2niei, domnul Klaus Iohannis, s\u0103 aib\u0103 loc \u00een perioada imediat urm\u0103toare instal\u0103rii noului guvern\u201d, se mai arat\u0103 \u00een comunicat.<\/span><\/p>\n<p data-index=\"5\">Secretarul general al Pre\u015fedin\u0163iei Republicii Moldova, Ion P\u0103duraru, <a href=\"https:\/\/www.digi24.ro\/Stiri\/Digi24\/Actualitate\/Stiri\/IOHANNIS+AMANARE+VIZITA+MOLDOVA\" target=\"_blank\" data-skip-linkfix=\"1\" rel=\"noopener\">spunea \u00eenc\u0103 de s\u0103pt\u0103m\u00e2na trecut\u0103 c\u0103 vizita lui Klaus Iohannis la Chi\u0219in\u0103u se am\u00e2n\u0103<\/a> pentru c\u0103 Republica Moldova nu are \u00eenc\u0103 un nou guvern \u015fi nu a fost aleas\u0103 conducerea Parlamentului.<\/p>\n<\/div>\n<p> Source URL: https:\/\/www.digi24.ro\/stiri\/actualitate\/politica\/confirmare-de-la-cotroceni-vizita-lui-klaus-iohannis-in-republica-moldova-a-fost-amanata-348969<\/p>\n","protected":false},"excerpt":{"rendered":"<p>Foto: Presidency.ro Pre\u0219edintele a vorbit la telefon cu omologul s\u0103u moldovean, Nicolae Timofti, despre \u201econtextul politic postelectoral din Republica Moldova \u0219i negocierile \u00een vederea alc\u0103tuirii unui nou guvern\u201d, se arat\u0103 \u00eentr-un comunicat al pre\u0219edin\u021biei. \u201eCei doi \u0219efi de stat au fost de acord c\u0103 \u00een prezent nu sunt \u00eentrunite \u00een Republica Moldova condi\u021biile pentru vizita [&hellip;]<\/p>\n","protected":false},"author":1,"featured_media":188040,"comment_status":"open","ping_status":"","sticky":false,"template":"","format":"standard","meta":{"footnotes":""},"categories":[2],"tags":[11],"class_list":["post-188039","post","type-post","status-publish","format-standard","has-post-thumbnail","hentry","category-politics","tag-digi24"],"_links":{"self":[{"href":"https:\/\/analyse.optim.biz\/index.php?rest_route=\/wp\/v2\/posts\/188039","targetHints":{"allow":["GET"]}}],"collection":[{"href":"https:\/\/analyse.optim.biz\/index.php?rest_route=\/wp\/v2\/posts"}],"about":[{"href":"https:\/\/analyse.optim.biz\/index.php?rest_route=\/wp\/v2\/types\/post"}],"author":[{"embeddable":true,"href":"https:\/\/analyse.optim.biz\/index.php?rest_route=\/wp\/v2\/users\/1"}],"replies":[{"embeddable":true,"href":"https:\/\/analyse.optim.biz\/index.php?rest_route=%2Fwp%2Fv2%2Fcomments&post=188039"}],"version-history":[{"count":0,"href":"https:\/\/analyse.optim.biz\/index.php?rest_route=\/wp\/v2\/posts\/188039\/revisions"}],"wp:featuredmedia":[{"embeddable":true,"href":"https:\/\/analyse.optim.biz\/index.php?rest_route=\/wp\/v2\/media\/188040"}],"wp:attachment":[{"href":"https:\/\/analyse.optim.biz\/index.php?rest_route=%2Fwp%2Fv2%2Fmedia&parent=188039"}],"wp:term":[{"taxonomy":"category","embeddable":true,"href":"https:\/\/analyse.optim.biz\/index.php?rest_route=%2Fwp%2Fv2%2Fcategories&post=188039"},{"taxonomy":"post_tag","embeddable":true,"href":"https:\/\/analyse.optim.biz\/index.php?rest_route=%2Fwp%2Fv2%2Ftags&post=188039"}],"curies":[{"name":"wp","href":"https:\/\/api.w.org\/{rel}","templated":true}]}}