{"id":188017,"date":"2015-01-19T22:44:29","date_gmt":"2015-01-19T19:44:29","guid":{"rendered":"https:\/\/analyse.optim.biz\/?p=188017"},"modified":"2015-01-19T22:44:29","modified_gmt":"2015-01-19T19:44:29","slug":"e-hurezeanu-k-iohannis-e-locomotiva-principala-ce-vrea-v-ponta-sa-se-joace-si-el-cu-trenuletele-pe-linie-in-weekend","status":"publish","type":"post","link":"https:\/\/analyse.optim.biz\/?p=188017","title":{"rendered":"E. Hurezeanu: K. Iohannis e locomotiva principal\u0103. Ce vrea V. Ponta, s\u0103 se joace \u0219i el cu trenule\u021bele pe linie, \u00een weekend?"},"content":{"rendered":"<div class=\"entry data-app-meta data-app-meta-article\" data-embed-base-url-canonical=\"https:\/\/www.digi24.ro\/embed\/stiri\/actualitate\/politica\/e-hurezeanu-k-iohannis-e-locomotiva-principala-ce-vrea-v-ponta-sa-se-joace-si-el-cu-trenuletele-pe-linie-in-weekend-349049\">\n<p data-index=\"1\"><strong><em>\u201e<span>C\u00e2nd st\u0103p\u00e2nul covertei era B\u0103sescu \u0219i el impunea aria de diminea\u021b\u0103 \u0219i c\u00e2ntecul matrozilor era cearta, Ponta era cert\u0103re\u021b \u0219i lupt\u0103tor. Acum a venit consensualul \u0219i lini\u0219titul \u0219i Ponta e \u0219i el consensual \u0219i lini\u0219tit\u201d, a spus Emil Hurezeanu, \u00een \u201eJurnalul de Sear\u0103\u201d.<\/span><\/em><\/strong><\/p>\n<div>\n<p data-index=\"2\"><strong>\u201e<\/strong><span><em><strong>Vrea consensualul legitim pacte de neat\u00e2rnare sau de at\u00e2rnare, vrea \u0219i plasticul. Plasticul vrea \u0219i el. Unul e consensual legitim, altul e consensual prin plasticitate, nelegitim\u201d<\/strong><\/em>, a continuat Emil Hurezeanu.\u00a0<\/span><\/p>\n<\/div>\n<p data-index=\"3\">Pre\u015fedintele PSD, premierul Victor Ponta, a cerut, luni, \u00een BPN, mandat <a href=\"https:\/\/www.digi24.ro\/Stiri\/Digi24\/Actualitate\/Politica\/Victor+Ponta+vrea+discutii+cu+partidele+parlamentare\" target=\"_blank\" data-skip-linkfix=\"1\" rel=\"noopener\"><strong>pentru a-i invita la dialog<\/strong><\/a>pe co-pre\u015fedin\u0163ii PNL, Alina Gorghiu \u015fi Vasile Blaga, asupra a cinci teme: legisla\u0163ia financiar\u0103, revizuirea Constitu\u0163iei, sistemul electoral, Master Planul pe Transport \u015fi legile siguran\u0163ei.<\/p>\n<p data-index=\"4\">\u00cen opinia lui Emil Hurezeanu, premierul ar trebui s\u0103 aib\u0103 \u0219i alte preocup\u0103ri \u00een afara consensului \u00eentre partide. <\/p>\n<p data-index=\"5\"><strong>\u201e<\/strong><span><em><strong>Vrei s\u0103 fii un fel de pre\u0219edinte secundar? Dac\u0103 locomotiva principal\u0103 se odihne\u0219te la Sibiu, \u00een weekend, vrei s\u0103 vii tu cu trenule\u021bele tale s\u0103 te joci pe linie?<\/strong><\/em> E\u0219ti tu c\u0103pitanul de serviciu? Tu e\u0219ti politician, tu e\u0219ti \u0219eful guvernului, administreaz\u0103, asum\u0103 riscuri, pierzi, te love\u0219ti, \u00ee\u021bi pui un plasture, mergi mai departe. \u00ce\u021bi rupi piciorul, stai \u00een spital \u0219ase s\u0103pt\u0103m\u00e2ni. \u00ce\u021bi rupi g\u00e2tul, du-te la spital doi ani \u0219i las\u0103-i pe ceilal\u021bi s\u0103 guverneze \u00een locul t\u0103u. Nu guvern\u0103m pe baz\u0103 de \u00een\u021belegeri. Un pre\u0219edinte e mediator pe baz\u0103 de \u00een\u021belegeri, pentru c\u0103 este simbolul \u00een\u021belegerii obligatorii la v\u00e2rf\u201d, a ad\u0103ugat Emil Hurezeanu.\u00a0<\/span><\/p>\n<\/div>\n<p> Source URL: https:\/\/www.digi24.ro\/stiri\/actualitate\/politica\/e-hurezeanu-k-iohannis-e-locomotiva-principala-ce-vrea-v-ponta-sa-se-joace-si-el-cu-trenuletele-pe-linie-in-weekend-349049<\/p>\n","protected":false},"excerpt":{"rendered":"<p>\u201eC\u00e2nd st\u0103p\u00e2nul covertei era B\u0103sescu \u0219i el impunea aria de diminea\u021b\u0103 \u0219i c\u00e2ntecul matrozilor era cearta, Ponta era cert\u0103re\u021b \u0219i lupt\u0103tor. Acum a venit consensualul \u0219i lini\u0219titul \u0219i Ponta e \u0219i el consensual \u0219i lini\u0219tit\u201d, a spus Emil Hurezeanu, \u00een \u201eJurnalul de Sear\u0103\u201d. \u201eVrea consensualul legitim pacte de neat\u00e2rnare sau de at\u00e2rnare, vrea \u0219i plasticul. [&hellip;]<\/p>\n","protected":false},"author":1,"featured_media":188018,"comment_status":"open","ping_status":"","sticky":false,"template":"","format":"standard","meta":{"footnotes":""},"categories":[2],"tags":[11],"class_list":["post-188017","post","type-post","status-publish","format-standard","has-post-thumbnail","hentry","category-politics","tag-digi24"],"_links":{"self":[{"href":"https:\/\/analyse.optim.biz\/index.php?rest_route=\/wp\/v2\/posts\/188017","targetHints":{"allow":["GET"]}}],"collection":[{"href":"https:\/\/analyse.optim.biz\/index.php?rest_route=\/wp\/v2\/posts"}],"about":[{"href":"https:\/\/analyse.optim.biz\/index.php?rest_route=\/wp\/v2\/types\/post"}],"author":[{"embeddable":true,"href":"https:\/\/analyse.optim.biz\/index.php?rest_route=\/wp\/v2\/users\/1"}],"replies":[{"embeddable":true,"href":"https:\/\/analyse.optim.biz\/index.php?rest_route=%2Fwp%2Fv2%2Fcomments&post=188017"}],"version-history":[{"count":0,"href":"https:\/\/analyse.optim.biz\/index.php?rest_route=\/wp\/v2\/posts\/188017\/revisions"}],"wp:featuredmedia":[{"embeddable":true,"href":"https:\/\/analyse.optim.biz\/index.php?rest_route=\/wp\/v2\/media\/188018"}],"wp:attachment":[{"href":"https:\/\/analyse.optim.biz\/index.php?rest_route=%2Fwp%2Fv2%2Fmedia&parent=188017"}],"wp:term":[{"taxonomy":"category","embeddable":true,"href":"https:\/\/analyse.optim.biz\/index.php?rest_route=%2Fwp%2Fv2%2Fcategories&post=188017"},{"taxonomy":"post_tag","embeddable":true,"href":"https:\/\/analyse.optim.biz\/index.php?rest_route=%2Fwp%2Fv2%2Ftags&post=188017"}],"curies":[{"name":"wp","href":"https:\/\/api.w.org\/{rel}","templated":true}]}}