{"id":188006,"date":"2015-01-19T22:59:12","date_gmt":"2015-01-19T19:59:12","guid":{"rendered":"https:\/\/analyse.optim.biz\/?p=188006"},"modified":"2015-01-19T22:59:12","modified_gmt":"2015-01-19T19:59:12","slug":"catalin-predoiu-plafonarea-agreata-cu-bancile-o-solutie-pentru-problemele-generate-de-instabilitatea-cursului-francului-elvetian","status":"publish","type":"post","link":"https:\/\/analyse.optim.biz\/?p=188006","title":{"rendered":"C\u0103t\u0103lin Predoiu: Plafonarea agreat\u0103 cu b\u0103ncile, o solu\u021bie pentru problemele generate de instabilitatea cursului francului elve\u021bian"},"content":{"rendered":"<div class=\"entry data-app-meta data-app-meta-article\" data-embed-base-url-canonical=\"https:\/\/www.digi24.ro\/embed\/stiri\/actualitate\/politica\/catalin-predoiu-plafonarea-agreata-cu-bancile-o-solutie-pentru-problemele-generate-de-instabilitatea-cursului-francului-elvetian-349055\">\n<p data-index=\"1\">&#8220;\u00cen sit<span>ua\u021bia<\/span> creat<span>\u0103,<\/span><span>b\u0103ncile<\/span> ar <span>trebui<\/span> s<span>\u0103<\/span> se <span>\u00eent\u00e2lneasc\u0103<\/span><span>\u00ee<\/span>ntre ele, <span>\u00ee<\/span>ntre ele <span>\u0219<\/span>i <span>clien\u021bi<\/span>\u00a0<span>\u0219<\/span>i s<span>\u0103<\/span> discute cum adapteaz<span>\u0103<\/span> contractele <span>\u00ee<\/span>n noua conjunctur<span>\u0103<\/span>. Ceea ce <span>p\u00e2n\u0103<\/span> la urm\u0103 s-a <span>\u00eent\u00e2mplat,<\/span> dovad<span>\u0103<\/span> c<span>\u0103<\/span><span>solu\u021bia<\/span> a fost corect<span>\u0103. <\/span>Regret c\u0103 ac<span>east\u0103<\/span> postare a n\u0103scut din partea premierului o reac\u0163ie la fel de intempestiv\u0103, dar <span>gre\u015fit\u0103.<\/span> Am fost acuzat de populism. Nu v\u0103d unde e populism <span>\u00ee<\/span>n <span>\u00ee<\/span>ndemnul <span>corect <\/span>ca <span>b\u0103ncile<\/span> s<span>\u0103<\/span> disc<span>ute \u00eempreun\u0103<\/span> cu <span>clien\u021bii<\/span> o <span>solu\u021bie. <\/span><strong>Deja azi <\/strong><span><strong>dou\u0103<\/strong><\/span><span><strong>b\u0103nci<\/strong><\/span><strong> au adoptat sol<\/strong><span><strong>u\u021bia<\/strong><\/span><strong> respectiv<\/strong><span><strong>\u0103<\/strong><\/span><strong>, au plafonat cursul la un niv<\/strong><span><strong>el<\/strong><\/span><strong> suportabil. Exist<\/strong><span><strong>\u0103<\/strong><\/span><span><strong>\u0219<\/strong><\/span><strong>i un cadru legal p<\/strong><span><strong>entru<\/strong><\/span><strong> ac<\/strong><span><strong>east\u0103<\/strong><\/span><span><strong>solu\u021bie.<\/strong><\/span><strong> Art<\/strong><span><strong>icolul<\/strong><\/span><strong> 1271 din Codul Civil permite <\/strong><span><strong>p\u0103r\u021bilor<\/strong><\/span><strong> s<\/strong><span><strong>\u0103<\/strong><\/span><strong> adapteze contr<\/strong><span><strong>actul<\/strong><\/span><strong> pe teoria impreviziunii, <\/strong><span><strong>atunci c\u00e2nd<\/strong><\/span><strong> cond<\/strong><span><strong>i\u021biile<\/strong><\/span><strong> existente din contr<\/strong><span><strong>act<\/strong><\/span><strong> s-au sch<\/strong><span><strong>imbat<\/strong><\/span><strong> dramatic <\/strong><span><strong>\u0219i una dintre p\u0103r\u021bi nu \u00ee\u0219i mai poate respecta obliga\u021biile. <\/strong><\/span><span>Pentru<\/span> a salva <span>rela\u021bia<\/span> dintre cele <span>dou\u0103<\/span><span>p\u0103r\u021bi,<\/span> noul Cod Civil permite o <span>solu\u021bie<\/span> care a fost aplicat\u0103. Dac<span>\u0103<\/span> Ponta ar fi citit cu calm <span>\u0219i C<\/span>odul <span>Civil<\/span><span>\u0219<\/span>i postarea mea, ar fi aflat care e <span>solu\u021bia mea, solu\u021bie \u00eembr\u0103\u021bi\u0219at\u0103<\/span> de <span>b\u0103nci<\/span><span>dou\u0103<\/span> zile mai <span>t\u00e2rziu,&#8221; <\/span><span lang=\"en-US\">a declarat <\/span><span>C\u0103t\u0103lin Predoiu.<\/span><\/p>\n<p data-index=\"2\">Prim-vicepre\u0219edintele PNL \u00eei sf\u0103tuie\u0219te pe clien\u021bii care au probleme cu plata ratelor s\u0103 mearg\u0103 la discu\u021bii cu b\u0103ncile \u00een grupuri \u0219i \u00eenso\u021bi\u021bi de avoca\u021bi.<\/p>\n<p data-index=\"3\">&#8220;<strong>\u00cempreun\u0103 cu un avocat <\/strong><span><strong>\u0219<\/strong><\/span><strong>i <\/strong><span><strong>cu al\u021bi<\/strong><\/span><span><strong>contractan\u021bi<\/strong><\/span><strong> de prod<\/strong><span><strong>use<\/strong><\/span><strong> similare. For\u0163a de negociere e mai <\/strong><span><strong>important\u0103. <\/strong><\/span><strong>Din ce am v\u0103zut, b\u0103ncile au <\/strong><span><strong>\u00een\u021beles<\/strong><\/span><strong> c\u0103 t<\/strong><span><strong>rebuie<\/strong><\/span><strong> s\u0103 reac\u0163ioneze <\/strong><span><strong>\u0219<\/strong><\/span><strong>i s<\/strong><span><strong>\u0103<\/strong><\/span><strong> adapteze contractele.<\/strong> \u00cen caz contrar, orice parte are deschis\u0103 calea c\u0103tre <span>justi\u021bie<\/span>, printr-un proc<span>es<\/span> care s<span>\u0103<\/span> fie deschis \u0219i \u00een care s<span>\u0103<\/span> se cear<span>\u0103<\/span> adaptarea <span>contractelor la<\/span> noile <span>condi\u021bii<\/span><span>\u0219<\/span>i org<span>anizarea<\/span> oblig<span>a\u021biilor<\/span> reciproce p<span>entru<\/span> a salva contractul. Nici <span>b\u0103ncile<\/span> nu pot fi prejudiciate de <span>dispari\u021bia<\/span> ac<span>estor<\/span> rap<span>oarte<\/span> contractuale. <span>\u0218<\/span>i contr<span>actul<\/span> s\u0103 fie la fel de rezonabil cum era <span>\u00ee<\/span>n sit<span>ua\u021bia<\/span><span>\u00ee<\/span>n care <span>p\u0103r\u021bile<\/span> au contractat,&#8221; a spus el.<\/p>\n<\/div>\n<p> Source URL: https:\/\/www.digi24.ro\/stiri\/actualitate\/politica\/catalin-predoiu-plafonarea-agreata-cu-bancile-o-solutie-pentru-problemele-generate-de-instabilitatea-cursului-francului-elvetian-349055<\/p>\n","protected":false},"excerpt":{"rendered":"<p>&#8220;\u00cen situa\u021bia creat\u0103,b\u0103ncile ar trebui s\u0103 se \u00eent\u00e2lneasc\u0103\u00eentre ele, \u00eentre ele \u0219i clien\u021bi\u00a0\u0219i s\u0103 discute cum adapteaz\u0103 contractele \u00een noua conjunctur\u0103. Ceea ce p\u00e2n\u0103 la urm\u0103 s-a \u00eent\u00e2mplat, dovad\u0103 c\u0103solu\u021bia a fost corect\u0103. Regret c\u0103 aceast\u0103 postare a n\u0103scut din partea premierului o reac\u0163ie la fel de intempestiv\u0103, dar gre\u015fit\u0103. Am fost acuzat de populism. [&hellip;]<\/p>\n","protected":false},"author":1,"featured_media":188007,"comment_status":"open","ping_status":"","sticky":false,"template":"","format":"standard","meta":{"footnotes":""},"categories":[2],"tags":[11],"class_list":["post-188006","post","type-post","status-publish","format-standard","has-post-thumbnail","hentry","category-politics","tag-digi24"],"_links":{"self":[{"href":"https:\/\/analyse.optim.biz\/index.php?rest_route=\/wp\/v2\/posts\/188006","targetHints":{"allow":["GET"]}}],"collection":[{"href":"https:\/\/analyse.optim.biz\/index.php?rest_route=\/wp\/v2\/posts"}],"about":[{"href":"https:\/\/analyse.optim.biz\/index.php?rest_route=\/wp\/v2\/types\/post"}],"author":[{"embeddable":true,"href":"https:\/\/analyse.optim.biz\/index.php?rest_route=\/wp\/v2\/users\/1"}],"replies":[{"embeddable":true,"href":"https:\/\/analyse.optim.biz\/index.php?rest_route=%2Fwp%2Fv2%2Fcomments&post=188006"}],"version-history":[{"count":0,"href":"https:\/\/analyse.optim.biz\/index.php?rest_route=\/wp\/v2\/posts\/188006\/revisions"}],"wp:featuredmedia":[{"embeddable":true,"href":"https:\/\/analyse.optim.biz\/index.php?rest_route=\/wp\/v2\/media\/188007"}],"wp:attachment":[{"href":"https:\/\/analyse.optim.biz\/index.php?rest_route=%2Fwp%2Fv2%2Fmedia&parent=188006"}],"wp:term":[{"taxonomy":"category","embeddable":true,"href":"https:\/\/analyse.optim.biz\/index.php?rest_route=%2Fwp%2Fv2%2Fcategories&post=188006"},{"taxonomy":"post_tag","embeddable":true,"href":"https:\/\/analyse.optim.biz\/index.php?rest_route=%2Fwp%2Fv2%2Ftags&post=188006"}],"curies":[{"name":"wp","href":"https:\/\/api.w.org\/{rel}","templated":true}]}}