{"id":1879992,"date":"2026-03-31T02:26:00","date_gmt":"2026-03-30T23:26:00","guid":{"rendered":"https:\/\/analyse.optim.biz\/?p=1879992"},"modified":"2026-03-31T02:26:00","modified_gmt":"2026-03-30T23:26:00","slug":"sabrina-carpenter-enflamme-coachella-en-looks-dior","status":"publish","type":"post","link":"https:\/\/analyse.optim.biz\/?p=1879992","title":{"rendered":"Sabrina Carpenter enflamme Coachella en looks Dior"},"content":{"rendered":"<div class=\"entry-content\">\n<section class=\"single-header padding-top-s\">\n<div class=\"container\">\n<div class=\"row justify-content-between\">\n<div class=\"col-lg-9 col-xl-8\">\n<div class=\"video-container\">\n\t\t\t\t\t\t\t\t\t\t\t\t\t<\/div>\n<div class=\"container-img desktop\">\n\t\t\t\t\t\t\t\t<img decoding=\"async\" width=\"640\" height=\"408\" src=\"https:\/\/numero.com\/wp-content\/uploads\/2026\/04\/push-sabrina-carpenter-dior-coachella-2026-768x490.jpg\" class=\"img-fluid\" alt=\"sabrina carpenter en dior pour coachella 2026\" loading=\"lazy\">\t\t\t\t\t\t\t\t<\/p>\n<p class=\"number big\">13<\/p>\n<\/p><\/div>\n<div class=\"container-img mobile\">\n\t\t\t\t\t\t\t\t<img decoding=\"async\" width=\"640\" height=\"804\" src=\"https:\/\/numero.com\/wp-content\/uploads\/2026\/04\/thumb-sabrina-carpenter-dior-coachella-2026-768x965.jpg\" class=\"img-fluid\" alt=\"sabrina carpenter en dior pour coachella 2026\" loading=\"lazy\">\t\t\t\t\t\t\t\t<\/p>\n<p class=\"number big\">13<\/p>\n<\/p><\/div>\n<\/p><\/div>\n<div class=\"col col-lg-3 col-xl-4 desktop\">\n<div class=\"ad grand-angle desktop\">\n    <!-- \/21730003857\/numero-ad-unit\/numero-grand-angle --><\/p>\n<div id=\"div-gpt-ad-1757063143832-0\" class=\"px-0\">\n<p>            googletag.cmd.push(function () {<br \/>\n                googletag.display(&#8216;div-gpt-ad-1757063143832-0&#8217;);<br \/>\n            });<\/p><\/div>\n<\/div><\/div>\n<\/p><\/div>\n<\/p><\/div>\n<\/section>\n<section class=\"post-content\">\n<div class=\"container\">\n<div class=\"row g-0 justify-content-between\">\n<div class=\"col-lg-9 col-xl-8 padding-top-s\">\n<p class=\"share-widget\" id=\"share-widget\"><img decoding=\"async\" src=\"https:\/\/numero.com\/wp-content\/themes\/%09%09%09understrap-child-main\/src\/public\/images\/share.svg\" alt=\"share-widget\"><\/p>\n<div class=\"share-icons\" id=\"share-icons\">\n<p class=\"copy-link\"><img decoding=\"async\" src=\"https:\/\/numero.com\/wp-content\/themes\/understrap-child-main\/src\/public\/images\/copy-link.svg\" alt=\"copy-link\"><\/p>\n<p>\t\t\t\t\t\t\t<a href=\"https:\/\/www.facebook.com\/sharer\/sharer.php?u=https:\/\/numero.com\/mode\/sabrina-carpenter-habillee-par-dior-pour-cocahella-2026\/\" class=\"facebook\" target=\"_blank\" rel=\"noopener\"><img decoding=\"async\" src=\"https:\/\/numero.com\/wp-content\/themes\/understrap-child-main\/src\/public\/images\/facebook.svg\" alt=\"facebook\"><\/a><br \/>\n\t\t\t\t\t\t\t<a href=\"https:\/\/twitter.com\/share?url=https:\/\/numero.com\/mode\/sabrina-carpenter-habillee-par-dior-pour-cocahella-2026\/\" class=\"twitter\" target=\"_blank\" rel=\"noopener\"><img decoding=\"async\" src=\"https:\/\/numero.com\/wp-content\/themes\/understrap-child-main\/src\/public\/images\/twitter.svg\" alt=\"twitter\"><\/a>\n\t\t\t\t\t\t<\/div>\n<p>\t\t\t\t\t\t<span class id=\"custom-tooltip\">Lien copi\u00e9<\/span><\/p>\n<div class=\"col-lg-10\">\n<div class=\"meta d-flex justify-content-between align-items-center\">\n<div class=\"cat\">\n\t\t\t\t\t\t\t\t\t<a class=\"cat-title\" href=\"https:\/\/numero.com\/category\/mode\/\">Mode<\/a>\t\t\t\t\t\t\t\t<\/div>\n<p class=\"date\">\n\t\t\t\t\t\t\t\t\t13 avr 2026\t\t\t\t\t\t\t\t<\/p>\n<\/p><\/div>\n<h1>Sabrina Carpenter enflamme Coachella en looks Dior<\/h1>\n<div class=\"introduction\">\n<p>Alors que Sabrina Carpenter a enfi\u00e9vr\u00e9 la sc\u00e8ne de Coachella ce vendredi 10 avril 2026, retour sur les looks de la chanteuse am\u00e9ricaine sign\u00e9s Dior par Jonathan Anderson.<\/p>\n<p><em>\u00a9 Alfredo Flores.<\/em><\/p>\n<\/div>\n<li class=\"credits d-flex\">\n<p>\n\t\t\t\t\t\t\t\t\t\t\tpar \t\t\t\t\t\t\t\t\t\t\t\t\t\t\t\t\t\t\t\t\t\t\t<a href=\"https:\/\/numero.com\/contributeur\/la-redaction\/\">La r\u00e9daction<\/a>.\t\t\t\t\t\t\t\t\t\t\t\t\t\t\t\t\t\t\t\t\t<\/p>\n<\/li>\n<div id=\"ads03\" class=\"mobile\">\n<div class=\"ad-wrapper\">\n<div class=\"ad interscroller desktop\">\n<\/div>\n<p><!-- \/21730003857\/numero-ad-unit\/numero-interscroller --><\/p>\n<div id=\"div-gpt-ad-1757521738078-0\">\n<p>        googletag.cmd.push(function () {<br \/>\n            googletag.display(&#8216;div-gpt-ad-1757521738078-0&#8217;);<br \/>\n        });<\/p>\n<\/div><\/div>\n<\/p><\/div>\n<p>\t\t\t\t\t\t\t&lt;!&#8211; <\/p>\n<div class=\"padding-bottom-s\">\n\t\t\t\t\t\t\t\t\t\t\t\t\t\t\t<\/div>\n<p> &#8211;&gt;<\/p>\n<figure data-wp-context='{\"imageId\":\"69dd0a8f1c51e\"}' data-wp-interactive=\"core\/image\" data-wp-key=\"69dd0a8f1c51e\" class=\"wp-block-image size-full wp-lightbox-container\"><img loading=\"lazy\" decoding=\"async\" width=\"675\" height=\"900\" data-wp-class--hide=\"state.isContentHidden\" data-wp-class--show=\"state.isContentVisible\" data-wp-init=\"callbacks.setButtonStyles\" data-wp-on--click=\"actions.showLightbox\" data-wp-on--load=\"callbacks.setButtonStyles\" data-wp-on-window--resize=\"callbacks.setButtonStyles\" src=\"https:\/\/numero.com\/wp-content\/uploads\/2026\/04\/sabrina-carpenter-dior-coachella2.jpg\" alt=\"sabrina carpenter en dior pour coachella 2026\" class=\"wp-image-828310\"><button class=\"lightbox-trigger\" type=\"button\" aria-haspopup=\"dialog\" aria-label=\"Agrandir\" data-wp-init=\"callbacks.initTriggerButton\" data-wp-on--click=\"actions.showLightbox\" data-wp-style--right=\"state.imageButtonRight\" data-wp-style--top=\"state.imageButtonTop\"><\/p>\n<p>\t\t<\/button><figcaption class=\"wp-element-caption\">Sabrina Carpenter en Dior \u00e0 Coachella en avril 2026. \u00a9 Alfredo Flores.<\/figcaption><\/figure>\n<h2 class=\"wp-block-heading\">Sabrina Carpenter et Dior, une histoire d\u2019amour naissante <\/h2>\n<p>Vendredi 10 avril 2026. Coup d\u2019envoi du festival <strong>Coachella<\/strong> dans le d\u00e9sert californien d\u2019Indio. La foule, d\u00e9j\u00e0 \u00e9lectrique, guette l\u2019arriv\u00e9e de la chanteuse am\u00e9ricaine <strong>Sabrina Carpenter<\/strong>. Connue pour ses performances cin\u00e9matographiques, la pop star s\u2019appr\u00eate \u00e0 livrer l\u2019un des shows les plus ambitieux de sa carri\u00e8re.\u00a0<\/p>\n<p>Port\u00e9e par une mise en sc\u00e8ne millim\u00e9tr\u00e9e et un storytelling m\u00e9ticuleusement ex\u00e9cut\u00e9, la chanteuse \u00e2g\u00e9e de 26 ans \u00e9volue dans un d\u00e9cor digne des plus grandes productions hollywoodiennes. Avec un show d\u2019une heure et demi, elle offre \u00e0 ses fans un moment de pure magie. Avec ces r\u00e9f\u00e9rences au Old Hollywood, le show irradie d\u2019un atmosph\u00e8re aussi vintage que sensuelle.<\/p>\n<p>Et <strong>Sabrina Carpenter<\/strong> ne s\u2019arr\u00eate pas l\u00e0. Elle pousse \u00e9galement le sens du d\u00e9tail jusque dans le choix de ses silhouettes, toutes sign\u00e9es <strong>Dior<\/strong> par <a href=\"https:\/\/numero.com\/portrait\/jonathan-anderson\/\" target=\"_blank\" rel=\"noreferrer noopener\">Jonathan Anderson<\/a>. Une collaboration qui s\u2019inscrit dans la continuit\u00e9 du d\u00e9fil\u00e9 <strong>Dior homme printemps-\u00e9t\u00e9 2026<\/strong>, en juin dernier, o\u00f9 elle \u00e9tait apparue dans un tailleur preppy. Un look comme une r\u00e9interpr\u00e9tation moderner du <strong>New Look<\/strong> embl\u00e9matique. En attendant de savoir si <a href=\"https:\/\/numero.com\/culture\/musique\/les-meilleures-performances-de-sabrina-carpenter\/\" target=\"_blank\" rel=\"noreferrer noopener\">Sabrina Carpenter<\/a>, retour sur les quatre looks de son premier concert \u00e0 Coachella.<\/p>\n<figure class=\"wp-block-embed is-type-video is-provider-youtube wp-block-embed-youtube wp-embed-aspect-16-9 wp-has-aspect-ratio\">\n<div class=\"wp-block-embed__wrapper\">\n<div class=\"cookieconsent-optout-statistics cookieconsent-optout-marketing\"><\/div>\n<\/div><figcaption class=\"wp-element-caption\">Sabrina Carpenter \u00e0 Coachella en 2026.<\/figcaption><\/figure>\n<h2 class=\"wp-block-heading\">Des looks Dior pens\u00e9s sur mesure <\/h2>\n<p>Aux c\u00f4t\u00e9s de <strong>Dior<\/strong>, <strong>Sabrina Carpenter<\/strong> op\u00e8re ainsi une masterclass d\u2019esth\u00e9tique glamour. Des silhouettes l\u00e9ch\u00e9es ultra cabaret, aux r\u00e9f\u00e9rences cin\u00e9matographiques pointues \u2013 de <a href=\"https:\/\/numero.com\/portrait\/nicole-kidman\/\" target=\"_blank\" rel=\"noreferrer noopener\">Nicole Kidman<\/a> dans <em>Moulin Rouge! <\/em>(2001), aux iconiques actrices <strong>Marilyn Monroe<\/strong> ou encore <strong>Natalie Wood<\/strong>.<\/p>\n<p>Tandis que les rivi\u00e8res de paillettes et de strass brod\u00e9s sur la mousseline d\u2019une microrobe rouge flamboyante c\u00f4toient un d\u00e9shabill\u00e9 immacul\u00e9 en satin de soie, le concert se d\u00e9ploie sans \u00e9cueil jusqu\u2019au climax de fin. Dans un d\u00e9cor de n\u00e9ons \u00e0 la Hollywood Boulevard, Sabrina Carpenter cl\u00f4ture sa perfomance avec l\u2019un de ses titres phares, <em><strong>Espresso<\/strong><\/em>. D\u00e9ambulant au milieu des musiciens et des danseurs, dans une petite tenue sur mesure sign\u00e9e Jonathan Anderson, elle incarne pleinement son personnage de pin-up am\u00e9ricaine.<\/p>\n<p>Le look en question ? Un body noir en tulle incrust\u00e9 de dentelle, rehauss\u00e9 d\u2019un d\u00e9collet\u00e9 en satin nou\u00e9 sur la poitrine. \u00c0 la fois r\u00e9tro et sensuel, chic et burlesque. Bref, <strong>Coachella<\/strong> s\u2019ouvre cette ann\u00e9e sur une d\u00e9monstration convaincante : l\u2019alliance <strong>Dior et Sabrina Carpenter<\/strong> semble partie pour durer.<\/p>\n<h2 class=\"wp-block-heading\">Les tenues de sc\u00e8ne de Sabrina Carpenter \u00e0 Coachella<\/h2>\n<figure class=\"wp-block-gallery has-nested-images columns-1 wp-block-gallery-3 is-layout-flex wp-block-gallery-is-layout-flex\">\n<figure data-wp-context='{\"imageId\":\"69dd0a8f1cb32\"}' data-wp-interactive=\"core\/image\" data-wp-key=\"69dd0a8f1cb32\" class=\"wp-block-image size-large wp-lightbox-container\"><img loading=\"lazy\" decoding=\"async\" width=\"800\" height=\"534\" data-wp-class--hide=\"state.isContentHidden\" data-wp-class--show=\"state.isContentVisible\" data-wp-init=\"callbacks.setButtonStyles\" data-wp-on--click=\"actions.showLightbox\" data-wp-on--load=\"callbacks.setButtonStyles\" data-wp-on-window--resize=\"callbacks.setButtonStyles\" data-id=\"828511\" src=\"https:\/\/numero.com\/wp-content\/uploads\/2026\/04\/SABRINA-CARPENTER-CLOSING-LOOK-%C2%A9-Alfredo-Flores-Sarah-Carpenter.jpg\" alt=\"Sabrina Carpenter en Dior \u00e0 Coachella en avril 2026. \u00a9 Kayla Bartkowski \/ Los Angeles Times via Getty Images.\" class=\"wp-image-828511\"><button class=\"lightbox-trigger\" type=\"button\" aria-haspopup=\"dialog\" aria-label=\"Agrandir\" data-wp-init=\"callbacks.initTriggerButton\" data-wp-on--click=\"actions.showLightbox\" data-wp-style--right=\"state.imageButtonRight\" data-wp-style--top=\"state.imageButtonTop\"><\/p>\n<p>\t\t<\/button><figcaption class=\"wp-element-caption\">Sabrina Carpenter en Dior \u00e0 Coachella en avril 2026. \u00a9 Kayla Bartkowski \/ Los Angeles Times via Getty Images.<\/figcaption><\/figure>\n<figure data-wp-context='{\"imageId\":\"69dd0a8f1ce0b\"}' data-wp-interactive=\"core\/image\" data-wp-key=\"69dd0a8f1ce0b\" class=\"wp-block-image size-large wp-lightbox-container\"><img decoding=\"async\" loading=\"lazy\" width=\"800\" height=\"656\" data-wp-class--hide=\"state.isContentHidden\" data-wp-class--show=\"state.isContentVisible\" data-wp-init=\"callbacks.setButtonStyles\" data-wp-on--click=\"actions.showLightbox\" data-wp-on--load=\"callbacks.setButtonStyles\" data-wp-on-window--resize=\"callbacks.setButtonStyles\" data-id=\"828513\" src=\"https:\/\/numero.com\/wp-content\/uploads\/2026\/04\/SABRINA-CARPENTER-LOOK-3-%C2%A9-Alfredo-Flores-Sarah-Carpenter.jpg\" alt=\"Sabrina Carpenter en Dior \u00e0 Coachella en avril 2026. \u00a9 Kayla Bartkowski \/ Los Angeles Times via Getty Images.\" class=\"wp-image-828513\"><button class=\"lightbox-trigger\" type=\"button\" aria-haspopup=\"dialog\" aria-label=\"Agrandir\" data-wp-init=\"callbacks.initTriggerButton\" data-wp-on--click=\"actions.showLightbox\" data-wp-style--right=\"state.imageButtonRight\" data-wp-style--top=\"state.imageButtonTop\"><\/p>\n<p>\t\t<\/button><figcaption class=\"wp-element-caption\">Sabrina Carpenter en Dior \u00e0 Coachella en avril 2026. \u00a9 Kayla Bartkowski \/ Los Angeles Times via Getty Images.<\/figcaption><\/figure>\n<figure data-wp-context='{\"imageId\":\"69dd0a8f1d0ec\"}' data-wp-interactive=\"core\/image\" data-wp-key=\"69dd0a8f1d0ec\" class=\"wp-block-image size-large wp-lightbox-container\"><img decoding=\"async\" loading=\"lazy\" width=\"800\" height=\"534\" data-wp-class--hide=\"state.isContentHidden\" data-wp-class--show=\"state.isContentVisible\" data-wp-init=\"callbacks.setButtonStyles\" data-wp-on--click=\"actions.showLightbox\" data-wp-on--load=\"callbacks.setButtonStyles\" data-wp-on-window--resize=\"callbacks.setButtonStyles\" data-id=\"828509\" src=\"https:\/\/numero.com\/wp-content\/uploads\/2026\/04\/SABRINA-CARPENTER-OPENING-LOOK-%C2%A9-Getty-Images.jpg\" alt=\"Sabrina Carpenter en Dior \u00e0 Coachella en avril 2026. \u00a9 Kayla Bartkowski \/ Los Angeles Times via Getty Images.\" class=\"wp-image-828509\"><button class=\"lightbox-trigger\" type=\"button\" aria-haspopup=\"dialog\" aria-label=\"Agrandir\" data-wp-init=\"callbacks.initTriggerButton\" data-wp-on--click=\"actions.showLightbox\" data-wp-style--right=\"state.imageButtonRight\" data-wp-style--top=\"state.imageButtonTop\"><\/p>\n<p>\t\t<\/button><figcaption class=\"wp-element-caption\">Sabrina Carpenter en Dior \u00e0 Coachella en avril 2026. \u00a9 Kayla Bartkowski \/ Los Angeles Times via Getty Images.<\/figcaption><\/figure>\n<\/figure>\n<figure class=\"wp-block-gallery has-nested-images columns-1 wp-block-gallery-4 is-layout-flex wp-block-gallery-is-layout-flex\">\n<figure data-wp-context='{\"imageId\":\"69dd0a8f1d4ab\"}' data-wp-interactive=\"core\/image\" data-wp-key=\"69dd0a8f1d4ab\" class=\"wp-block-image size-large wp-lightbox-container\"><img decoding=\"async\" loading=\"lazy\" width=\"675\" height=\"900\" data-wp-class--hide=\"state.isContentHidden\" data-wp-class--show=\"state.isContentVisible\" data-wp-init=\"callbacks.setButtonStyles\" data-wp-on--click=\"actions.showLightbox\" data-wp-on--load=\"callbacks.setButtonStyles\" data-wp-on-window--resize=\"callbacks.setButtonStyles\" data-id=\"828495\" src=\"https:\/\/numero.com\/wp-content\/uploads\/2026\/04\/sabrina-carpenter-dior-coachella1-1.jpg\" alt=\"body Dior pour Sabrina Carpenter \u00e0 Coachella\" class=\"wp-image-828495\"><button class=\"lightbox-trigger\" type=\"button\" aria-haspopup=\"dialog\" aria-label=\"Agrandir\" data-wp-init=\"callbacks.initTriggerButton\" data-wp-on--click=\"actions.showLightbox\" data-wp-style--right=\"state.imageButtonRight\" data-wp-style--top=\"state.imageButtonTop\"><\/p>\n<p>\t\t<\/button><figcaption class=\"wp-element-caption\">Body Dior pour Sabrina Carpenter. \u00a9 Sophie Carre.<\/figcaption><\/figure>\n<figure data-wp-context='{\"imageId\":\"69dd0a8f1d77a\"}' data-wp-interactive=\"core\/image\" data-wp-key=\"69dd0a8f1d77a\" class=\"wp-block-image size-large wp-lightbox-container\"><img decoding=\"async\" loading=\"lazy\" width=\"675\" height=\"900\" data-wp-class--hide=\"state.isContentHidden\" data-wp-class--show=\"state.isContentVisible\" data-wp-init=\"callbacks.setButtonStyles\" data-wp-on--click=\"actions.showLightbox\" data-wp-on--load=\"callbacks.setButtonStyles\" data-wp-on-window--resize=\"callbacks.setButtonStyles\" data-id=\"828497\" src=\"https:\/\/numero.com\/wp-content\/uploads\/2026\/04\/sabrina-carpenter-dior-coachella2-1.jpg\" alt=\"haut Dior pour Sabrina Carpenter \u00e0 Coachella\" class=\"wp-image-828497\"><button class=\"lightbox-trigger\" type=\"button\" aria-haspopup=\"dialog\" aria-label=\"Agrandir\" data-wp-init=\"callbacks.initTriggerButton\" data-wp-on--click=\"actions.showLightbox\" data-wp-style--right=\"state.imageButtonRight\" data-wp-style--top=\"state.imageButtonTop\"><\/p>\n<p>\t\t<\/button><figcaption class=\"wp-element-caption\">Top Dior pour Sabrina Carpenter. \u00a9 Sophie Carre.<\/figcaption><\/figure>\n<figure data-wp-context='{\"imageId\":\"69dd0a8f1da3d\"}' data-wp-interactive=\"core\/image\" data-wp-key=\"69dd0a8f1da3d\" class=\"wp-block-image size-large wp-lightbox-container\"><img decoding=\"async\" loading=\"lazy\" width=\"675\" height=\"900\" data-wp-class--hide=\"state.isContentHidden\" data-wp-class--show=\"state.isContentVisible\" data-wp-init=\"callbacks.setButtonStyles\" data-wp-on--click=\"actions.showLightbox\" data-wp-on--load=\"callbacks.setButtonStyles\" data-wp-on-window--resize=\"callbacks.setButtonStyles\" data-id=\"828499\" src=\"https:\/\/numero.com\/wp-content\/uploads\/2026\/04\/sabrina-carpenter-dior-coachella3.jpg\" alt=\"jupe Dior pour Sabrina Carpenter \u00e0 Coachella\" class=\"wp-image-828499\"><button class=\"lightbox-trigger\" type=\"button\" aria-haspopup=\"dialog\" aria-label=\"Agrandir\" data-wp-init=\"callbacks.initTriggerButton\" data-wp-on--click=\"actions.showLightbox\" data-wp-style--right=\"state.imageButtonRight\" data-wp-style--top=\"state.imageButtonTop\"><\/p>\n<p>\t\t<\/button><figcaption class=\"wp-element-caption\">Jupe Dior pour Sabrina Carpenter. \u00a9 Sophie Carre.<\/figcaption><\/figure>\n<figure data-wp-context='{\"imageId\":\"69dd0a8f1de1f\"}' data-wp-interactive=\"core\/image\" data-wp-key=\"69dd0a8f1de1f\" class=\"wp-block-image size-large wp-lightbox-container\"><img decoding=\"async\" loading=\"lazy\" width=\"675\" height=\"900\" data-wp-class--hide=\"state.isContentHidden\" data-wp-class--show=\"state.isContentVisible\" data-wp-init=\"callbacks.setButtonStyles\" data-wp-on--click=\"actions.showLightbox\" data-wp-on--load=\"callbacks.setButtonStyles\" data-wp-on-window--resize=\"callbacks.setButtonStyles\" data-id=\"828501\" src=\"https:\/\/numero.com\/wp-content\/uploads\/2026\/04\/sabrina-carpenter-dior-coachella4.jpg\" alt=\"robe Dior pour Sabrina Carpenter \u00e0 Coachella\" class=\"wp-image-828501\"><button class=\"lightbox-trigger\" type=\"button\" aria-haspopup=\"dialog\" aria-label=\"Agrandir\" data-wp-init=\"callbacks.initTriggerButton\" data-wp-on--click=\"actions.showLightbox\" data-wp-style--right=\"state.imageButtonRight\" data-wp-style--top=\"state.imageButtonTop\"><\/p>\n<p>\t\t<\/button><figcaption class=\"wp-element-caption\">Robe Dior pour Sabrina Carpenter. \u00a9 Sophie Carre.<\/figcaption><\/figure>\n<\/figure><\/div>\n<\/p><\/div>\n<div class=\"col-lg-3\">\n<div class=\"suggested-posts padding-top-s\">\n<div class=\"title\">Recommand\u00e9<\/div>\n<div class=\"post-card\">\n\t\t\t\t\t\t\t\t\t\t<a class=\"post-link d-flex\" href=\"https:\/\/numero.com\/culture\/musique\/la-playlist-d-avril-2026\/\"><\/p>\n<div class=\"container-img\">\n\t\t\t\t\t\t\t\t\t\t\t\t<img decoding=\"async\" width=\"640\" height=\"804\" src=\"https:\/\/numero.com\/wp-content\/uploads\/2026\/04\/lady-gaga-768x965.jpg\" class=\"img-fluid\" alt=\"Lady Gaga.\" loading=\"lazy\">\t\t\t\t\t\t\t\t\t\t\t\t<\/p>\n<p class=\"number\">10<\/p>\n<\/p><\/div>\n<div class=\"card-info d-flex\">\n<div>\n<p class=\"cat-title\">Musique<\/p>\n<h3 class=\"post-title\">La playlist d\u2019avril 2026 avec Lady Gaga, The Strokes et Anne Hathaway<\/h3>\n<\/p><\/div>\n<p class=\"date\">\n\t\t\t\t\t\t\t\t\t\t\t\t\t10 avr 2026\t\t\t\t\t\t\t\t\t\t\t\t<\/p>\n<\/p><\/div>\n<p>\t\t\t\t\t\t\t\t\t\t<\/a>\n\t\t\t\t\t\t\t\t\t<\/div>\n<div class=\"post-card\">\n\t\t\t\t\t\t\t\t\t\t<a class=\"post-link d-flex\" href=\"https:\/\/numero.com\/lifestyle\/l-analogique-est-de-nouveau-tendance\/\"><\/p>\n<div class=\"container-img\">\n\t\t\t\t\t\t\t\t\t\t\t\t<img decoding=\"async\" width=\"640\" height=\"804\" src=\"https:\/\/numero.com\/wp-content\/uploads\/2026\/02\/zoe-kravitz-high-fidelity2-768x965.jpg\" class=\"img-fluid\" alt=\"Zo\u00eb Kravitz dans la s\u00e9rie High Fidelity.\" loading=\"lazy\">\t\t\t\t\t\t\t\t\t\t\t\t<\/p>\n<p class=\"number\">4<\/p>\n<\/p><\/div>\n<div class=\"card-info d-flex\">\n<div>\n<p class=\"cat-title\">Lifestyle<\/p>\n<h3 class=\"post-title\">Que faut-il penser de la tendance du retour \u00e0 l\u2019analogique ?<\/h3>\n<\/p><\/div>\n<p class=\"date\">\n\t\t\t\t\t\t\t\t\t\t\t\t\t4 f\u00e9v 2026\t\t\t\t\t\t\t\t\t\t\t\t<\/p>\n<\/p><\/div>\n<p>\t\t\t\t\t\t\t\t\t\t<\/a>\n\t\t\t\t\t\t\t\t\t<\/div>\n<div class=\"post-card\">\n\t\t\t\t\t\t\t\t\t\t<a class=\"post-link d-flex\" href=\"https:\/\/numero.com\/culture\/musique\/les-meilleures-performances-de-coachella-2026\/\"><\/p>\n<div class=\"container-img\">\n\t\t\t\t\t\t\t\t\t\t\t\t<img decoding=\"async\" width=\"640\" height=\"804\" src=\"https:\/\/numero.com\/wp-content\/uploads\/2026\/04\/Sabrina-Carpenter-Coachella-2026--768x965.jpg\" class=\"img-fluid\" alt=\"Sabrina Carpenter au festival Coachella, le 10 avril 2026. \u00a9 Kevin Mazur\/Getty Images pour Coachella.\" loading=\"lazy\">\t\t\t\t\t\t\t\t\t\t\t\t<\/p>\n<p class=\"number\">13<\/p>\n<\/p><\/div>\n<div class=\"card-info d-flex\">\n<div>\n<p class=\"cat-title\">Musique<\/p>\n<h3 class=\"post-title\">Coachella 2026 : les meilleures performances du festival, de Sabrina Carpenter \u00e0 Addison Rae\u00a0<\/h3>\n<\/p><\/div>\n<p class=\"date\">\n\t\t\t\t\t\t\t\t\t\t\t\t\t13 avr 2026\t\t\t\t\t\t\t\t\t\t\t\t<\/p>\n<\/p><\/div>\n<p>\t\t\t\t\t\t\t\t\t\t<\/a>\n\t\t\t\t\t\t\t\t\t<\/div>\n<div class=\"post-card\">\n\t\t\t\t\t\t\t\t\t\t<a class=\"post-link d-flex\" href=\"https:\/\/numero.com\/culture\/musique\/festival-coachella-2026-programmation\/\"><\/p>\n<div class=\"container-img\">\n\t\t\t\t\t\t\t\t\t\t\t\t<img decoding=\"async\" width=\"640\" height=\"804\" src=\"https:\/\/numero.com\/wp-content\/uploads\/2025\/09\/sabrina-carpenter-coachella2-768x965.jpg\" class=\"img-fluid\" alt=\"Sabrina Carpenter en concert.\" loading=\"lazy\">\t\t\t\t\t\t\t\t\t\t\t\t<\/p>\n<p class=\"number\">30<\/p>\n<\/p><\/div>\n<div class=\"card-info d-flex\">\n<div>\n<p class=\"cat-title\">Musique<\/p>\n<h3 class=\"post-title\">Coachella 2026 : que nous r\u00e9serve la nouvelle \u00e9dition du festival ?<\/h3>\n<\/p><\/div>\n<p class=\"date\">\n\t\t\t\t\t\t\t\t\t\t\t\t\t30 mars 2026\t\t\t\t\t\t\t\t\t\t\t\t<\/p>\n<\/p><\/div>\n<p>\t\t\t\t\t\t\t\t\t\t<\/a>\n\t\t\t\t\t\t\t\t\t<\/div>\n<\/p><\/div>\n<\/p><\/div>\n<\/p><\/div>\n<div class=\"padding-top-s\">\n<div class=\"ad banner desktop\">\n<div class=\"container\">\n<div class=\"row\">\n            <!-- \/21730003857\/numero-ad-unit\/numero-banner-1 --><\/p>\n<div id=\"div-gpt-ad-1757006327907-0\" style=\"min-width: 350px\">\n<p>                    googletag.cmd.push(function () {<br \/>\n                        googletag.display(&#8216;div-gpt-ad-1757006327907-0&#8217;);<br \/>\n                    });<\/p><\/div>\n<\/p><\/div>\n<\/p><\/div>\n<\/div><\/div>\n<\/p><\/div>\n<\/section>\n<p>        <button class=\"btn-newsletter btn-outline-white my-5\" id=\"open-modal-newsletter\">Inscrivez-vous \u00e0 la newsletter<\/button>\t\t<\/p>\n<section class=\"related-posts post-list padding-top-m padding-bottom-s\">\n<div class=\"container\">\n<h2 class=\"title mx-auto\">\u00c0 lire aussi<\/h2>\n<div class=\"row\">\n<div class=\"col-lg-3\">\n<div class=\"post-card desktop\">\n\t\t\t\t\t\t\t\t\t\t<a class=\"post-link\" href=\"https:\/\/numero.com\/culture\/musique\/les-meilleures-performances-de-coachella-2026\/\"><\/p>\n<div class=\"container-img\">\n\t\t\t\t\t\t\t\t\t\t\t\t<img decoding=\"async\" width=\"640\" height=\"804\" src=\"https:\/\/numero.com\/wp-content\/uploads\/2026\/04\/Sabrina-Carpenter-Coachella-2026--768x965.jpg\" class=\"img-fluid\" alt=\"Sabrina Carpenter au festival Coachella, le 10 avril 2026. \u00a9 Kevin Mazur\/Getty Images pour Coachella.\" loading=\"lazy\">\t\t\t\t\t\t\t\t\t\t\t\t<\/p>\n<div class=\"number\">13<\/div>\n<\/p><\/div>\n<div class=\"card-info\">\n<div class=\"meta d-flex justify-content-between\">\n<p class=\"cat-title\">Musique<\/p>\n<p class=\"date\">\n\t\t\t\t\t\t\t\t\t\t\t\t\t\t13 avr 2026\t\t\t\t\t\t\t\t\t\t\t\t\t<\/p>\n<\/p><\/div>\n<div class=\"post-title\">Coachella 2026 : les meilleures performances du festival, de Sabrina Carpenter \u00e0 Addison Rae\u00a0<\/div>\n<\/p><\/div>\n<p>\t\t\t\t\t\t\t\t\t\t<\/a>\n\t\t\t\t\t\t\t\t\t<\/div>\n<div class=\"post-card mobile\">\n\t\t\t\t\t\t\t\t\t\t<a class=\"post-link d-flex\" href=\"https:\/\/numero.com\/culture\/musique\/les-meilleures-performances-de-coachella-2026\/\"><\/p>\n<div class=\"container-img\">\n\t\t\t\t\t\t\t\t\t\t\t\t<img decoding=\"async\" width=\"640\" height=\"804\" src=\"https:\/\/numero.com\/wp-content\/uploads\/2026\/04\/Sabrina-Carpenter-Coachella-2026--768x965.jpg\" class=\"img-fluid\" alt=\"Sabrina Carpenter au festival Coachella, le 10 avril 2026. \u00a9 Kevin Mazur\/Getty Images pour Coachella.\" loading=\"lazy\">\t\t\t\t\t\t\t\t\t\t\t\t<\/p>\n<div class=\"number\">13<\/div>\n<\/p><\/div>\n<div class=\"card-info d-flex\">\n<div>\n<p class=\"cat-title\">Musique<\/p>\n<h3 class=\"post-title\">Coachella 2026 : les meilleures performances du festival, de Sabrina Carpenter \u00e0 Addison Rae\u00a0<\/h3>\n<\/p><\/div>\n<p class=\"date\">\n\t\t\t\t\t\t\t\t\t\t\t\t\t13 avr 2026\t\t\t\t\t\t\t\t\t\t\t\t<\/p>\n<\/p><\/div>\n<p>\t\t\t\t\t\t\t\t\t\t<\/a>\n\t\t\t\t\t\t\t\t\t<\/div>\n<\/p><\/div>\n<div class=\"col-lg-3\">\n<div class=\"post-card desktop\">\n\t\t\t\t\t\t\t\t\t\t<a class=\"post-link\" href=\"https:\/\/numero.com\/culture\/musique\/la-playlist-d-avril-2026\/\"><\/p>\n<div class=\"container-img\">\n\t\t\t\t\t\t\t\t\t\t\t\t<img decoding=\"async\" width=\"640\" height=\"804\" src=\"https:\/\/numero.com\/wp-content\/uploads\/2026\/04\/lady-gaga-768x965.jpg\" class=\"img-fluid\" alt=\"Lady Gaga.\" loading=\"lazy\">\t\t\t\t\t\t\t\t\t\t\t\t<\/p>\n<div class=\"number\">10<\/div>\n<\/p><\/div>\n<div class=\"card-info\">\n<div class=\"meta d-flex justify-content-between\">\n<p class=\"cat-title\">Musique<\/p>\n<p class=\"date\">\n\t\t\t\t\t\t\t\t\t\t\t\t\t\t10 avr 2026\t\t\t\t\t\t\t\t\t\t\t\t\t<\/p>\n<\/p><\/div>\n<div class=\"post-title\">La playlist d\u2019avril 2026 avec Lady Gaga, The Strokes et Anne Hathaway<\/div>\n<\/p><\/div>\n<p>\t\t\t\t\t\t\t\t\t\t<\/a>\n\t\t\t\t\t\t\t\t\t<\/div>\n<div class=\"post-card mobile\">\n\t\t\t\t\t\t\t\t\t\t<a class=\"post-link d-flex\" href=\"https:\/\/numero.com\/culture\/musique\/la-playlist-d-avril-2026\/\"><\/p>\n<div class=\"container-img\">\n\t\t\t\t\t\t\t\t\t\t\t\t<img decoding=\"async\" width=\"640\" height=\"804\" src=\"https:\/\/numero.com\/wp-content\/uploads\/2026\/04\/lady-gaga-768x965.jpg\" class=\"img-fluid\" alt=\"Lady Gaga.\" loading=\"lazy\">\t\t\t\t\t\t\t\t\t\t\t\t<\/p>\n<div class=\"number\">10<\/div>\n<\/p><\/div>\n<div class=\"card-info d-flex\">\n<div>\n<p class=\"cat-title\">Musique<\/p>\n<h3 class=\"post-title\">La playlist d\u2019avril 2026 avec Lady Gaga, The Strokes et Anne Hathaway<\/h3>\n<\/p><\/div>\n<p class=\"date\">\n\t\t\t\t\t\t\t\t\t\t\t\t\t10 avr 2026\t\t\t\t\t\t\t\t\t\t\t\t<\/p>\n<\/p><\/div>\n<p>\t\t\t\t\t\t\t\t\t\t<\/a>\n\t\t\t\t\t\t\t\t\t<\/div>\n<\/p><\/div>\n<div class=\"col-lg-3\">\n<div class=\"post-card desktop\">\n\t\t\t\t\t\t\t\t\t\t<a class=\"post-link\" href=\"https:\/\/numero.com\/culture\/musique\/festival-coachella-2025-meilleures-performances\/\"><\/p>\n<div class=\"container-img\">\n\t\t\t\t\t\t\t\t\t\t\t\t<img decoding=\"async\" width=\"640\" height=\"804\" src=\"https:\/\/numero.com\/wp-content\/uploads\/2025\/04\/thumb-charli-xcx-coachella-2025-guess-jeans-numero-magazine-768x965.png\" class=\"img-fluid\" alt=\"Charli xcx prend la pose pendant le DJ set Coachella de la marque Guess Jeans.\" loading=\"lazy\">\t\t\t\t\t\t\t\t\t\t\t\t<\/p>\n<div class=\"number\">10<\/div>\n<\/p><\/div>\n<div class=\"card-info\">\n<div class=\"meta d-flex justify-content-between\">\n<p class=\"cat-title\">Musique<\/p>\n<p class=\"date\">\n\t\t\t\t\t\t\t\t\t\t\t\t\t\t10 avr 2026\t\t\t\t\t\t\t\t\t\t\t\t\t<\/p>\n<\/p><\/div>\n<div class=\"post-title\">Revivez les meilleures performances de Coachella 2025 avant l\u2019\u00e9dition 2026<\/div>\n<\/p><\/div>\n<p>\t\t\t\t\t\t\t\t\t\t<\/a>\n\t\t\t\t\t\t\t\t\t<\/div>\n<div class=\"post-card mobile\">\n\t\t\t\t\t\t\t\t\t\t<a class=\"post-link d-flex\" href=\"https:\/\/numero.com\/culture\/musique\/festival-coachella-2025-meilleures-performances\/\"><\/p>\n<div class=\"container-img\">\n\t\t\t\t\t\t\t\t\t\t\t\t<img decoding=\"async\" width=\"640\" height=\"804\" src=\"https:\/\/numero.com\/wp-content\/uploads\/2025\/04\/thumb-charli-xcx-coachella-2025-guess-jeans-numero-magazine-768x965.png\" class=\"img-fluid\" alt=\"Charli xcx prend la pose pendant le DJ set Coachella de la marque Guess Jeans.\" loading=\"lazy\">\t\t\t\t\t\t\t\t\t\t\t\t<\/p>\n<div class=\"number\">10<\/div>\n<\/p><\/div>\n<div class=\"card-info d-flex\">\n<div>\n<p class=\"cat-title\">Musique<\/p>\n<h3 class=\"post-title\">Revivez les meilleures performances de Coachella 2025 avant l\u2019\u00e9dition 2026<\/h3>\n<\/p><\/div>\n<p class=\"date\">\n\t\t\t\t\t\t\t\t\t\t\t\t\t10 avr 2026\t\t\t\t\t\t\t\t\t\t\t\t<\/p>\n<\/p><\/div>\n<p>\t\t\t\t\t\t\t\t\t\t<\/a>\n\t\t\t\t\t\t\t\t\t<\/div>\n<\/p><\/div>\n<div class=\"col-lg-3\">\n<div class=\"post-card desktop\">\n\t\t\t\t\t\t\t\t\t\t<a class=\"post-link\" href=\"https:\/\/numero.com\/culture\/musique\/les-meilleures-concerts-de-coachella\/\"><\/p>\n<div class=\"container-img\">\n\t\t\t\t\t\t\t\t\t\t\t\t<img decoding=\"async\" width=\"640\" height=\"804\" src=\"https:\/\/numero.com\/wp-content\/uploads\/2025\/04\/beyonce-coachella-1-768x965.jpg\" class=\"img-fluid\" alt=\"Beyonc\u00e9 en concert \u00e0 Coachella.\" loading=\"lazy\">\t\t\t\t\t\t\t\t\t\t\t\t<\/p>\n<div class=\"number\">09<\/div>\n<\/p><\/div>\n<div class=\"card-info\">\n<div class=\"meta d-flex justify-content-between\">\n<p class=\"cat-title\">Musique<\/p>\n<p class=\"date\">\n\t\t\t\t\t\t\t\t\t\t\t\t\t\t9 avr 2026\t\t\t\t\t\t\t\t\t\t\t\t\t<\/p>\n<\/p><\/div>\n<div class=\"post-title\">Coachella : les meilleures performances de tous les temps, de Beyonc\u00e9 \u00e0 Daft Punk<\/div>\n<\/p><\/div>\n<p>\t\t\t\t\t\t\t\t\t\t<\/a>\n\t\t\t\t\t\t\t\t\t<\/div>\n<div class=\"post-card mobile\">\n\t\t\t\t\t\t\t\t\t\t<a class=\"post-link d-flex\" href=\"https:\/\/numero.com\/culture\/musique\/les-meilleures-concerts-de-coachella\/\"><\/p>\n<div class=\"container-img\">\n\t\t\t\t\t\t\t\t\t\t\t\t<img decoding=\"async\" width=\"640\" height=\"804\" src=\"https:\/\/numero.com\/wp-content\/uploads\/2025\/04\/beyonce-coachella-1-768x965.jpg\" class=\"img-fluid\" alt=\"Beyonc\u00e9 en concert \u00e0 Coachella.\" loading=\"lazy\">\t\t\t\t\t\t\t\t\t\t\t\t<\/p>\n<div class=\"number\">09<\/div>\n<\/p><\/div>\n<div class=\"card-info d-flex\">\n<div>\n<p class=\"cat-title\">Musique<\/p>\n<h3 class=\"post-title\">Coachella : les meilleures performances de tous les temps, de Beyonc\u00e9 \u00e0 Daft Punk<\/h3>\n<\/p><\/div>\n<p class=\"date\">\n\t\t\t\t\t\t\t\t\t\t\t\t\t9 avr 2026\t\t\t\t\t\t\t\t\t\t\t\t<\/p>\n<\/p><\/div>\n<p>\t\t\t\t\t\t\t\t\t\t<\/a>\n\t\t\t\t\t\t\t\t\t<\/div>\n<\/p><\/div>\n<\/p><\/div>\n<\/p><\/div>\n<\/section>\n<div class=\"padding-bottom-s\">\n<div class=\"ad banner desktop\">\n<div class=\"container\">\n<div class=\"row\">\n            <!-- \/21730003857\/numero-ad-unit\/numero-banner-1 --><\/p>\n<div id=\"div-gpt-ad-1757006327907-0\" style=\"min-width: 350px\">\n<p>                    googletag.cmd.push(function () {<br \/>\n                        googletag.display(&#8216;div-gpt-ad-1757006327907-0&#8217;);<br \/>\n                    });<\/p><\/div>\n<\/p><\/div>\n<\/p><\/div>\n<\/div><\/div>\n<\/p><\/div>\n","protected":false},"excerpt":{"rendered":"<p>13 13 googletag.cmd.push(function () { googletag.display(&#8216;div-gpt-ad-1757063143832-0&#8217;); }); Lien copi\u00e9 Mode 13 avr 2026 Sabrina Carpenter enflamme Coachella en looks Dior Alors que Sabrina Carpenter a enfi\u00e9vr\u00e9 la sc\u00e8ne de Coachella ce vendredi 10 avril 2026, retour sur les looks de la chanteuse am\u00e9ricaine sign\u00e9s Dior par Jonathan Anderson. \u00a9 Alfredo Flores. par La r\u00e9daction. googletag.cmd.push(function [&hellip;]<\/p>\n","protected":false},"author":1,"featured_media":0,"comment_status":"open","ping_status":"","sticky":false,"template":"","format":"standard","meta":{"footnotes":""},"categories":[1],"tags":[226,258],"class_list":["post-1879992","post","type-post","status-publish","format-standard","hentry","category-uncategorized","tag-crawlmanager","tag-numero-com"],"_links":{"self":[{"href":"https:\/\/analyse.optim.biz\/index.php?rest_route=\/wp\/v2\/posts\/1879992","targetHints":{"allow":["GET"]}}],"collection":[{"href":"https:\/\/analyse.optim.biz\/index.php?rest_route=\/wp\/v2\/posts"}],"about":[{"href":"https:\/\/analyse.optim.biz\/index.php?rest_route=\/wp\/v2\/types\/post"}],"author":[{"embeddable":true,"href":"https:\/\/analyse.optim.biz\/index.php?rest_route=\/wp\/v2\/users\/1"}],"replies":[{"embeddable":true,"href":"https:\/\/analyse.optim.biz\/index.php?rest_route=%2Fwp%2Fv2%2Fcomments&post=1879992"}],"version-history":[{"count":0,"href":"https:\/\/analyse.optim.biz\/index.php?rest_route=\/wp\/v2\/posts\/1879992\/revisions"}],"wp:attachment":[{"href":"https:\/\/analyse.optim.biz\/index.php?rest_route=%2Fwp%2Fv2%2Fmedia&parent=1879992"}],"wp:term":[{"taxonomy":"category","embeddable":true,"href":"https:\/\/analyse.optim.biz\/index.php?rest_route=%2Fwp%2Fv2%2Fcategories&post=1879992"},{"taxonomy":"post_tag","embeddable":true,"href":"https:\/\/analyse.optim.biz\/index.php?rest_route=%2Fwp%2Fv2%2Ftags&post=1879992"}],"curies":[{"name":"wp","href":"https:\/\/api.w.org\/{rel}","templated":true}]}}