{"id":187995,"date":"2015-01-20T10:14:31","date_gmt":"2015-01-20T07:14:31","guid":{"rendered":"https:\/\/analyse.optim.biz\/?p=187995"},"modified":"2015-01-20T10:14:31","modified_gmt":"2015-01-20T07:14:31","slug":"surse-victor-ponta-si-a-anulat-vizita-la-chisinau","status":"publish","type":"post","link":"https:\/\/analyse.optim.biz\/?p=187995","title":{"rendered":"SURSE: Victor Ponta \u0219i-a anulat vizita la Chi\u0219in\u0103u\u00a0"},"content":{"rendered":"<div class=\"entry data-app-meta data-app-meta-article\" data-embed-base-url-canonical=\"https:\/\/www.digi24.ro\/embed\/stiri\/actualitate\/politica\/surse-victor-ponta-si-a-anulat-vizita-la-chisinau-349132\">\n<p data-index=\"1\"><strong>UPDATE 14.00<\/strong> Premierul Victor Ponta \u0219i-a anulat \u201evizita-fulger\u201d la Chi\u0219in\u0103u din cauza instabilit\u0103\u021bii politice.\u00a0<\/p>\n<hr>\n<p data-index=\"2\">Portalul de \u015ftiri din Moldova\u00a0Unimedia.info a transmis, cit\u00e2nd unele surse, c\u0103 premierul Ponta va efectua o \u201evizit\u0103-fulger\u201d la Chi\u015fin\u0103u.<\/p>\n<p data-index=\"3\"><strong>\u201ePremierul a avut, luni, unele convorbiri telefonice legate de o astfel de vizit\u0103\u201d, au precizat, de asemenea,\u00a0surse politice\u00a0pentru Mediafax.\u00a0<\/strong><\/p>\n<p data-index=\"4\">\u015ei Radio Chi\u015fin\u0103u a informat, cit\u00e2nd surse din cadrul partidelor pro-europene, c\u0103 un grup de politicieni europeni se va afla, mar\u0163i,\u00a0la Chi\u015fin\u0103u, pentru a discuta cu partidele parlamentare despre situa\u0163ia politic\u0103 din Republica Moldova.<\/p>\n<p data-index=\"5\"><strong>Potrivit surselor, din delega\u0163ie ar fi urmat s\u0103 fac\u0103 parte premierul rom\u00e2n\u00a0Victor Ponta, pre\u015fedintele comisiei pentru politic\u0103 extern\u0103 a Parlamentului European, Elmar Brok, pre\u015fedintele Alian\u0163ei Partidelor Liberale \u015fi Democrate pentru Europa (ALDE), Graham Watson, precum \u015fi un reprezentant al sociali\u015ftilor europeni.<\/strong><\/p>\n<p data-index=\"6\"><strong>Klaus Iohannis \u0219i-a am\u00e2nat ieri vizita<\/strong><\/p>\n<p data-index=\"7\">De altfel, luni Administra\u021bia Preziden\u021bial\u0103 a confirmat c\u0103 vizita lui Klaus Iohannis la Chi\u0219in\u0103u, programat\u0103 pentru 22-23 ianuarie, va fi am\u00e2nat\u0103.<\/p>\n<p data-index=\"8\">Pre\u0219edintele Klaus Iohannis a vorbit la telefon cu omologul s\u0103u moldovean, Nicolae Timofti, despre \u201econtextul politic postelectoral din Republica Moldova \u0219i negocierile \u00een vederea alc\u0103tuirii unui nou guvern\u201d, se arat\u0103 \u00eentr-un comunicat al pre\u0219edin\u021biei.<\/p>\n<p data-index=\"9\">\u201e<span><strong>Cei doi \u0219efi de stat au fost de acord c\u0103 \u00een prezent nu sunt \u00eentrunite \u00een Republica Moldova condi\u021biile pentru vizita de stat a Pre\u0219edintelui Rom\u00e2niei,<\/strong> programat\u0103 ini\u021bial pentru 22-23 ianuarie a.c. Ambii \u00eenal\u021bi oficiali au opinat c\u0103 alegerea conducerii Parlamentului \u0219i validarea unui guvern la Chi\u0219in\u0103u vor asigura condi\u021biile unui dialog politic cuprinz\u0103tor \u0219i pragmatic, orientat spre sus\u021binerea parcursului european al Republicii Moldova. \u00cen final, s-a convenit ca vizita de stat la Chi\u0219in\u0103u a Pre\u0219edintelui Rom\u00e2niei, domnul Klaus Iohannis, s\u0103 aib\u0103 loc \u00een perioada imediat urm\u0103toare instal\u0103rii noului guvern\u201d, se mai arat\u0103 \u00een comunicat.<\/span><\/p>\n<\/div>\n<p> Source URL: https:\/\/www.digi24.ro\/stiri\/actualitate\/politica\/surse-victor-ponta-si-a-anulat-vizita-la-chisinau-349132<\/p>\n","protected":false},"excerpt":{"rendered":"<p>UPDATE 14.00 Premierul Victor Ponta \u0219i-a anulat \u201evizita-fulger\u201d la Chi\u0219in\u0103u din cauza instabilit\u0103\u021bii politice.\u00a0 Portalul de \u015ftiri din Moldova\u00a0Unimedia.info a transmis, cit\u00e2nd unele surse, c\u0103 premierul Ponta va efectua o \u201evizit\u0103-fulger\u201d la Chi\u015fin\u0103u. \u201ePremierul a avut, luni, unele convorbiri telefonice legate de o astfel de vizit\u0103\u201d, au precizat, de asemenea,\u00a0surse politice\u00a0pentru Mediafax.\u00a0 \u015ei Radio Chi\u015fin\u0103u [&hellip;]<\/p>\n","protected":false},"author":1,"featured_media":187996,"comment_status":"open","ping_status":"","sticky":false,"template":"","format":"standard","meta":{"footnotes":""},"categories":[2],"tags":[11],"class_list":["post-187995","post","type-post","status-publish","format-standard","has-post-thumbnail","hentry","category-politics","tag-digi24"],"_links":{"self":[{"href":"https:\/\/analyse.optim.biz\/index.php?rest_route=\/wp\/v2\/posts\/187995","targetHints":{"allow":["GET"]}}],"collection":[{"href":"https:\/\/analyse.optim.biz\/index.php?rest_route=\/wp\/v2\/posts"}],"about":[{"href":"https:\/\/analyse.optim.biz\/index.php?rest_route=\/wp\/v2\/types\/post"}],"author":[{"embeddable":true,"href":"https:\/\/analyse.optim.biz\/index.php?rest_route=\/wp\/v2\/users\/1"}],"replies":[{"embeddable":true,"href":"https:\/\/analyse.optim.biz\/index.php?rest_route=%2Fwp%2Fv2%2Fcomments&post=187995"}],"version-history":[{"count":0,"href":"https:\/\/analyse.optim.biz\/index.php?rest_route=\/wp\/v2\/posts\/187995\/revisions"}],"wp:featuredmedia":[{"embeddable":true,"href":"https:\/\/analyse.optim.biz\/index.php?rest_route=\/wp\/v2\/media\/187996"}],"wp:attachment":[{"href":"https:\/\/analyse.optim.biz\/index.php?rest_route=%2Fwp%2Fv2%2Fmedia&parent=187995"}],"wp:term":[{"taxonomy":"category","embeddable":true,"href":"https:\/\/analyse.optim.biz\/index.php?rest_route=%2Fwp%2Fv2%2Fcategories&post=187995"},{"taxonomy":"post_tag","embeddable":true,"href":"https:\/\/analyse.optim.biz\/index.php?rest_route=%2Fwp%2Fv2%2Ftags&post=187995"}],"curies":[{"name":"wp","href":"https:\/\/api.w.org\/{rel}","templated":true}]}}