{"id":1879873,"date":"2026-04-13T15:07:45","date_gmt":"2026-04-13T12:07:45","guid":{"rendered":"https:\/\/analyse.optim.biz\/?p=1879873"},"modified":"2026-04-13T15:07:45","modified_gmt":"2026-04-13T12:07:45","slug":"tragedie-de-paste-la-peciu-nou-un-barbat-a-fost-ucis-de-un-tren-pe-sinele-de-cale-ferata","status":"publish","type":"post","link":"https:\/\/analyse.optim.biz\/?p=1879873","title":{"rendered":"Tragedie, de Pa\u0219te, la Peciu Nou: Un b\u0103rbat a fost ucis de un tren, pe \u0219inele de cale ferat\u0103"},"content":{"rendered":"<p>[analyse_image type=&#8221;featured&#8221; src=&#8221;https:\/\/focustim.ro\/wp-content\/uploads\/2020\/01\/politia1-1523366039.jpg&#8221;]<\/p>\n<article id=\"post-39956\" class=\"penci-single-artcontent noloaddisqus post-39956 post type-post status-publish format-standard has-post-thumbnail hentry category-actualitate category-eveniment category-featured tag-accident tag-tren penci-post-item\">\n<header class=\"entry-header penci-entry-header penci-title-\">\n<div class=\"penci-entry-categories\"><span class=\"penci-cat-links\"><a href=\"https:\/\/focustim.ro\/category\/actualitate\/\" rel=\"category tag\">Actualitate<\/a><a href=\"https:\/\/focustim.ro\/category\/eveniment\/\" rel=\"category tag\">Eveniment<\/a><a href=\"https:\/\/focustim.ro\/category\/featured\/\" rel=\"category tag\">Featured<\/a><\/span><\/div>\n<h1 class=\"entry-title penci-entry-title penci-title-\">Tragedie, de Pa\u0219te, la Peciu Nou: Un b\u0103rbat a fost ucis de un tren, pe \u0219inele de cale ferat\u0103<\/h1>\n<div class=\"entry-meta penci-entry-meta\"><span class=\"entry-meta-item penci-posted-on\"><time class=\"entry-date published\" datetime=\"2026-04-13T18:07:45+03:00\">13\/04\/2026<\/time><time class=\"updated\" datetime=\"2026-04-13T18:07:47+03:00\">13\/04\/2026<\/time><\/span><span class=\"entry-meta-item penci-comment-count\"><a class=\"penci_pmeta-link\" href=\"https:\/\/focustim.ro\/tragedie-de-paste-la-peciu-nou-un-barbat-a-fost-ucis-de-un-tren-pe-sinele-de-cale-ferata\/#respond\">0<\/a><\/span><\/div>\n<p><span class=\"penci-social-buttons penci-social-share-footer\"><span class=\"penci-social-share-text\">Distribuie<\/span><a href=\"https:\/\/focustim.ro\/tragedie-de-paste-la-peciu-nou-un-barbat-a-fost-ucis-de-un-tren-pe-sinele-de-cale-ferata\/\" class=\"penci-post-like penci_post-meta_item  single-like-button penci-social-item like\" data-post_id=\"39956\" title=\"Like\" data-like=\"Like\" data-unlike=\"Unlike\"><span class=\"penci-share-number\">0<\/span><\/a><\/span><\/header>\n<div class=\"entry-media penci-entry-media\">\n<div class=\"post-format-meta \">\n<div class=\"post-image penci-standard-format\"><img decoding=\"async\" width=\"380\" height=\"200\" src=\"https:\/\/focustim.ro\/wp-content\/uploads\/2020\/01\/politia1-1523366039.jpg\" class=\"attachment-penci-thumb-960-auto size-penci-thumb-960-auto wp-post-image\" alt loading=\"lazy\"><\/div>\n<\/div>\n<\/div>\n<div class=\"penci-entry-content entry-content\">\n<p>Un accident teribil a avut loc, fix \u00een a doua zi de Pa\u0219te, la Peciu Nou. Acolo, un \u0219ofer care traversa \u0219inele de cale ferat\u0103 a fost surprins \u0219i accidentat de un tren. Impactul a fost at\u00e2t de puternic \u00eenc\u00e2t omul a murit.<\/p>\n<p>La data de 13 aprilie 2026, un b\u0103rbat de 71 de ani, a condus un autoturism pe DJ593 dinspre localitatea Par\u021ba \u00eenspre localitatea Peciu Nou, iar la trecerea de nivel cu cale ferat\u0103 a intrat \u00een coliziune cu un tren.<\/p>\n<p>\u00cen urma impactului, a rezultat decesul conduc\u0103torului auto.<\/p>\n<p>Poli\u021bi\u0219tii au \u00eentocmit un dosar penal sub aspectul s\u0103v\u00e2r\u0219irii infrac\u021biunii de ucidere din culp\u0103.<\/p>\n<div class=\"sharedaddy sd-sharing-enabled\">\n<div class=\"robots-nocontent sd-block sd-social sd-social-icon-text sd-sharing\">\n<h3 class=\"sd-title\">Partajeaz\u0103 asta:<\/h3>\n<div class=\"sd-content\">\n<ul>\n<li class=\"share-twitter\"><a rel=\"nofollow noopener noreferrer\" data-shared=\"sharing-twitter-39956\" class=\"share-twitter sd-button share-icon\" href=\"https:\/\/focustim.ro\/tragedie-de-paste-la-peciu-nou-un-barbat-a-fost-ucis-de-un-tren-pe-sinele-de-cale-ferata\/?share=twitter\" target=\"_blank\" title=\"D\u0103 clic pentru a partaja pe Twitter\"><span>Twitter<\/span><\/a><\/li>\n<li class=\"share-facebook\"><a rel=\"nofollow noopener noreferrer\" data-shared=\"sharing-facebook-39956\" class=\"share-facebook sd-button share-icon\" href=\"https:\/\/focustim.ro\/tragedie-de-paste-la-peciu-nou-un-barbat-a-fost-ucis-de-un-tren-pe-sinele-de-cale-ferata\/?share=facebook\" target=\"_blank\" title=\"D\u0103 clic pentru a partaja pe Facebook\"><span>Facebook<\/span><\/a><\/li>\n<li class=\"share-end\"><\/ul>\n<\/div>\n<\/div>\n<\/div>\n<div class=\"sharedaddy sd-block sd-like jetpack-likes-widget-wrapper jetpack-likes-widget-unloaded\" id=\"like-post-wrapper-167025405-39956-69dd07d82b0ce\" data-src=\"https:\/\/widgets.wp.com\/likes\/#blog_id=167025405&amp;post_id=39956&amp;origin=focustim.ro&amp;obj_id=167025405-39956-69dd07d82b0ce\" data-name=\"like-post-frame-167025405-39956-69dd07d82b0ce\" data-title=\"Apreciaz\u0103 sau republic\u0103\">\n<h3 class=\"sd-title\">Apreciaz\u0103:<\/h3>\n<div class=\"likes-widget-placeholder post-likes-widget-placeholder\"><span class=\"button\"><span>Apreciere<\/span><\/span><span class=\"loading\">\u00cencarc&#8230;<\/span><\/div>\n<\/div>\n<\/div>\n<footer class=\"penci-entry-footer\">\n<div class=\"penci-source-via-tags-wrap\"><span class=\"tags-links penci-tags-links\"><a href=\"https:\/\/focustim.ro\/tag\/accident\/\" rel=\"tag\">accident<\/a><a href=\"https:\/\/focustim.ro\/tag\/tren\/\" rel=\"tag\">tren<\/a><\/span><\/div>\n<p><span class=\"penci-social-buttons penci-social-share-footer\"><span class=\"penci-social-share-text\">Distribuie<\/span><a href=\"https:\/\/focustim.ro\/tragedie-de-paste-la-peciu-nou-un-barbat-a-fost-ucis-de-un-tren-pe-sinele-de-cale-ferata\/\" class=\"penci-post-like penci_post-meta_item  single-like-button penci-social-item like\" data-post_id=\"39956\" title=\"Like\" data-like=\"Like\" data-unlike=\"Unlike\"><span class=\"penci-share-number\">0<\/span><\/a><\/span><\/footer>\n<\/article>\n<div class=\"penci-entry-content entry-content\">\n<p>Un accident teribil a avut loc, fix \u00een a doua zi de Pa\u0219te, la Peciu Nou. Acolo, un \u0219ofer care traversa \u0219inele de cale ferat\u0103 a fost surprins \u0219i accidentat de un tren. Impactul a fost at\u00e2t de puternic \u00eenc\u00e2t omul a murit.<\/p>\n<p>La data de 13 aprilie 2026, un b\u0103rbat de 71 de ani, a condus un autoturism pe DJ593 dinspre localitatea Par\u021ba \u00eenspre localitatea Peciu Nou, iar la trecerea de nivel cu cale ferat\u0103 a intrat \u00een coliziune cu un tren.<\/p>\n<p>\u00cen urma impactului, a rezultat decesul conduc\u0103torului auto.<\/p>\n<p>Poli\u021bi\u0219tii au \u00eentocmit un dosar penal sub aspectul s\u0103v\u00e2r\u0219irii infrac\u021biunii de ucidere din culp\u0103.<\/p>\n<div class=\"sharedaddy sd-sharing-enabled\">\n<div class=\"robots-nocontent sd-block sd-social sd-social-icon-text sd-sharing\">\n<h3 class=\"sd-title\">Partajeaz\u0103 asta:<\/h3>\n<div class=\"sd-content\">\n<ul>\n<li class=\"share-twitter\"><a rel=\"nofollow noopener noreferrer\" data-shared=\"sharing-twitter-39956\" class=\"share-twitter sd-button share-icon\" href=\"https:\/\/focustim.ro\/tragedie-de-paste-la-peciu-nou-un-barbat-a-fost-ucis-de-un-tren-pe-sinele-de-cale-ferata\/?share=twitter\" target=\"_blank\" title=\"D\u0103 clic pentru a partaja pe Twitter\"><span>Twitter<\/span><\/a><\/li>\n<li class=\"share-facebook\"><a rel=\"nofollow noopener noreferrer\" data-shared=\"sharing-facebook-39956\" class=\"share-facebook sd-button share-icon\" href=\"https:\/\/focustim.ro\/tragedie-de-paste-la-peciu-nou-un-barbat-a-fost-ucis-de-un-tren-pe-sinele-de-cale-ferata\/?share=facebook\" target=\"_blank\" title=\"D\u0103 clic pentru a partaja pe Facebook\"><span>Facebook<\/span><\/a><\/li>\n<li class=\"share-end\"><\/ul>\n<\/div>\n<\/div>\n<\/div>\n<div class=\"sharedaddy sd-block sd-like jetpack-likes-widget-wrapper jetpack-likes-widget-unloaded\" id=\"like-post-wrapper-167025405-39956-69dd07d82b0ce\" data-src=\"https:\/\/widgets.wp.com\/likes\/#blog_id=167025405&amp;post_id=39956&amp;origin=focustim.ro&amp;obj_id=167025405-39956-69dd07d82b0ce\" data-name=\"like-post-frame-167025405-39956-69dd07d82b0ce\" data-title=\"Apreciaz\u0103 sau republic\u0103\">\n<h3 class=\"sd-title\">Apreciaz\u0103:<\/h3>\n<div class=\"likes-widget-placeholder post-likes-widget-placeholder\"><span class=\"button\"><span>Apreciere<\/span><\/span><span class=\"loading\">\u00cencarc&#8230;<\/span><\/div>\n<\/div>\n<\/div>\n<p>[analyse_source url=&#8221;https:\/\/focustim.ro\/tragedie-de-paste-la-peciu-nou-un-barbat-a-fost-ucis-de-un-tren-pe-sinele-de-cale-ferata\/&#8221;]<\/p>\n","protected":false},"excerpt":{"rendered":"<p>[analyse_image type=&#8221;featured&#8221; src=&#8221;https:\/\/focustim.ro\/wp-content\/uploads\/2020\/01\/politia1-1523366039.jpg&#8221;] ActualitateEvenimentFeatured Tragedie, de Pa\u0219te, la Peciu Nou: Un b\u0103rbat a fost ucis de un tren, pe \u0219inele de cale ferat\u0103 13\/04\/202613\/04\/20260 Distribuie0 Un accident teribil a avut loc, fix \u00een a doua zi de Pa\u0219te, la Peciu Nou. Acolo, un \u0219ofer care traversa \u0219inele de cale ferat\u0103 a fost surprins \u0219i accidentat [&hellip;]<\/p>\n","protected":false},"author":1,"featured_media":0,"comment_status":"open","ping_status":"","sticky":false,"template":"","format":"standard","meta":{"footnotes":""},"categories":[89],"tags":[226,197],"class_list":["post-1879873","post","type-post","status-publish","format-standard","hentry","category-romania","tag-crawlmanager","tag-focustim-ro"],"_links":{"self":[{"href":"https:\/\/analyse.optim.biz\/index.php?rest_route=\/wp\/v2\/posts\/1879873","targetHints":{"allow":["GET"]}}],"collection":[{"href":"https:\/\/analyse.optim.biz\/index.php?rest_route=\/wp\/v2\/posts"}],"about":[{"href":"https:\/\/analyse.optim.biz\/index.php?rest_route=\/wp\/v2\/types\/post"}],"author":[{"embeddable":true,"href":"https:\/\/analyse.optim.biz\/index.php?rest_route=\/wp\/v2\/users\/1"}],"replies":[{"embeddable":true,"href":"https:\/\/analyse.optim.biz\/index.php?rest_route=%2Fwp%2Fv2%2Fcomments&post=1879873"}],"version-history":[{"count":0,"href":"https:\/\/analyse.optim.biz\/index.php?rest_route=\/wp\/v2\/posts\/1879873\/revisions"}],"wp:attachment":[{"href":"https:\/\/analyse.optim.biz\/index.php?rest_route=%2Fwp%2Fv2%2Fmedia&parent=1879873"}],"wp:term":[{"taxonomy":"category","embeddable":true,"href":"https:\/\/analyse.optim.biz\/index.php?rest_route=%2Fwp%2Fv2%2Fcategories&post=1879873"},{"taxonomy":"post_tag","embeddable":true,"href":"https:\/\/analyse.optim.biz\/index.php?rest_route=%2Fwp%2Fv2%2Ftags&post=1879873"}],"curies":[{"name":"wp","href":"https:\/\/api.w.org\/{rel}","templated":true}]}}