{"id":1879863,"date":"2026-04-13T13:40:11","date_gmt":"2026-04-13T10:40:11","guid":{"rendered":"https:\/\/analyse.optim.biz\/?p=1879863"},"modified":"2026-04-13T13:40:11","modified_gmt":"2026-04-13T10:40:11","slug":"motociclist-fara-permis-urmarit-si-incatusat-in-strada-la-suceava-stiri-suceava","status":"publish","type":"post","link":"https:\/\/analyse.optim.biz\/?p=1879863","title":{"rendered":"Motociclist f\u0103r\u0103 permis, urm\u0103rit \u0219i \u00eenc\u0103tu\u0219at \u00een strad\u0103, la Suceava &#8211; Stiri Suceava"},"content":{"rendered":"<p>[analyse_image type=&#8221;featured&#8221; src=&#8221;https:\/\/www.informatiata.ro\/wp-content\/uploads\/2026\/04\/Screenshot_20260413_161708-1024&#215;657.jpg&#8221;]<\/p>\n<div class=\"td-post-content tagdiv-type\">\n<div class=\"td-post-featured-image\"><a href=\"https:\/\/www.informatiata.ro\/wp-content\/uploads\/2026\/04\/Screenshot_20260413_161708-scaled.jpg\" data-caption><img loading=\"lazy\" decoding=\"async\" width=\"696\" height=\"447\" class=\"entry-thumb td-modal-image\" src=\"https:\/\/www.informatiata.ro\/wp-content\/uploads\/2026\/04\/Screenshot_20260413_161708-696x447.jpg\" alt title=\"Screenshot_20260413_161708\"><img loading=\"lazy\" decoding=\"async\" width=\"696\" height=\"447\" class=\"entry-thumb td-modal-image\" src=\"https:\/\/www.informatiata.ro\/wp-content\/uploads\/2026\/04\/Screenshot_20260413_161708-696x447.jpg\" alt title=\"Screenshot_20260413_161708\"><\/a><\/div>\n<p>Motociclist f\u0103r\u0103 permis, urm\u0103rit \u0219i \u00eenc\u0103tu\u0219at \u00een strad\u0103, la Suceava.<\/p>\n<p>Scenele demne de un film de ac\u021biune au avut loc \u00een seara zilei de 11 aprilie, \u00een municipiul Suceava.<\/p>\n<div class=\"td-a-rec td-a-rec-id-content_inlineright  tdi_6 td_block_template_1\"><img loading=\"lazy\" decoding=\"async\" class=\"aligncenter size-full wp-image-64555\" src=\"https:\/\/www.informatiata.ro\/wp-content\/uploads\/2026\/04\/SAVCOM-13.gif\" alt width=\"299\" height=\"250\"><img loading=\"lazy\" decoding=\"async\" class=\"aligncenter size-full wp-image-64555\" src=\"https:\/\/www.informatiata.ro\/wp-content\/uploads\/2026\/04\/SAVCOM-13.gif\" alt width=\"299\" height=\"250\"><img loading=\"lazy\" decoding=\"async\" class=\"aligncenter size-full wp-image-64556\" src=\"https:\/\/www.informatiata.ro\/wp-content\/uploads\/2026\/04\/FACOS-11.gif\" alt width=\"300\" height=\"250\"><img loading=\"lazy\" decoding=\"async\" class=\"aligncenter size-full wp-image-64556\" src=\"https:\/\/www.informatiata.ro\/wp-content\/uploads\/2026\/04\/FACOS-11.gif\" alt width=\"300\" height=\"250\"><\/div>\n<p>Incidentul s-a petrecut \u00een jurul orei 20.00, c\u00e2nd o patrul\u0103 de siguran\u021b\u0103 public\u0103 din cadrul Biroului de Ordine Public\u0103 \u2013 Poli\u021bia Municipiului Suceava, aflat\u0103 \u00een misiune pe strada Calea Unirii, a observat un motociclu \u00eenmatriculat \u00een Fran\u021ba, al c\u0103rui conduc\u0103tor adopta un comportament agresiv \u00een trafic.<\/p>\n<p>Poli\u021bi\u0219tii au efectuat semnal regulamentar de oprire, \u00eens\u0103 acesta nu s-a conformat, acceler\u00e2nd \u0219i \u00eencerc\u00e2nd s\u0103 scape.<\/p>\n<p>Agen\u021bii au pornit \u00een urm\u0103rirea acestuia\u00a0 pe mai multe artere din ora\u0219.<\/p>\n<p>Motociclistul a traversat zona Calea Unirii, a p\u0103truns \u00een parcarea complexului comercial Iulius Mall, apoi \u0219i-a continuat deplasarea pe strada Energeticianului.<\/p>\n<p>La un semafor provizoriu, acesta nu a respectat culoarea ro\u0219ie, continu\u00e2ndu-\u0219i fuga pe str\u0103zile Mir\u0103u\u021bilor, Petru Mu\u0219at \u0219i Tudor \u0218tefaneli.<\/p>\n<p>\u00cen sprijinul echipajului ini\u021bial a intervenit o a doua autospecial\u0103 de poli\u021bie, iar pe strada Mir\u0103u\u021bilor s-a reu\u0219it blocarea motociclistului. B\u0103rbatul a fost imobilizat \u0219i \u00eenc\u0103tu\u0219at de poli\u021bi\u0219ti.<\/p>\n<p>\u00cen urma verific\u0103rilor, oamenii legii au stabilit c\u0103 fugarul este un b\u0103rbat domiciliat \u00een comuna Preute\u0219ti.<\/p>\n<p>Mai mult, acesta nu de\u021bine permis de conducere pentru categoria A, necesar\u0103 conducerii motocicletelor pe drumurile publice.<\/p>\n<p>Situa\u021bia s-a dovedit \u0219i mai grav\u0103 dup\u0103 verific\u0103rile \u00een bazele de date ale Poli\u021biei Rom\u00e2ne.<\/p>\n<p>Numerele de \u00eenmatriculare montate pe motociclu figurau ca fiind atribuite unui alt vehicul \u00eenmatriculat \u00een Fran\u021ba, iar seria de \u0219asiu corespundea unui vehicul \u00eenregistrat \u00een Italia.<\/p>\n<p>La fa\u021ba locului au intervenit \u0219i poli\u021bi\u0219tii din cadrul Biroului Rutier, care l-au testat pe conduc\u0103tor cu aparatul etilotest, rezultatul fiind negativ.<\/p>\n<p>Pe numele b\u0103rbatului a fost \u00eentocmit dosar penal pentru mai multe infrac\u021biuni, printre care conducerea unui vehicul f\u0103r\u0103 permis corespunz\u0103tor, punerea \u00een circula\u021bie a unui autovehicul f\u0103r\u0103 documente legale \u0219i utilizarea unor numere false de \u00eenmatriculare.<\/p>\n<div class=\"td-a-rec td-a-rec-id-content_bottom  tdi_7 td_block_template_1\"><img loading=\"lazy\" decoding=\"async\" class=\"aligncenter size-large wp-image-64642\" src=\"https:\/\/www.informatiata.ro\/wp-content\/uploads\/2026\/04\/felicitare-bun-Dzimi-1024x612.jpg\" alt width=\"696\" height=\"416\"><img loading=\"lazy\" decoding=\"async\" class=\"aligncenter size-large wp-image-64642\" src=\"https:\/\/www.informatiata.ro\/wp-content\/uploads\/2026\/04\/felicitare-bun-Dzimi-1024x612.jpg\" alt width=\"696\" height=\"416\"><img loading=\"lazy\" decoding=\"async\" class=\"aligncenter size-large wp-image-64641\" src=\"https:\/\/www.informatiata.ro\/wp-content\/uploads\/2026\/04\/felicitare-bun-balan-1024x765.jpg\" alt width=\"696\" height=\"520\"><img loading=\"lazy\" decoding=\"async\" class=\"aligncenter size-large wp-image-64641\" src=\"https:\/\/www.informatiata.ro\/wp-content\/uploads\/2026\/04\/felicitare-bun-balan-1024x765.jpg\" alt width=\"696\" height=\"520\"><img loading=\"lazy\" decoding=\"async\" class=\"aligncenter size-large wp-image-64643\" src=\"https:\/\/www.informatiata.ro\/wp-content\/uploads\/2026\/04\/felicitare-bun-boliacu-1024x1024.jpg\" alt width=\"696\" height=\"696\"><img loading=\"lazy\" decoding=\"async\" class=\"aligncenter size-large wp-image-64643\" src=\"https:\/\/www.informatiata.ro\/wp-content\/uploads\/2026\/04\/felicitare-bun-boliacu-1024x1024.jpg\" alt width=\"696\" height=\"696\"><\/div>\n<\/div>\n<p>[analyse_source url=&#8221;https:\/\/www.informatiata.ro\/incatusat-dupa-urmarire-in-trafic-suceava\/&#8221;]<\/p>\n","protected":false},"excerpt":{"rendered":"<p>[analyse_image type=&#8221;featured&#8221; src=&#8221;https:\/\/www.informatiata.ro\/wp-content\/uploads\/2026\/04\/Screenshot_20260413_161708-1024&#215;657.jpg&#8221;] Motociclist f\u0103r\u0103 permis, urm\u0103rit \u0219i \u00eenc\u0103tu\u0219at \u00een strad\u0103, la Suceava. Scenele demne de un film de ac\u021biune au avut loc \u00een seara zilei de 11 aprilie, \u00een municipiul Suceava. Incidentul s-a petrecut \u00een jurul orei 20.00, c\u00e2nd o patrul\u0103 de siguran\u021b\u0103 public\u0103 din cadrul Biroului de Ordine Public\u0103 \u2013 Poli\u021bia Municipiului Suceava, [&hellip;]<\/p>\n","protected":false},"author":1,"featured_media":0,"comment_status":"open","ping_status":"","sticky":false,"template":"","format":"standard","meta":{"footnotes":""},"categories":[89],"tags":[226,167],"class_list":["post-1879863","post","type-post","status-publish","format-standard","hentry","category-romania","tag-crawlmanager","tag-informatiata-ro"],"_links":{"self":[{"href":"https:\/\/analyse.optim.biz\/index.php?rest_route=\/wp\/v2\/posts\/1879863","targetHints":{"allow":["GET"]}}],"collection":[{"href":"https:\/\/analyse.optim.biz\/index.php?rest_route=\/wp\/v2\/posts"}],"about":[{"href":"https:\/\/analyse.optim.biz\/index.php?rest_route=\/wp\/v2\/types\/post"}],"author":[{"embeddable":true,"href":"https:\/\/analyse.optim.biz\/index.php?rest_route=\/wp\/v2\/users\/1"}],"replies":[{"embeddable":true,"href":"https:\/\/analyse.optim.biz\/index.php?rest_route=%2Fwp%2Fv2%2Fcomments&post=1879863"}],"version-history":[{"count":0,"href":"https:\/\/analyse.optim.biz\/index.php?rest_route=\/wp\/v2\/posts\/1879863\/revisions"}],"wp:attachment":[{"href":"https:\/\/analyse.optim.biz\/index.php?rest_route=%2Fwp%2Fv2%2Fmedia&parent=1879863"}],"wp:term":[{"taxonomy":"category","embeddable":true,"href":"https:\/\/analyse.optim.biz\/index.php?rest_route=%2Fwp%2Fv2%2Fcategories&post=1879863"},{"taxonomy":"post_tag","embeddable":true,"href":"https:\/\/analyse.optim.biz\/index.php?rest_route=%2Fwp%2Fv2%2Ftags&post=1879863"}],"curies":[{"name":"wp","href":"https:\/\/api.w.org\/{rel}","templated":true}]}}