{"id":187984,"date":"2015-01-20T12:17:56","date_gmt":"2015-01-20T09:17:56","guid":{"rendered":"https:\/\/analyse.optim.biz\/?p=187984"},"modified":"2015-01-20T12:17:56","modified_gmt":"2015-01-20T09:17:56","slug":"legea-falimentului-personal-mai-asteapta-sesiunea-extraordinara-din-camera-convocata-dupa-raportul-comisiei-juridice","status":"publish","type":"post","link":"https:\/\/analyse.optim.biz\/?p=187984","title":{"rendered":"Legea falimentului personal mai a\u0219teapt\u0103. Sesiunea extraordinar\u0103 din Camer\u0103, convocat\u0103 dup\u0103 raportul Comisiei Juridice"},"content":{"rendered":"<div class=\"entry data-app-meta data-app-meta-article\" data-embed-base-url-canonical=\"https:\/\/www.digi24.ro\/embed\/stiri\/actualitate\/politica\/legea-falimentului-personal-mai-asteapta-sesiunea-extraordinara-din-camera-convocata-dupa-raportul-comisiei-juridice-349241\">\n<p data-index=\"1\">\u00a0\u00a0<\/p>\n<p data-index=\"2\">\u201eC\u00e2nd vom avea un raport pe legea insolven\u021bei persoanelor fizice, \u00een 24 de ore vom convoca o \u0219edin\u021b\u0103 extraordinar\u0103 a Camerei Deputa\u021bilor\u201d, a declarat Valeriu Zgonea, pre\u015fedintele Camerei Deputa\u0163ilor.<\/p>\n<p data-index=\"3\">\u201eCred c\u0103 un termen rezonabil de a emite acest raport va fi probabil undeva \u00een cursul zilei de mar\u021bi. Este un proiect de lege complex. Va trebui s\u0103 avem foarte mult\u0103 grij\u0103 c\u00e2nd redact\u0103m raportul, s\u0103 invit\u0103m Banca Na\u021bional\u0103, CSM, toate institu\u021biile care sunt implicate\u201d, a spus Bogdan Ciuc\u0103, pre\u015fedintele Comisiei Juridice.<\/p>\n<p data-index=\"4\">\u201e<span>Nu ne bucur\u0103m de situa\u021bia \u00een care se g\u0103sesc cet\u0103\u021benii cu credite \u00een franci, dar aceast\u0103 situa\u021bie a determinat se pare o voin\u021b\u0103 politic\u0103 consensual\u0103 pentru adoptarea acestei legi\u201d, a declarat Ludovic Orban, liderul deputa\u0163ilor PNL.<\/span><\/p>\n<p data-index=\"5\"><strong>Legea falimentului personal &#8211; 2010<\/strong><\/p>\n<p data-index=\"6\">&#8211; ini\u0163iatori: 13 parlamentari PDL<\/p>\n<p data-index=\"7\">&#8211; adoptat\u0103 de Senat<\/p>\n<p data-index=\"8\">&#8211; criterii: venit, cheltuieli, utilit\u0103\u0163i<\/p>\n<p data-index=\"9\"><strong>Legea falimentului personal &#8211; 2010<\/strong><\/p>\n<p data-index=\"10\">&#8211; ini\u0163iator: Eugen Nicol\u0103escu, deputat PNL<\/p>\n<p data-index=\"11\">&#8211; respins\u0103 de Senat<\/p>\n<p data-index=\"12\">&#8211; aviz negativ de la Guvern<\/p>\n<p data-index=\"13\"><strong>Legea falimentului personal &#8211; 2010<\/strong><\/p>\n<p data-index=\"14\">&#8211; locuin\u0163a poate fi v\u00e2ndut\u0103, dar datornicul \u00eenc\u0103 poate locui \u00een ea la decizia instan\u0163ei<\/p>\n<p data-index=\"15\">&#8211; dac\u0103 pl\u0103te\u015fte 75% din datorii iese din faliment<\/p>\n<p data-index=\"16\"><strong>Legea falimentului personal &#8211; 2013<\/strong><\/p>\n<p data-index=\"17\">&#8211; ini\u0163iator Mircea Grosaru<\/p>\n<p data-index=\"18\">&#8211; respins\u0103 la Senat<\/p>\n<p data-index=\"19\">&#8211; aviz negativ de la Guvern<\/p>\n<p data-index=\"20\"><strong>Legea falimentului personal &#8211; 2013<\/strong><\/p>\n<p data-index=\"21\">&#8211; insolven\u0163\u0103 dup\u0103 120 de zile de neplat\u0103<\/p>\n<p data-index=\"22\">&#8211; plan de redresare pentru maximum 3 ani<\/p>\n<p data-index=\"23\"><strong>Legea falimentului personal &#8211; 2014<\/strong><\/p>\n<p data-index=\"24\">&#8211; ini\u0163iator: Ana Birchall, deputat PSD<\/p>\n<p data-index=\"25\">&#8211; adoptat\u0103 de Senat<\/p>\n<p data-index=\"26\">&#8211; 10 februarie 2015 termen \u00een comisia de specialitate<\/p>\n<p data-index=\"27\"><strong><span>Legea falimentului personal &#8211; 2014<\/span><\/strong><\/p>\n<p data-index=\"28\">&#8211; plan de reorganizare pentru maximum 5 ani<\/p>\n<p data-index=\"29\">&#8211; restan\u0163ierul nu poate fi executat silit<\/p>\n<\/div>\n<p> Source URL: https:\/\/www.digi24.ro\/stiri\/actualitate\/politica\/legea-falimentului-personal-mai-asteapta-sesiunea-extraordinara-din-camera-convocata-dupa-raportul-comisiei-juridice-349241<\/p>\n","protected":false},"excerpt":{"rendered":"<p>\u00a0\u00a0 \u201eC\u00e2nd vom avea un raport pe legea insolven\u021bei persoanelor fizice, \u00een 24 de ore vom convoca o \u0219edin\u021b\u0103 extraordinar\u0103 a Camerei Deputa\u021bilor\u201d, a declarat Valeriu Zgonea, pre\u015fedintele Camerei Deputa\u0163ilor. \u201eCred c\u0103 un termen rezonabil de a emite acest raport va fi probabil undeva \u00een cursul zilei de mar\u021bi. Este un proiect de lege complex. [&hellip;]<\/p>\n","protected":false},"author":1,"featured_media":187985,"comment_status":"open","ping_status":"","sticky":false,"template":"","format":"standard","meta":{"footnotes":""},"categories":[2],"tags":[11],"class_list":["post-187984","post","type-post","status-publish","format-standard","has-post-thumbnail","hentry","category-politics","tag-digi24"],"_links":{"self":[{"href":"https:\/\/analyse.optim.biz\/index.php?rest_route=\/wp\/v2\/posts\/187984","targetHints":{"allow":["GET"]}}],"collection":[{"href":"https:\/\/analyse.optim.biz\/index.php?rest_route=\/wp\/v2\/posts"}],"about":[{"href":"https:\/\/analyse.optim.biz\/index.php?rest_route=\/wp\/v2\/types\/post"}],"author":[{"embeddable":true,"href":"https:\/\/analyse.optim.biz\/index.php?rest_route=\/wp\/v2\/users\/1"}],"replies":[{"embeddable":true,"href":"https:\/\/analyse.optim.biz\/index.php?rest_route=%2Fwp%2Fv2%2Fcomments&post=187984"}],"version-history":[{"count":0,"href":"https:\/\/analyse.optim.biz\/index.php?rest_route=\/wp\/v2\/posts\/187984\/revisions"}],"wp:featuredmedia":[{"embeddable":true,"href":"https:\/\/analyse.optim.biz\/index.php?rest_route=\/wp\/v2\/media\/187985"}],"wp:attachment":[{"href":"https:\/\/analyse.optim.biz\/index.php?rest_route=%2Fwp%2Fv2%2Fmedia&parent=187984"}],"wp:term":[{"taxonomy":"category","embeddable":true,"href":"https:\/\/analyse.optim.biz\/index.php?rest_route=%2Fwp%2Fv2%2Fcategories&post=187984"},{"taxonomy":"post_tag","embeddable":true,"href":"https:\/\/analyse.optim.biz\/index.php?rest_route=%2Fwp%2Fv2%2Ftags&post=187984"}],"curies":[{"name":"wp","href":"https:\/\/api.w.org\/{rel}","templated":true}]}}