{"id":1879737,"date":"2026-04-13T11:18:16","date_gmt":"2026-04-13T08:18:16","guid":{"rendered":"https:\/\/analyse.optim.biz\/?p=1879737"},"modified":"2026-04-13T11:18:16","modified_gmt":"2026-04-13T08:18:16","slug":"motogp-2026-johann-zarco-marco-bezzecchi-sta-facendo-qualcosa-di-eccezionale","status":"publish","type":"post","link":"https:\/\/analyse.optim.biz\/?p=1879737","title":{"rendered":"MotoGP 2026. Johann Zarco: \u201cMarco Bezzecchi sta facendo qualcosa di eccezionale\u201d"},"content":{"rendered":"<div class=\"atxt atxt--first \" id=\"part-1583589\">\n<p><span class=\"atxt-dropcap\">A<\/span>lla presentazione ufficiale, trasmetta in diretta dagli studi di <em>Canal Plus<\/em> nei giorni scorsi, del Gran Premio di Francia in calendario l&#8217;8-10 maggio a Le Mans, <strong>Johann Zarco<\/strong> ha incontrato i giornalisti e ha parlato di tante cose. Il francese avr\u00e0 trentasei anni a luglio, sta pensano anche al ritiro, ma tra le uscite pi\u00f9 interessanti c\u2019\u00e8 stata quella su Bezzecchi. Con Mireira Brito Sim\u00f2 di <em>Motosan<\/em> Zarco ha parlato della crescita di Marco.<\/p>\n<p>\u201c<strong>Diventer\u00e0 popolare tra il grande pubblico, quello che sta facendo \u00e8 eccezionale<\/strong> e potrebbe diventare uno dei leader italiani. In un certo senso potr\u00e0 essere <strong>l\u2019erede di Valentino Rossi<\/strong>, come lo \u00e8 stato Pecco Bagnaia. Poi vedremo per quanti anni, ma il suo nome diventer\u00e0 presto un \u2018boom\u2019 a livello globale\u201d.<\/p>\n<p>Parlando della sua lunga carriera, <strong>Johann ha detto che intravvede l\u2019epilogo ma pensa di aver dato davvero tutto<\/strong>: ha raggiunto i risultati che voleva senza pensare alle vittorie o ai titoli. Si \u00e8 goduto i podi e gli \u00e8 bastato. Il modo giusto di ritirarsi? Quando si pensa che non si pu\u00f2 fare nulla di meglio. E ammette che sta pensando ad altre corse, tipo la 24 Ore di Le Mans: non \u00e8 un progetto, ma quello \u00e9 un tipo di gare che lo attrae e potrebbe essere il momento giusto.<\/p>\n<p>Intanto c\u2019\u00e8 il GP di Francia, a Le Mans. Per il team LCR, Zarco e <strong>Diogo Moreira. E\u2019 sorpreso dai progressi del suo compagno di squadra? \u00a0<\/strong><br \/>\n\u201c<strong>No, lui \u00e8 eccezionale e lo adoro<\/strong>. Si vede che impara tutto in fretta, a 21 anni \u00e8 gi\u00e0 incredibilmente maturo, \u00e8 un principe del fuoristrada ma anche molto bravo in velocit\u00e0. \u00c8 bello avere un compagno di squadra come lui. Io continuer\u00f2, diciamo, a guidare il team LCR perch\u00e9 \u00e8 una sorta di orgoglio e voglio far bene. Ma poi, passare il testimone a Diogo non sarebbe male. Magari sar\u00e0 lui a passare al team ufficiale tra due anni, non lo so\u201d.<\/p>\n<p><strong>Sta valutando di continuare ancora a lungo, Zarco?<\/strong> Lui non sa quale saranno le sue motivazioni e l\u2019energia a fine 2027 e si chiede: a 37 anni e mezzo che tipo di stile di vita vorr\u00f2?\u00a0<\/p>\n<p>\u201cPosso sempre continuare ad andare in moto, ma sono tante le moto che posso guidare, nelle gare di durata o facendo un giro con gli amici. E forse un giro con gli amici potrebbe essere pi\u00f9 divertente, a 38 anni, che andare a lottare con le unghie e con i denti contro piloti ventenni senza piet\u00e0\u201d.<\/p>\n<\/div>\n","protected":false},"excerpt":{"rendered":"<p>Alla presentazione ufficiale, trasmetta in diretta dagli studi di Canal Plus nei giorni scorsi, del Gran Premio di Francia in calendario l&#8217;8-10 maggio a Le Mans, Johann Zarco ha incontrato i giornalisti e ha parlato di tante cose. Il francese avr\u00e0 trentasei anni a luglio, sta pensano anche al ritiro, ma tra le uscite pi\u00f9 [&hellip;]<\/p>\n","protected":false},"author":1,"featured_media":0,"comment_status":"open","ping_status":"","sticky":false,"template":"","format":"standard","meta":{"footnotes":""},"categories":[1],"tags":[226,238],"class_list":["post-1879737","post","type-post","status-publish","format-standard","hentry","category-uncategorized","tag-crawlmanager","tag-moto-it"],"_links":{"self":[{"href":"https:\/\/analyse.optim.biz\/index.php?rest_route=\/wp\/v2\/posts\/1879737","targetHints":{"allow":["GET"]}}],"collection":[{"href":"https:\/\/analyse.optim.biz\/index.php?rest_route=\/wp\/v2\/posts"}],"about":[{"href":"https:\/\/analyse.optim.biz\/index.php?rest_route=\/wp\/v2\/types\/post"}],"author":[{"embeddable":true,"href":"https:\/\/analyse.optim.biz\/index.php?rest_route=\/wp\/v2\/users\/1"}],"replies":[{"embeddable":true,"href":"https:\/\/analyse.optim.biz\/index.php?rest_route=%2Fwp%2Fv2%2Fcomments&post=1879737"}],"version-history":[{"count":0,"href":"https:\/\/analyse.optim.biz\/index.php?rest_route=\/wp\/v2\/posts\/1879737\/revisions"}],"wp:attachment":[{"href":"https:\/\/analyse.optim.biz\/index.php?rest_route=%2Fwp%2Fv2%2Fmedia&parent=1879737"}],"wp:term":[{"taxonomy":"category","embeddable":true,"href":"https:\/\/analyse.optim.biz\/index.php?rest_route=%2Fwp%2Fv2%2Fcategories&post=1879737"},{"taxonomy":"post_tag","embeddable":true,"href":"https:\/\/analyse.optim.biz\/index.php?rest_route=%2Fwp%2Fv2%2Ftags&post=1879737"}],"curies":[{"name":"wp","href":"https:\/\/api.w.org\/{rel}","templated":true}]}}