{"id":1879526,"date":"2026-04-13T07:09:18","date_gmt":"2026-04-13T04:09:18","guid":{"rendered":"https:\/\/analyse.optim.biz\/?p=1879526"},"modified":"2026-04-13T07:09:18","modified_gmt":"2026-04-13T04:09:18","slug":"salvat-din-largul-marii-in-prima-zi-de-paste","status":"publish","type":"post","link":"https:\/\/analyse.optim.biz\/?p=1879526","title":{"rendered":"Salvat din largul m\u0103rii \u00een prima zi de Pa\u0219te"},"content":{"rendered":"<p>[analyse_image type=&#8221;featured&#8221; src=&#8221;https:\/\/dobrogeanews.b-cdn.net\/wp-content\/uploads\/2026\/04\/salvare-constanta.jpg&#8221;]<\/p>\n<div id=\"post-69863\" class=\"entry single-default post-69863 post type-post status-publish format-standard has-post-thumbnail hentry category-info\">\n<div>\n<div class=\"ss-follow-wrapper ss-clearfix ss-regular-buttons ss-columns-1 ss-default-style\">\n<div class=\"ss-follow-column\" data-ss-sf-network-id='\"facebook\"'><a href=\"https:\/\/www.facebook.com\/dobrogeanews\" class=\"ss-follow-network ss-facebook-color\" rel=\"nofollow noopener\" aria-label=\"facebook\" target=\"_blank\"><span class=\"ss-follow-network-label\">Urm\u0103re\u015fte-ne \u015fi pe Facebook!<\/span><span class=\"ss-follow-network-count\"><span class=\"ss-follow-network-count-number\">57K<\/span><span class=\"ss-follow-network-count-label\">Followers<\/span><\/span><\/a><\/div>\n<\/div>\n<\/div>\n<p>\u00cen prima zi de Pa\u0219te, un marinar de na\u021bionalitate azerbaidjan aflat pe o nav\u0103 ancorat\u0103 \u00een largul m\u0103rii sub pavilion Camerun, a fost salvat.<\/p>\n<figure class=\"wp-block-image size-full is-resized\">\n<source type=\"image\/webp\" data-lazy-srcset=\"https:\/\/dobrogeanews.b-cdn.net\/wp-content\/uploads\/2026\/04\/salvare-constanta.jpg.webp 2560w, https:\/\/dobrogeanews.b-cdn.net\/wp-content\/uploads\/2026\/04\/salvare-constanta-300x246.jpg.webp 300w, https:\/\/dobrogeanews.b-cdn.net\/wp-content\/uploads\/2026\/04\/salvare-constanta-1024x840.jpg.webp 1024w, https:\/\/dobrogeanews.b-cdn.net\/wp-content\/uploads\/2026\/04\/salvare-constanta-768x630.jpg.webp 768w, https:\/\/dobrogeanews.b-cdn.net\/wp-content\/uploads\/2026\/04\/salvare-constanta-1536x1260.jpg.webp 1536w, https:\/\/dobrogeanews.b-cdn.net\/wp-content\/uploads\/2026\/04\/salvare-constanta-2048x1680.jpg.webp 2048w\" sizes=\"(max-width: 640px) 100vw, 640px\" \/><br \/>\n<img loading=\"lazy\" decoding=\"async\" src=\"https:\/\/dobrogeanews.b-cdn.net\/wp-content\/uploads\/2026\/04\/salvare-constanta.jpg\" alt=\"Salvat din largul m\u0103rii \u00een prima zi de Pa\u0219te\" width=\"640\" height=\"525\"><\/figure>\n<p>Agen\u021bia Rom\u00e2n\u0103 de Salvare a Vie\u021bii Omene\u0219ti pe Mare (ARSVOM) a fost solicitat\u0103 de c\u0103tre Centrul Maritim de Coordonare (MRCC) pentru a efectua o interven\u021bie de tip Medevac. La bordul navei LIDER PRESTIJ, sub pavilion Camerun, aflat\u0103 \u00een zona 2 ancoraj din rada exterioar\u0103 a portului Constan\u021ba, un membru al echipajului necesit\u0103 \u00eengrijiri medicale.<\/p>\n<p>La ora 18:13, nava SAR ARTEMIS din cadrul ARSVOM s-a deplasat \u00een loca\u021bia indicat\u0103 de c\u0103tre MRCC, pentru a prelua pacientul.La ora 18:43, echipajul navei SAR ARTEMIS a preluat pacientul, de na\u021bionalitate azerbaidjan, con\u0219tient, cooperant, urm\u00e2nd a-l preda serviciilor medicale, \u00een dana de pasageri a portului Constan\u021ba.<\/p>\n<p>La ora 19:16, acesta a fost predat \u00een siguran\u021b\u0103 la ambulan\u021b\u0103. Felicit\u0103ri colegilor de pe nava SAR ARTEMIS, pentru promptitudine \u0219i profesionalism.<\/p>\n<div class=\"monsterinsights-inline-popular-posts monsterinsights-inline-popular-posts-charlie monsterinsights-popular-posts-styled\">\n<div class=\"monsterinsights-inline-popular-posts-text\"><span class=\"monsterinsights-inline-popular-posts-label\">Vezi \u0219i:<\/span><\/p>\n<div class=\"monsterinsights-inline-popular-posts-post\"><a class=\"monsterinsights-inline-popular-posts-title\" href=\"https:\/\/www.dobrogeanews.ro\/primaria-tulcea-amenajeaza-un-parc-urban-de-peste-3-700-mp-in-zona-aquaserv-pe-strada-babadag-proiect-finantat-din-fonduri-europene\/\">Prim\u0103ria Tulcea amenajeaz\u0103 un Parc Urban de peste 3.700 mp \u00een zona Aquaserv, pe strada Babadag. Proiect finan\u021bat din fonduri europene<\/a><\/div>\n<div class=\"monsterinsights-inline-popular-posts-post\"><a class=\"monsterinsights-inline-popular-posts-title\" href=\"https:\/\/www.dobrogeanews.ro\/tulcea-noile-tarife-pentru-transport-public-rutier-si-naval\/\">Tulcea: Noile tarife pentru transport public (rutier \u0219i naval)<\/a><\/div>\n<div class=\"monsterinsights-inline-popular-posts-post\"><a class=\"monsterinsights-inline-popular-posts-title\" href=\"https:\/\/www.dobrogeanews.ro\/la-baia-taxa-de-habitat-a-ramas-15-lei-luna-pers-adica-180-lei-an-am-votat-aplicarea-cotelor-minime-permise\/\">La Baia, taxa de habitat a r\u0103mas 15 lei\/lun\u0103\/pers, adic\u0103, 180 lei\/an. \u201eAm votat aplicarea cotelor minime permise\u201d<\/a><\/div>\n<\/div>\n<\/div>\n<p class=\"has-text-align-center has-white-color has-text-color has-background\"><span><a href=\"https:\/\/news.google.com\/publications\/CAAqBwgKMIu5pgsw88O-Aw?ceid=RO:ro&amp;oc=3\">Urm\u0103ri\u0163i \u015etirile Dobrogeanews \u015fi pe Google News<\/a><\/span><\/p>\n<\/div>\n<div id=\"post-69863\" class=\"entry single-default post-69863 post type-post status-publish format-standard has-post-thumbnail hentry category-info\">\n<div>\n<div class=\"ss-follow-wrapper ss-clearfix ss-regular-buttons ss-columns-1 ss-default-style\">\n<div class=\"ss-follow-column\" data-ss-sf-network-id='\"facebook\"'><a href=\"https:\/\/www.facebook.com\/dobrogeanews\" class=\"ss-follow-network ss-facebook-color\" rel=\"nofollow noopener\" aria-label=\"facebook\" target=\"_blank\"><span class=\"ss-follow-network-label\">Urm\u0103re\u015fte-ne \u015fi pe Facebook!<\/span><span class=\"ss-follow-network-count\"><span class=\"ss-follow-network-count-number\">57K<\/span><span class=\"ss-follow-network-count-label\">Followers<\/span><\/span><\/a><\/div>\n<\/div>\n<\/div>\n<p>\u00cen prima zi de Pa\u0219te, un marinar de na\u021bionalitate azerbaidjan aflat pe o nav\u0103 ancorat\u0103 \u00een largul m\u0103rii sub pavilion Camerun, a fost salvat.<\/p>\n<figure class=\"wp-block-image size-full is-resized\">\n<source type=\"image\/webp\" data-lazy-srcset=\"https:\/\/dobrogeanews.b-cdn.net\/wp-content\/uploads\/2026\/04\/salvare-constanta.jpg.webp 2560w, https:\/\/dobrogeanews.b-cdn.net\/wp-content\/uploads\/2026\/04\/salvare-constanta-300x246.jpg.webp 300w, https:\/\/dobrogeanews.b-cdn.net\/wp-content\/uploads\/2026\/04\/salvare-constanta-1024x840.jpg.webp 1024w, https:\/\/dobrogeanews.b-cdn.net\/wp-content\/uploads\/2026\/04\/salvare-constanta-768x630.jpg.webp 768w, https:\/\/dobrogeanews.b-cdn.net\/wp-content\/uploads\/2026\/04\/salvare-constanta-1536x1260.jpg.webp 1536w, https:\/\/dobrogeanews.b-cdn.net\/wp-content\/uploads\/2026\/04\/salvare-constanta-2048x1680.jpg.webp 2048w\" sizes=\"(max-width: 640px) 100vw, 640px\" \/><br \/>\n<img loading=\"lazy\" decoding=\"async\" src=\"https:\/\/dobrogeanews.b-cdn.net\/wp-content\/uploads\/2026\/04\/salvare-constanta.jpg\" alt=\"Salvat din largul m\u0103rii \u00een prima zi de Pa\u0219te\" width=\"640\" height=\"525\"><\/figure>\n<p>Agen\u021bia Rom\u00e2n\u0103 de Salvare a Vie\u021bii Omene\u0219ti pe Mare (ARSVOM) a fost solicitat\u0103 de c\u0103tre Centrul Maritim de Coordonare (MRCC) pentru a efectua o interven\u021bie de tip Medevac. La bordul navei LIDER PRESTIJ, sub pavilion Camerun, aflat\u0103 \u00een zona 2 ancoraj din rada exterioar\u0103 a portului Constan\u021ba, un membru al echipajului necesit\u0103 \u00eengrijiri medicale.<\/p>\n<p>La ora 18:13, nava SAR ARTEMIS din cadrul ARSVOM s-a deplasat \u00een loca\u021bia indicat\u0103 de c\u0103tre MRCC, pentru a prelua pacientul.La ora 18:43, echipajul navei SAR ARTEMIS a preluat pacientul, de na\u021bionalitate azerbaidjan, con\u0219tient, cooperant, urm\u00e2nd a-l preda serviciilor medicale, \u00een dana de pasageri a portului Constan\u021ba.<\/p>\n<p>La ora 19:16, acesta a fost predat \u00een siguran\u021b\u0103 la ambulan\u021b\u0103. Felicit\u0103ri colegilor de pe nava SAR ARTEMIS, pentru promptitudine \u0219i profesionalism.<\/p>\n<div class=\"monsterinsights-inline-popular-posts monsterinsights-inline-popular-posts-charlie monsterinsights-popular-posts-styled\">\n<div class=\"monsterinsights-inline-popular-posts-text\"><span class=\"monsterinsights-inline-popular-posts-label\">Vezi \u0219i:<\/span><\/p>\n<div class=\"monsterinsights-inline-popular-posts-post\"><a class=\"monsterinsights-inline-popular-posts-title\" href=\"https:\/\/www.dobrogeanews.ro\/primaria-tulcea-amenajeaza-un-parc-urban-de-peste-3-700-mp-in-zona-aquaserv-pe-strada-babadag-proiect-finantat-din-fonduri-europene\/\">Prim\u0103ria Tulcea amenajeaz\u0103 un Parc Urban de peste 3.700 mp \u00een zona Aquaserv, pe strada Babadag. Proiect finan\u021bat din fonduri europene<\/a><\/div>\n<div class=\"monsterinsights-inline-popular-posts-post\"><a class=\"monsterinsights-inline-popular-posts-title\" href=\"https:\/\/www.dobrogeanews.ro\/tulcea-noile-tarife-pentru-transport-public-rutier-si-naval\/\">Tulcea: Noile tarife pentru transport public (rutier \u0219i naval)<\/a><\/div>\n<div class=\"monsterinsights-inline-popular-posts-post\"><a class=\"monsterinsights-inline-popular-posts-title\" href=\"https:\/\/www.dobrogeanews.ro\/la-baia-taxa-de-habitat-a-ramas-15-lei-luna-pers-adica-180-lei-an-am-votat-aplicarea-cotelor-minime-permise\/\">La Baia, taxa de habitat a r\u0103mas 15 lei\/lun\u0103\/pers, adic\u0103, 180 lei\/an. \u201eAm votat aplicarea cotelor minime permise\u201d<\/a><\/div>\n<\/div>\n<\/div>\n<p class=\"has-text-align-center has-white-color has-text-color has-background\"><span><a href=\"https:\/\/news.google.com\/publications\/CAAqBwgKMIu5pgsw88O-Aw?ceid=RO:ro&amp;oc=3\">Urm\u0103ri\u0163i \u015etirile Dobrogeanews \u015fi pe Google News<\/a><\/span><\/p>\n<\/div>\n<p>[analyse_source url=&#8221;https:\/\/www.dobrogeanews.ro\/salvat-din-largul-marii-in-prima-zi-de-paste\/&#8221;]<\/p>\n","protected":false},"excerpt":{"rendered":"<p>[analyse_image type=&#8221;featured&#8221; src=&#8221;https:\/\/dobrogeanews.b-cdn.net\/wp-content\/uploads\/2026\/04\/salvare-constanta.jpg&#8221;] Urm\u0103re\u015fte-ne \u015fi pe Facebook!57KFollowers \u00cen prima zi de Pa\u0219te, un marinar de na\u021bionalitate azerbaidjan aflat pe o nav\u0103 ancorat\u0103 \u00een largul m\u0103rii sub pavilion Camerun, a fost salvat. Agen\u021bia Rom\u00e2n\u0103 de Salvare a Vie\u021bii Omene\u0219ti pe Mare (ARSVOM) a fost solicitat\u0103 de c\u0103tre Centrul Maritim de Coordonare (MRCC) pentru a efectua o [&hellip;]<\/p>\n","protected":false},"author":1,"featured_media":0,"comment_status":"open","ping_status":"","sticky":false,"template":"","format":"standard","meta":{"footnotes":""},"categories":[89],"tags":[226,223],"class_list":["post-1879526","post","type-post","status-publish","format-standard","hentry","category-romania","tag-crawlmanager","tag-dobrogeanews-ro"],"_links":{"self":[{"href":"https:\/\/analyse.optim.biz\/index.php?rest_route=\/wp\/v2\/posts\/1879526","targetHints":{"allow":["GET"]}}],"collection":[{"href":"https:\/\/analyse.optim.biz\/index.php?rest_route=\/wp\/v2\/posts"}],"about":[{"href":"https:\/\/analyse.optim.biz\/index.php?rest_route=\/wp\/v2\/types\/post"}],"author":[{"embeddable":true,"href":"https:\/\/analyse.optim.biz\/index.php?rest_route=\/wp\/v2\/users\/1"}],"replies":[{"embeddable":true,"href":"https:\/\/analyse.optim.biz\/index.php?rest_route=%2Fwp%2Fv2%2Fcomments&post=1879526"}],"version-history":[{"count":0,"href":"https:\/\/analyse.optim.biz\/index.php?rest_route=\/wp\/v2\/posts\/1879526\/revisions"}],"wp:attachment":[{"href":"https:\/\/analyse.optim.biz\/index.php?rest_route=%2Fwp%2Fv2%2Fmedia&parent=1879526"}],"wp:term":[{"taxonomy":"category","embeddable":true,"href":"https:\/\/analyse.optim.biz\/index.php?rest_route=%2Fwp%2Fv2%2Fcategories&post=1879526"},{"taxonomy":"post_tag","embeddable":true,"href":"https:\/\/analyse.optim.biz\/index.php?rest_route=%2Fwp%2Fv2%2Ftags&post=1879526"}],"curies":[{"name":"wp","href":"https:\/\/api.w.org\/{rel}","templated":true}]}}