{"id":1879510,"date":"2026-04-13T07:24:56","date_gmt":"2026-04-13T04:24:56","guid":{"rendered":"https:\/\/analyse.optim.biz\/?p=1879510"},"modified":"2026-04-13T07:24:56","modified_gmt":"2026-04-13T04:24:56","slug":"domnia-lui-viktor-orban-a-ajuns-la-final-dupa-o-prezenta-record-la-vot-maghiarii-l-au-ales-intr-un-numar-covarsitor-pe-peter-magyar","status":"publish","type":"post","link":"https:\/\/analyse.optim.biz\/?p=1879510","title":{"rendered":"Domnia lui Viktor Orban a ajuns la final. Dup\u0103 o prezen\u021b\u0103 record la vot, maghiarii l-au ales \u00eentr-un num\u0103r cov\u00e2r\u0219itor pe P\u00e9ter Magyar"},"content":{"rendered":"<p>[analyse_image type=&#8221;featured&#8221; src=&#8221;https:\/\/ziardesuceava.ro\/wp-content\/uploads\/2026\/04\/672070335_27067551952852563_7412943783868441972_n-e1776062205869.jpg&#8221;]<\/p>\n<div class=\"post-content clearfix\">\n<div class=\"blog-post-thumb\"><img loading=\"lazy\" decoding=\"async\" width=\"640\" height=\"595\" src=\"https:\/\/ziardesuceava.ro\/wp-content\/uploads\/2026\/04\/672070335_27067551952852563_7412943783868441972_n-e1776062205869.jpg\" class=\"attachment-inhype-blog-thumb size-inhype-blog-thumb wp-post-image\" alt><\/div>\n<div class=\"entry-content\">\n<div id=\"div-gpt-ad-1717413327436-0\" data-google-query-id=\"COmjq-OZ6pMDFT2mJwIdrgwqGQ\">\n<p>Orb\u00e1n a acceptat rezultatele \u00eentr-un discurs, afirm\u00e2nd c\u0103 partidul s\u0103u, Fidesz, va \u201esluji \u0163ara noastr\u0103 \u015fi na\u0163iunea maghiar\u0103 din opozi\u0163ie\u201d. Fidesz este pe cale s\u0103 ob\u0163in\u0103 55 de locuri.<\/p>\n<p>Consecin\u0163ele votului de duminic\u0103 se extind mult dincolo de grani\u0163ele Ungariei. Iat\u0103 to\u0163i ceilal\u0163i c\u00e2\u015ftig\u0103tori \u015fi perdan\u0163i ai celor mai importante alegeri din Europa din acest an.<\/p>\n<h2><strong>C\u00e2\u015ftig\u0103torii<\/strong><\/h2>\n<h3><strong>Liderii UE Ursula von der Leyen \u015fi Ant\u00f3nio Costa<\/strong><\/h3>\n<p>Pre\u015fedinta Comisiei Europene, Ursula von der Leyen, \u015fi pre\u015fedintele Consiliului European, Ant\u00f3nio Costa, pot spune adio unuia dintre cei mai \u00eenc\u0103p\u0103\u0163\u00e2na\u0163i lideri ai UE, care \u015fi-a exercitat dreptul de veto asupra unor decizii cruciale ale Bruxelles-ului, inclusiv asupra sprijinului financiar acordat Ucrainei.<\/p>\n<p>Orb\u00e1n a fost, de asemenea, unul dintre cei mai vocali adversari ai Bruxelles-ului, aliment\u00e2nd euroscepticismul \u00een timp ce submina statul de drept \u00een \u0163ara sa \u015fi se opunea \u00een mod repetat legisla\u0163iei UE, ceea ce a reprezentat o provocare direct\u0103 la adresa capacit\u0103\u0163ii Comisiei de a-\u015fi aplica regulile.<\/p>\n<p>\u201eUngaria a ales Europa. Europa a ales \u00eentotdeauna Ungaria. O \u0163ar\u0103 \u00ee\u015fi rec\u00e2\u015ftig\u0103 drumul european. Uniunea devine mai puternic\u0103\u201d, a declarat von der Leyen la scurt timp dup\u0103 ce Orb\u00e1n \u015fi-a recunoscut \u00eenfr\u00e2ngerea.<\/p>\n<h3><strong>Ucrainenii (cu o rezerv\u0103)<\/strong><\/h3>\n<p>Anul acesta, Orb\u00e1n s-a opus acord\u0103rii unui \u00eemprumut de 90 de miliarde de euro c\u0103tre Ucraina, convenit de liderii europeni \u2014 inclusiv de el \u00eensu\u015fi \u2014 \u00een decembrie 2025.<\/p>\n<p>Ungaria \u015fi-a retras aprobarea dup\u0103 ce importurile de petrol rusesc au \u00eencetat s\u0103 mai curg\u0103 prin conductele Druzhba care traverseaz\u0103 Ucraina, fapt pe care Orb\u00e1n l-a calificat drept o manevr\u0103 deliberat\u0103 a Kievului de a influen\u0163a alegerile prin sl\u0103birea economiei maghiare.<\/p>\n<p>Ucraina are nevoie de finan\u0163are pentru a continua s\u0103 resping\u0103 invazia pe scar\u0103 larg\u0103 a Rusiei \u00eenainte de var\u0103, c\u00e2nd trezoreria sa urmeaz\u0103 s\u0103 r\u0103m\u00e2n\u0103 f\u0103r\u0103 lichidit\u0103\u0163i.<\/p>\n<p>Pre\u015fedintele Volodimir Zelenski l-a felicitat pe Magyar duminic\u0103 seara. \u201eUcraina a c\u0103utat \u00eentotdeauna rela\u0163ii de bun\u0103 vecin\u0103tate cu toat\u0103 lumea din Europa \u015fi suntem gata s\u0103 ne intensific\u0103m cooperarea cu Ungaria\u201d, a spus el, ad\u0103ug\u00e2nd c\u0103 Kievul este preg\u0103tit pentru \u201e\u00eent\u00e2lniri \u015fi o munc\u0103 constructiv\u0103 comun\u0103 \u00een beneficiul ambelor na\u0163iuni\u201d.<\/p>\n<p>Magyar dore\u015fte s\u0103 aib\u0103 rela\u0163ii bune cu Bruxelles \u015fi va debloca probabil \u00eemprumutul. Dar este o victorie cu gust amar pentru Zelenski, \u00eentruc\u00e2t viitorul prim-ministru a declarat c\u0103 se opune trimiterii de arme sau bani maghiari la Kiev \u015fi se opune acceler\u0103rii procesului de aderare a Ucrainei la UE.<\/p>\n<p>Magyar a promis c\u0103 va supune aceast\u0103 chestiune unui referendum, ceea ce ar \u00eensemna, de fapt, blocarea procesului, av\u00e2nd \u00een vedere sentimentul anti-ucrainean puternic din societatea maghiar\u0103, pe care trebuie s\u0103-l satisfac\u0103 pentru a-\u015fi men\u0163ine sprijinul.<\/p>\n<h3><strong>Tinerii maghiari<\/strong><\/h3>\n<p>Sondajele realizate \u00eenaintea alegerilor indicau faptul c\u0103 p\u00e2n\u0103 la dou\u0103 treimi dintre maghiarii cu v\u00e2rsta sub 30 de ani doreau plecarea lui Orb\u00e1n.<\/p>\n<p>Concertele-protest masive din Budapesta din perioada premerg\u0103toare alegerilor au atras sute de mii de tineri maghiari, mul\u0163i dintre ei declar\u00e2nd pentru presa interna\u0163ional\u0103 c\u0103 vor p\u0103r\u0103si \u0163ara dac\u0103 Orb\u00e1n va c\u00e2\u015ftiga din nou.<\/p>\n<p>Magyar le-a mul\u0163umit tinerilor maghiari \u00een discursul s\u0103u de victorie, \u00een timp ce mul\u0163imi de tineri inundau str\u0103zile Budapestei s\u0103rb\u0103torind rezultatul. \u201eV\u0103 mul\u0163umesc c\u0103 a\u0163i readus speran\u0163a, speran\u0163a \u00een schimbare\u201d, a spus el.<\/p>\n<h3><strong>Jurnali\u015fti \u015fi medici<\/strong><\/h3>\n<p>Jurnali\u015ftii independen\u0163i s-au confruntat cu o lupt\u0103 dificil\u0103 \u00een Ungaria, \u00eentruc\u00e2t Orb\u00e1n a preluat controlul asupra a 80% din mass-media din \u0163ar\u0103. \u00cen ciuda acestui fapt, reporterii independen\u0163i au devenit un factor decisiv \u00een rezultatul final. Ace\u015ftia au dezv\u0103luit modul \u00een care guvernul Orb\u00e1n a ac\u0163ionat pentru a submina opozi\u0163ia prin intermediul serviciilor secrete ale \u0163\u0103rii \u015fi au ob\u0163inut detalii despre convorbirile telefonice dintre Budapesta \u015fi Kremlin, \u00een care se discutau chestiuni sensibile legate de UE.<\/p>\n<p>Medicii vor fi, de asemenea, c\u00e2\u015ftig\u0103tori, \u00eentruc\u00e2t Magyar a promis s\u0103 creasc\u0103 investi\u0163iile publice cu 1 miliard de euro pe an. Aceast\u0103 promisiune vine dup\u0103 un deceniu de subfinan\u0163are \u00een sectorul s\u0103n\u0103t\u0103\u0163ii, care a l\u0103sat \u00een urm\u0103 liste lungi de a\u015fteptare, spitale d\u0103r\u0103p\u0103nate, lips\u0103 de echipamente \u015fi, \u00een cele din urm\u0103, a provocat un exod al creierelor, a declarat pentru POLITICO pre\u015fedintele Camerei Medicale Maghiare, P\u00e9ter Almos.<\/p>\n<p>Guvernul lui Orb\u00e1n a lansat \u00een trecut campanii publicitare pe panouri care \u00eei \u00eenvinuiau pe medici pentru deficien\u0163ele sistemului.<\/p>\n<h2><strong>Perdan\u0163ii<\/strong><\/h2>\n<h3><strong>Donald Trump \u015fi JD Vance<\/strong><\/h3>\n<p>Vicepre\u015fedintele SUA, JD Vance, l-a vizitat pe Orb\u00e1n la Budapesta \u00een 7 aprilie pentru a-i sus\u0163ine campania de realegere, l\u0103ud\u00e2ndu-se c\u0103 acesta va c\u00e2\u015ftiga \u015fi acuz\u00e2nd UE de amestec \u00een alegeri. Pre\u015fedintele SUA, Donald Trump, i-a acordat lui Orb\u00e1n cinci sus\u0163ineri publice \u00een ultimele \u015fase luni \u015fi a promis c\u0103 Washingtonul va oferi Ungariei sprijin economic.<\/p>\n<p>\u201eTrebuie s\u0103-l realegem pe Orb\u00e1n ca prim-ministru al Ungariei, nu-i a\u015fa?\u201d, le-a spus Vance sus\u0163in\u0103torilor Fidesz, \u00een aplauzele entuziaste ale acestora, \u00een timpul unui miting organizat \u00eentr-un stadion de fotbal. Dar cuvintele de sus\u0163inere au fost \u00een zadar, reprezent\u00e2nd o lovitur\u0103 pentru Casa Alb\u0103, care \u015fi-a pierdut acum aliatul cheie \u00een Europa, pe fondul deterior\u0103rii rela\u0163iilor transatlantice.<\/p>\n<h3><strong>Oameni de afaceri \u015fi think tank-uri legate de Fidesz<\/strong><\/h3>\n<p>Re\u0163eaua de think tank-uri conservatoare finan\u0163ate de guvernul Orb\u00e1n este pe cale s\u0103-\u015fi piard\u0103 fondurile de func\u0163ionare. Printre acestea se num\u0103r\u0103 Mathias Corvinus Collegium, think tank-ul condus de directorul politic al lui Orb\u00e1n \u015fi care face lobby pe l\u00e2ng\u0103 institu\u0163iile UE la Bruxelles.<\/p>\n<p>Oamenii de afaceri maghiari apropia\u0163i de Fidesz, care domin\u0103 sectorul privat al \u0163\u0103rii \u2014 inclusiv prietenul din copil\u0103rie al lui Orb\u00e1n, L\u0151rinc M\u00e9sz\u00e1ros, \u015fi ginerele s\u0103u, Istv\u00e1n Tiborcz \u2014 risc\u0103 s\u0103-\u015fi piard\u0103 accesul privilegiat la fondurile UE \u015fi la contractele publice.<\/p>\n<p>\u00cen discursul s\u0103u de victorie, Magyar a declarat c\u0103 va \u00eenfiin\u0163a un \u201ebirou pentru restaurarea averii na\u0163ionale\u201d, \u00een cadrul c\u0103ruia avoca\u0163i \u015fi poli\u0163i\u015fti vor investiga pentru a recupera bunurile statului \u015fi a-i b\u0103ga dup\u0103 gratii pe cei care au participat la acte de corup\u0163ie. \u201eNu vom mai fi niciodat\u0103 o \u0163ar\u0103 f\u0103r\u0103 consecin\u0163e\u201d, a spus el.<\/p>\n<h3><strong>Kremlinul<\/strong><\/h3>\n<p>Pre\u015fedintele rus Vladimir Putin tocmai a pierdut un aliat valoros \u2014 \u015fi o surs\u0103 cheie de informa\u0163ii din interior \u2014 chiar \u00een inima UE.<\/p>\n<p>\u00cen ultimele luni, presa maghiar\u0103 \u015fi interna\u0163ional\u0103 a dezv\u0103luit leg\u0103turi str\u00e2nse \u00eentre Budapesta \u015fi Moscova, inclusiv convorbiri telefonice \u00eentre ministrul de externe P\u00e9ter Szijj\u00e1rt\u00f3 \u015fi omologul s\u0103u rus, Serghei Lavrov.<\/p>\n<p>Cei doi au discutat despre deliber\u0103rile interne ale UE privind sanc\u0163iunile \u00eempotriva Rusiei, Szijj\u00e1rt\u00f3 promi\u0163\u00e2nd, se pare, c\u0103 va \u00eemp\u0103rt\u0103\u015fi documente europene confiden\u0163iale prin intermediul ambasadei maghiare.<\/p>\n<h3><strong>Arip\u0103 dreapt\u0103 european\u0103<\/strong><\/h3>\n<p>Orb\u00e1n, care a promis frecvent c\u0103 va \u201eocupa\u201d Bruxelles-ul \u015fi va schimba institu\u0163iile din interior, este figura-cheie a partidului de extrem\u0103 dreapta \u201ePatrio\u0163ii pentru Europa\u201d, care reune\u015fte partidele na\u0163ionaliste ale UE, precum RN din Fran\u0163a, condus de Marine Le Pen, \u015fi Vox din Spania, condus de Santiago Abascal.<\/p>\n<p>\u00cenfr\u00e2ngerea lui Orb\u00e1n reprezint\u0103 o pierdere \u015fi pentru alte figuri de extrem\u0103 dreapta din Europa, inclusiv pentru prim-ministrul italian Giorgia Meloni, care pierde un aliat la masa negocierilor de la Bruxelles.<\/p>\n<p>\u00a0<\/p>\n<\/div>\n<\/div>\n<div class=\"inhype-social-share-fixed sidebar-position-right\">\n<div class=\"post-social-wrapper\">\n<div class=\"post-social-title\"><span class=\"post-social-title-text\">Share<\/span><\/div>\n<\/div>\n<\/div>\n<\/div>\n<p>[analyse_source url=&#8221;https:\/\/ziardesuceava.ro\/domnia-lui-viktor-orban-a-ajuns-la-final-dupa-o-prezenta-record-la-vot-maghiarii-l-au-ales-intr-un-numar-covarsitor-pe-peter-magyar\/&#8221;]<\/p>\n","protected":false},"excerpt":{"rendered":"<p>[analyse_image type=&#8221;featured&#8221; src=&#8221;https:\/\/ziardesuceava.ro\/wp-content\/uploads\/2026\/04\/672070335_27067551952852563_7412943783868441972_n-e1776062205869.jpg&#8221;] Orb\u00e1n a acceptat rezultatele \u00eentr-un discurs, afirm\u00e2nd c\u0103 partidul s\u0103u, Fidesz, va \u201esluji \u0163ara noastr\u0103 \u015fi na\u0163iunea maghiar\u0103 din opozi\u0163ie\u201d. Fidesz este pe cale s\u0103 ob\u0163in\u0103 55 de locuri. Consecin\u0163ele votului de duminic\u0103 se extind mult dincolo de grani\u0163ele Ungariei. Iat\u0103 to\u0163i ceilal\u0163i c\u00e2\u015ftig\u0103tori \u015fi perdan\u0163i ai celor mai importante alegeri din [&hellip;]<\/p>\n","protected":false},"author":1,"featured_media":0,"comment_status":"open","ping_status":"","sticky":false,"template":"","format":"standard","meta":{"footnotes":""},"categories":[89],"tags":[226,171],"class_list":["post-1879510","post","type-post","status-publish","format-standard","hentry","category-romania","tag-crawlmanager","tag-ziardesuceava-ro"],"_links":{"self":[{"href":"https:\/\/analyse.optim.biz\/index.php?rest_route=\/wp\/v2\/posts\/1879510","targetHints":{"allow":["GET"]}}],"collection":[{"href":"https:\/\/analyse.optim.biz\/index.php?rest_route=\/wp\/v2\/posts"}],"about":[{"href":"https:\/\/analyse.optim.biz\/index.php?rest_route=\/wp\/v2\/types\/post"}],"author":[{"embeddable":true,"href":"https:\/\/analyse.optim.biz\/index.php?rest_route=\/wp\/v2\/users\/1"}],"replies":[{"embeddable":true,"href":"https:\/\/analyse.optim.biz\/index.php?rest_route=%2Fwp%2Fv2%2Fcomments&post=1879510"}],"version-history":[{"count":0,"href":"https:\/\/analyse.optim.biz\/index.php?rest_route=\/wp\/v2\/posts\/1879510\/revisions"}],"wp:attachment":[{"href":"https:\/\/analyse.optim.biz\/index.php?rest_route=%2Fwp%2Fv2%2Fmedia&parent=1879510"}],"wp:term":[{"taxonomy":"category","embeddable":true,"href":"https:\/\/analyse.optim.biz\/index.php?rest_route=%2Fwp%2Fv2%2Fcategories&post=1879510"},{"taxonomy":"post_tag","embeddable":true,"href":"https:\/\/analyse.optim.biz\/index.php?rest_route=%2Fwp%2Fv2%2Ftags&post=1879510"}],"curies":[{"name":"wp","href":"https:\/\/api.w.org\/{rel}","templated":true}]}}