{"id":1879506,"date":"2026-04-12T14:34:59","date_gmt":"2026-04-12T11:34:59","guid":{"rendered":"https:\/\/analyse.optim.biz\/?p=1879506"},"modified":"2026-04-12T14:34:59","modified_gmt":"2026-04-12T11:34:59","slug":"oficiali-americani-acuza-ue-ca-isi-foloseste-puterea-pentru-a-cenzura-dezbaterea-online-inaintea-alegerilor-din-sua-si-europa","status":"publish","type":"post","link":"https:\/\/analyse.optim.biz\/?p=1879506","title":{"rendered":"Oficiali americani acuz\u0103 UE c\u0103 \u00ee\u0219i folose\u0219te puterea pentru a cenzura dezbaterea online \u00eenaintea alegerilor din SUA \u0219i Europa"},"content":{"rendered":"<p>[analyse_image type=&#8221;featured&#8221; src=&#8221;https:\/\/ortodoxinfo.ro\/wp-content\/uploads\/2026\/04\/oficiali-americani-acuza-ue-ca-isi-foloseste-puterea-pentru-a-cenzura-dezbaterea-online-inaintea-ale.jpeg&#8221;]<\/p>\n<article id=\"post-220657\" class=\"post-220657 post type-post status-publish format-standard has-post-thumbnail category-big-brother\">\n<header class=\"single-header\">\n<h1 class=\"s-title fw-headline\">Oficiali americani acuz\u0103 UE c\u0103 \u00ee\u0219i folose\u0219te puterea pentru a cenzura dezbaterea online \u00eenaintea alegerilor din SUA \u0219i Europa<\/h1>\n<div class=\"single-meta meta-s-default yes-0\">\n<div class=\"smeta-in\"><a class=\"meta-el meta-avatar\" href=\"https:\/\/ortodoxinfo.ro\/author\/redactor\/\"><img loading=\"lazy\" decoding=\"async\" alt=\"OrtodoxINFO\" src=\"https:\/\/secure.gravatar.com\/avatar\/21010332354a182ce4de6016685c5586f21c51866d0ec5bc8ef383240b3c3e02?s=120&amp;r=g\" class=\"avatar avatar-120 photo\" height=\"120\" width=\"120\"><\/a><\/p>\n<div class=\"smeta-sec\">\n<div class=\"p-meta\">\n<div class=\"meta-inner is-meta\"><span class=\"meta-el meta-date\"><time datetime=\"2026-04-12T17:34:59+03:00\">12 aprilie 2026<\/time><\/span><span class=\"meta-el meta-category meta-bold\"><a class=\"meta-separate category-1596\" href=\"https:\/\/ortodoxinfo.ro\/category\/anti-sistem\/big-brother\/\">Big brother<\/a><\/span><span class=\"meta-el meta-view\">3.3k vizualiz\u0103ri\t\t<\/span><span class=\"meta-el meta-comment mobile-last-meta tablet-last-meta\"><a href=\"https:\/\/ortodoxinfo.ro\/2026\/04\/12\/oficiali-americani-acuza-ue-ca-isi-foloseste-puterea-pentru-a-cenzura-dezbaterea-online-inaintea-alegerilor-din-sua-si-europa\/#respond\">Comentarii<\/a><\/span><\/div>\n<\/div>\n<\/div>\n<\/div>\n<div class=\"smeta-extra\">\n<div class=\"t-shared-sec tooltips-n has-read-meta is-color\">\n<div class=\"t-shared-header is-meta\"><span class=\"share-label\">Share<\/span><\/div>\n<\/div>\n<div class=\"single-right-meta single-time-read is-meta\"><span class=\"meta-el meta-read\">7 Min Read<\/span><\/div>\n<\/div>\n<\/div>\n<\/header>\n<div class=\"grid-container\">\n<div class=\"s-ct\">\n<div class=\"s-feat-outer\">\n<div class=\"s-feat\">\n<div class=\"featured-lightbox-trigger\" data-source=\"https:\/\/ortodoxinfo.ro\/wp-content\/uploads\/2026\/04\/oficiali-americani-acuza-ue-ca-isi-foloseste-puterea-pentru-a-cenzura-dezbaterea-online-inaintea-ale.jpeg\" data-caption data-attribution><img fetchpriority=\"high\" decoding=\"async\" width=\"860\" height=\"452\" src=\"https:\/\/ortodoxinfo.ro\/wp-content\/uploads\/2026\/04\/oficiali-americani-acuza-ue-ca-isi-foloseste-puterea-pentru-a-cenzura-dezbaterea-online-inaintea-ale-860x452.jpeg\" class=\"attachment-foxiz_crop_o1 size-foxiz_crop_o1 wp-post-image\" alt loading=\"eager\"><\/div>\n<\/div>\n<\/div>\n<div class=\"s-ct-wrap has-lsl\">\n<div class=\"s-ct-inner\">\n<div class=\"l-shared-sec-outer show-mobile\">\n<div class=\"l-shared-sec\">\n<div class=\"l-shared-header meta-text\"><span class=\"share-label\">SHARE<\/span><\/div>\n<\/div>\n<\/div>\n<div class=\"e-ct-outer\">\n<div class=\"entry-content rbct clearfix is-highlight-shares\">\n<p><strong>Cu o zi \u00eenaintea alegerilor parlamentare din Ungaria, o delega\u021bie de congresmeni americani acuz\u0103 Comisia European\u0103 c\u0103 ar folosi Digital Services Act (DSA) pentru a influen\u021ba dezbaterea public\u0103 \u0219i a restr\u00e2nge discursul politic online. \u00centr-o scrisoare oficial\u0103 adresat\u0103 vicepre\u0219edintei executivului european Henna Virkkunen, Jim Jordan \u0219i Chris Smith sus\u021bin c\u0103 m\u0103surile aplicate de Bruxelles ar avea efecte directe asupra con\u021binutului politic din mediul digital, inclusiv prin eliminarea sau retrogradarea unor mesaje cu impact electoral. Demersul legislatorilor americani intervine \u00eentr-un moment de tensiune politic\u0103 ridicat\u0103 la Budapesta \u0219i reaprinde disputa transatlantic\u0103 privind limitele reglement\u0103rii platformelor digitale \u0219i libertatea de exprimare.<\/strong><\/p>\n<div class=\"inline-single-ad ad_single_index alignfull\">\n<div class=\"ad-wrap ad-script-wrap\">\n<div class=\"ad-script non-adsense edge-padding\">\n<div>\n\u203c\ufe0f\u203c\ufe0f NU recunoa\u0219tem ca pre\u0219edinte al Rom\u00e2niei pe marioneta retard\u0103 Nicu\u0219or Dan! Rom\u00e2ni, boicota\u021bi aceast\u0103 f\u0103c\u0103tur\u0103, care ne face \u021bara de r\u00e2s! NU rom\u00e2nii l-au votat pe Nicusoro\u0219 &#8211; cu unele excep\u021bii de persoane infantile, manipulabile \u0219i chiar idioate &#8211; ci l-au ajutat Maia Soro\u0219, Emanuel Macrou \u0219i tr\u0103d\u0103torii de la B.E.C. \u0219i CCR!<br \/>\n La \u00eenchisoare cu cei care au fraudat alegerile!\n<\/div>\n<\/div>\n<\/div>\n<\/div>\n<p>Cu o zi \u00eenaintea scrutinului parlamentar extrem de urm\u0103rit din Ungaria, parlamentari americani au acuzat Comisia European\u0103 c\u0103 \u00eencearc\u0103 s\u0103 influen\u021beze votul prin reglementarea platformelor online, conform <a href=\"https:\/\/kyivindependent.com\/us-lawmakers-allege-european-commission-interference-hungary-election\/\" target=\"_blank\" rel=\"noopener\">Kiev Independent<\/a>.<\/p>\n<p>\u00centr-o scrisoare datat\u0103 10 aprilie, congresmenii Jim Jordan \u0219i Chris Smith sus\u021bin c\u0103 Executivul european ar fi presat marile platforme digitale s\u0103 modifice politicile globale de moderare a con\u021binutului, \u00eentr-un mod care ar echivala, \u00een opinia lor, cu cenzur\u0103 politic\u0103.<\/p>\n<p>\u201eInforma\u021bii publice indic\u0103 faptul c\u0103 este posibil ca Comisia European\u0103 s\u0103 fie implicat\u0103 \u00een activit\u0103\u021bi similare \u00eenaintea alegerilor generale din Ungaria din aceast\u0103 lun\u0103 \u2014 din nou, cu poten\u021biale efecte negative asupra libert\u0103\u021bii de exprimare a americanilor\u201d, au scris cei doi legislatori.<\/p>\n<p>Ace\u0219tia au acuzat, de asemenea, Comisia c\u0103 a exercitat \u201e\u00een mod regulat\u201d presiuni asupra platformelor pentru a le determina \u201es\u0103 \u00ee\u0219i modifice regulile globale de moderare a con\u021binutului \u0219i s\u0103 cenzureze con\u021binutul \u00eentr-un mod politic p\u0103rtinitor \u00eenaintea alegerilor majore din SUA \u0219i Europa\u201d.<\/p>\n<p>\u201eV\u0103 cerem s\u0103 pune\u021bi cap\u0103t instrumentaliz\u0103rii Actului privind serviciile digitale (DSA) \u0219i s\u0103 v\u0103 ab\u021bine\u021bi de la orice ac\u021biuni care ar putea duce la cenzurarea americanilor\u201d, se arat\u0103 \u00een scrisoare.<\/p>\n<p>\u201eComisia a fost implicat\u0103 anterior \u00een cenzur\u0103 politic\u0103 la nivel global \u00eenaintea alegerilor majore din SUA \u0219i Europa. V\u0103 cerem s\u0103 nu repeta\u021bi acest lucru \u00een Ungaria\u201d, au ad\u0103ugat ace\u0219tia. \u201eLibertatea de exprimare \u0219i democra\u021bia sunt \u00een centrul alian\u021bei noastre istorice, iar continuarea acestei \u00eendep\u0103rt\u0103ri rapide de aceste principii fundamentale ar fi o gre\u0219eal\u0103.\u201d<\/p>\n<p>Acuza\u021biile de ingerin\u021b\u0103 electoral\u0103 apar \u00een contextul \u00een care premierul ungar Viktor Orb\u00e1n se confrunt\u0103 cu o provocare puternic\u0103 din partea opozi\u021biei, reprezentat\u0103 de partidul Tisza, condus de P\u00e9ter Magyar, la scrutinul din 12 aprilie. Sondajele de opinie indic\u0103 faptul c\u0103 partidul Fidesz al lui Orb\u00e1n este \u00een dezavantaj.<\/p>\n<p>Problema influen\u021bei externe a devenit un punct de tensiune \u00een ultimele zile ale campaniei. Vicepre\u0219edintele american JD Vance a vizitat Budapesta la \u00eenceputul s\u0103pt\u0103m\u00e2nii pentru a-l sus\u021bine pe Orb\u00e1n, un aliat ideologic, \u0219i a acuzat \u201ebirocra\u021bii de la Bruxelles\u201d c\u0103 ac\u021bioneaz\u0103 \u00eempotriva poporului ungar, \u00eentr-o interven\u021bie din 7 aprilie.<\/p>\n<p>Pre\u0219edintele american Donald Trump \u0219i-a exprimat, de asemenea, sprijinul public pentru Orb\u00e1n, aflat la conducerea Ungariei de 16 ani, perioad\u0103 \u00een care mai mul\u021bi observatori au descris o tendin\u021b\u0103 de erodare democratic\u0103 \u00een \u021bara din Europa Central\u0103.<\/p>\n<p>Comisia European\u0103 a respins acuza\u021biile de ingerin\u021b\u0103, inclusiv pe cele formulate de Vance, afirm\u00e2nd c\u0103 ac\u021biunile sale vizeaz\u0103 protejarea integrit\u0103\u021bii alegerilor, \u00een special \u00eempotriva manipul\u0103rii pe platformele de social media.<\/p>\n<blockquote>\n<p><em>Scrisoarea oficiala trimisa de Jim Jordan \u0219i Chris Smith c\u0103tre Henna Virkkunen (membr\u0103 a Comisiei Europene).\u00a0<\/em><\/p>\n<p><em>Comitetul Judiciar al Camerei Reprezentan\u021bilor<\/em><\/p>\n<p>Washington, DC 20515 Jim Jordan, Pre\u0219edinte 12 aprilie 2026 Henna Virkkunen<\/p>\n<p>Vicepre\u0219edint\u0103 Executiv\u0103 pentru Securitate \u00een Era Digital\u0103<\/p>\n<p>Comisia European\u0103<\/p>\n<p>Rue de la Loi 200<\/p>\n<p>1049 Bruxelles<\/p>\n<p>Belgia<\/p>\n<p>\u00a0<\/p>\n<p><em>Stimata doamn\u0103 Vicepre\u0219edint\u0103 Virkkunen,<\/em><\/p>\n<p><em>V\u0103 scriem pentru a exprima \u00eengrijorarea noastr\u0103 serioas\u0103 cu privire la ac\u021biunile Comisiei Europene de a utiliza Digital Services Act (DSA) pentru a modera \u0219i a suprima discursul online \u00eenainte de alegerile parlamentare din Ungaria de m\u00e2ine, 12 aprilie 2026. Aceste ac\u021biuni par s\u0103 reprezinte o interferen\u021b\u0103 direct\u0103 \u00een procesul electoral democratic al unui stat membru al UE \u0219i ridic\u0103 \u00eentreb\u0103ri semnificative cu privire la impactul poten\u021bial asupra libert\u0103\u021bii de exprimare protejate de Primul Amendament al Constitu\u021biei Statelor Unite.<\/em><\/p>\n<p><em>Conform rapoartelor publice, Comisia European\u0103 a activat mecanisme de \u201er\u0103spuns rapid\u201d \u0219i a desemnat \u201etrusted flaggers\u201d (indicatori de \u00eencredere) pentru a monitoriza \u0219i a semnala con\u021binutul online \u00een zilele premerg\u0103toare alegerilor ungare. Aceste eforturi au ca rezultat eliminarea sau retrogradarea (demotion) con\u021binutului care sus\u021bine guvernul actual sau perspectivele conservatoare, cre\u00e2nd un dezechilibru clar \u00een dezbaterea public\u0103. O astfel de interven\u021bie selectiv\u0103 submineaz\u0103 integritatea procesului electoral \u0219i \u00eencalc\u0103 principiile fundamentale ale democra\u021biei.<\/em><\/p>\n<p><em>Mai mult, aceste ac\u021biuni ale Comisiei au implica\u021bii dincolo de grani\u021bele Europei. Platformele online globale adesea aplic\u0103 deciziile de moderare la scar\u0103 mondial\u0103, ceea ce \u00eenseamn\u0103 c\u0103 eforturile UE de a suprima anumite voci pot duce la eliminarea sau retrogradarea con\u021binutului protejat de Primul Amendament pentru utilizatorii din Statele Unite. Statele Unite nu vor tolera ca guverne str\u0103ine s\u0103 dicteze ce discurs politic este permis pe platformele pe care cet\u0103\u021benii americani le acceseaz\u0103 zilnic.Solicit\u0103m ferm Comisiei Europene s\u0103 se ab\u021bin\u0103 de la orice interferen\u021b\u0103 suplimentar\u0103 \u00een alegerile din Ungaria sau \u00een orice alt proces electoral democratic. <\/em><\/p>\n<p><em>Comisia ar trebui s\u0103 respecte suveranitatea statelor membre \u0219i s\u0103 evite utilizarea DSA ca instrument de cenzur\u0103 politic\u0103. Orice ac\u021biune care afecteaz\u0103 libertatea de exprimare a cet\u0103\u021benilor americani va fi monitorizat\u0103 cu aten\u021bie de Congresul Statelor Unite.<\/em><\/p>\n<p><em>A\u0219tept\u0103m un r\u0103spuns prompt \u0219i detaliat la aceast\u0103 scrisoare, inclusiv o descriere a tuturor m\u0103surilor luate de Comisie \u00een leg\u0103tur\u0103 cu alegerile ungare \u0219i garan\u021bii c\u0103 nu vor fi impuse restric\u021bii suplimentare asupra discursului online.V\u0103 mul\u021bumim pentru aten\u021bia acordat\u0103 acestei chestiuni importante.Cu stim\u0103, Jim Jordan<\/em><\/p>\n<p>Pre\u0219edinte<\/p>\n<p>Comitetul Judiciar al Camerei Reprezentan\u021bilor Chris Smith<\/p>\n<p>Membru al Congresului<\/p>\n<p>\u00a0<\/p>\n<\/blockquote>\n<hr>\n<blockquote class=\"twitter-tweet\" data-width=\"500\" data-dnt=\"true\">\n<p lang=\"en\" dir=\"ltr\"><a href=\"https:\/\/twitter.com\/hashtag\/NEWS?src=hash&amp;ref_src=twsrc%5Etfw\">#NEWS<\/a>: The European Commission uses its vast power to limit online discourse ahead of major elections in the U.S. and Europe.<\/p>\n<p>Its actions could affect U.S. speech\u2014including the global removal and demotion of content protected by the First Amendment.<\/p>\n<p>Ahead of tomorrow&#39;s\u2026 <a href=\"https:\/\/t.co\/ZXKaaRfZUx\">pic.twitter.com\/ZXKaaRfZUx<\/a><\/p>\n<p>&mdash; House Judiciary GOP \ud83c\uddfa\ud83c\uddf8\ud83c\uddfa\ud83c\uddf8\ud83c\uddfa\ud83c\uddf8 (@JudiciaryGOP) <a href=\"https:\/\/twitter.com\/JudiciaryGOP\/status\/2042984972957475171?ref_src=twsrc%5Etfw\">April 11, 2026<\/a><\/p><\/blockquote>\n<p><script async src=\"https:\/\/platform.twitter.com\/widgets.js\" charset=\"utf-8\"><\/script>\n<\/div>\n<\/div>\n<\/div>\n<div class=\"e-shared-sec entry-sec\">\n<div class=\"e-shared-header h4\"><span>Distribuie<\/span><\/div>\n<div class=\"rbbsl tooltips-n effect-fadeout is-bg\"><a class=\"share-action share-trigger icon-facebook\" aria-label=\"Share on Facebook\" href=\"https:\/\/www.facebook.com\/sharer.php?u=https%3A%2F%2Fortodoxinfo.ro%2F2026%2F04%2F12%2Foficiali-americani-acuza-ue-ca-isi-foloseste-puterea-pentru-a-cenzura-dezbaterea-online-inaintea-alegerilor-din-sua-si-europa%2F\" data-title=\"Facebook\" rel=\"nofollow\"><span>Facebook<\/span><\/a><a class=\"share-action share-trigger icon-twitter\" aria-label=\"Share on X\" href=\"https:\/\/twitter.com\/intent\/tweet?text=Oficiali+americani+acuz%C4%83+UE+c%C4%83+%C3%AE%C8%99i+folose%C8%99te+puterea+pentru+a+cenzura+dezbaterea+online+%C3%AEnaintea+alegerilor+din+SUA+%C8%99i+Europa&amp;url=https%3A%2F%2Fortodoxinfo.ro%2F2026%2F04%2F12%2Foficiali-americani-acuza-ue-ca-isi-foloseste-puterea-pentru-a-cenzura-dezbaterea-online-inaintea-alegerilor-din-sua-si-europa%2F&amp;via=ortodoxinforo\" data-title=\"X\" rel=\"nofollow\"><span>X<\/span><\/a><a class=\"share-action icon-whatsapp is-web\" aria-label=\"Share on Whatsapp\" href=\"https:\/\/web.whatsapp.com\/send?text=Oficiali+americani+acuz%C4%83+UE+c%C4%83+%C3%AE%C8%99i+folose%C8%99te+puterea+pentru+a+cenzura+dezbaterea+online+%C3%AEnaintea+alegerilor+din+SUA+%C8%99i+Europa%20%E2%98%9E%20https%3A%2F%2Fortodoxinfo.ro%2F2026%2F04%2F12%2Foficiali-americani-acuza-ue-ca-isi-foloseste-puterea-pentru-a-cenzura-dezbaterea-online-inaintea-alegerilor-din-sua-si-europa%2F\" target=\"_blank\" data-title=\"WhatsApp\" rel=\"nofollow\"><span>Whatsapp<\/span><\/a><a class=\"share-action icon-whatsapp is-mobile\" aria-label=\"Share on Whatsapp\" href=\"\/\/send?text=Oficiali+americani+acuz%C4%83+UE+c%C4%83+%C3%AE%C8%99i+folose%C8%99te+puterea+pentru+a+cenzura+dezbaterea+online+%C3%AEnaintea+alegerilor+din+SUA+%C8%99i+Europa%20%E2%98%9E%20https%3A%2F%2Fortodoxinfo.ro%2F2026%2F04%2F12%2Foficiali-americani-acuza-ue-ca-isi-foloseste-puterea-pentru-a-cenzura-dezbaterea-online-inaintea-alegerilor-din-sua-si-europa%2F\" target=\"_blank\" data-title=\"WhatsApp\" rel=\"nofollow\"><span>Whatsapp<\/span><\/a><a class=\"share-action share-trigger icon-telegram\" aria-label=\"Share on Telegram\" href=\"https:\/\/t.me\/share\/?url=https%3A%2F%2Fortodoxinfo.ro%2F2026%2F04%2F12%2Foficiali-americani-acuza-ue-ca-isi-foloseste-puterea-pentru-a-cenzura-dezbaterea-online-inaintea-alegerilor-din-sua-si-europa%2F&amp;text=Oficiali+americani+acuz%C4%83+UE+c%C4%83+%C3%AE%C8%99i+folose%C8%99te+puterea+pentru+a+cenzura+dezbaterea+online+%C3%AEnaintea+alegerilor+din+SUA+%C8%99i+Europa\" data-title=\"Telegram\" rel=\"nofollow\"><span>Telegram<\/span><\/a><a class=\"share-action icon-copy copy-trigger\" aria-label=\"Copy Link\" href=\"https:\/\/ortodoxinfo.ro\/2026\/04\/12\/oficiali-americani-acuza-ue-ca-isi-foloseste-puterea-pentru-a-cenzura-dezbaterea-online-inaintea-alegerilor-din-sua-si-europa\/\" data-copied=\"Copied!\" data-link=\"https:\/\/ortodoxinfo.ro\/2026\/04\/12\/oficiali-americani-acuza-ue-ca-isi-foloseste-puterea-pentru-a-cenzura-dezbaterea-online-inaintea-alegerilor-din-sua-si-europa\/\" rel=\"nofollow\" data-copy=\"Copy Link\"><span>Copy Link<\/span><\/a><a class=\"share-action icon-print\" aria-label=\"Print\" rel=\"nofollow\" data-title=\"Print\"><span>Print<\/span><\/a><\/div>\n<\/div>\n<\/div>\n<div id=\"tabs\" class=\"dntplgn_form_wrapper\"><span><\/p>\n<h2>\u0218tirile sunt sub cenzur\u0103! Sprijini\u021bi OrtodoxINFO!<\/h2>\n<p>Guvernul nu dore\u0219te aflarea adev\u0103rului despre lovitura de stat \u0219i \u00eengenuncherea Rom\u00e2niei. \u00cencerc\u0103m s\u0103 men\u021binem viu acest site \u0219i s\u0103 v\u0103 punem la dispozi\u021bie informa\u021bii care s\u0103 fac\u0103 lumin\u0103 \u00een cea mai mare provocare pe care o tr\u0103im. Jurnalismul independent al portalului OrtodoxINFO func\u021bioneaz\u0103 strict cu ajutorul cititorilor.<br \/>\nNe pute\u021bi sprijini printr-o <b><a href=\"https:\/\/ortodoxinfo.ro\/donatii\/\">dona\u021bie bancar\u0103<\/a> sau prin PayPal, complet\u00e2nd formularul de mai jos.<\/b><\/span><\/p>\n<ul>\n<li><a href=\"https:\/\/ortodoxinfo.ro\/2026\/04\/12\/oficiali-americani-acuza-ue-ca-isi-foloseste-puterea-pentru-a-cenzura-dezbaterea-online-inaintea-alegerilor-din-sua-si-europa\/#tabs-1\">Dona\u021bie lunar\u0103<\/a><\/li>\n<li><a href=\"https:\/\/ortodoxinfo.ro\/2026\/04\/12\/oficiali-americani-acuza-ue-ca-isi-foloseste-puterea-pentru-a-cenzura-dezbaterea-online-inaintea-alegerilor-din-sua-si-europa\/#tabs-2\">Doar acum<\/a><\/li>\n<\/ul>\n<div id=\"tabs-1\"><img loading=\"lazy\" decoding=\"async\" alt border=\"0\" src=\"https:\/\/www.paypalobjects.com\/en_US\/i\/scr\/pixel.gif\" width=\"1\" height=\"1\"><\/div>\n<div id=\"tabs-2\">\n<p>\t\t     \u20ac<\/p>\n<p>\t\t    <img loading=\"lazy\" decoding=\"async\" alt border=\"0\" src=\"https:\/\/www.paypalobjects.com\/en_US\/i\/scr\/pixel.gif\" width=\"1\" height=\"1\"><\/div>\n<p>Mul\u021bumim celor care ne-au ajutat p\u00e2n\u0103 acum!\n\t<\/p><\/div>\n<div class=\"comment-box-wrap entry-sec\">\n<div class=\"comment-box-header\"><span class=\"h3\">Las\u0103 un comentariu<\/span><\/div>\n<div class=\"comment-holder no-comment\">\n<div id=\"comments\" class=\"comments-area\">\n<div id=\"respond\" class=\"comment-respond\">\n<h3 id=\"reply-title\" class=\"comment-reply-title\">Las\u0103 un r\u0103spuns <small><a rel=\"nofollow\" id=\"cancel-comment-reply-link\" href=\"https:\/\/ortodoxinfo.ro\/2026\/04\/12\/oficiali-americani-acuza-ue-ca-isi-foloseste-puterea-pentru-a-cenzura-dezbaterea-online-inaintea-alegerilor-din-sua-si-europa\/#respond\">Anuleaz\u0103 r\u0103spunsul<\/a><\/small><\/h3>\n<p class=\"comment-notes\"><span id=\"email-notes\">Adresa ta de email nu va fi publicat\u0103.<\/span><span class=\"required-field-message\">C\u00e2mpurile obligatorii sunt marcate cu <span class=\"required\">*<\/span><\/span><\/p>\n<\/div>\n<\/div>\n<\/div>\n<\/div>\n<\/div>\n<div class=\"sidebar-wrap single-sidebar\">\n<div class=\"sidebar-inner clearfix\">\n<div id=\"widget-post-2\" class=\"widget rb-section w-sidebar clearfix widget-post\">\n<div class=\"block-h widget-heading heading-layout-1\">\n<div class=\"heading-inner\">\n<h4 class=\"heading-title\"><span>Articole recente<\/span><\/h4>\n<\/div>\n<\/div>\n<div class=\"widget-p-listing\">\n<div class=\"p-wrap p-small p-list-small-2\" data-pid=\"220678\">\n<div class=\"feat-holder\">\n<div class=\"p-featured ratio-v1\"><a class=\"p-flink\" href=\"https:\/\/ortodoxinfo.ro\/2026\/04\/12\/ungaria-a-ramas-conservatoare-in-ciuda-sprijinului-parsiv-de-la-bruxelles-pentru-peter-magyar\/\" title=\"Ungaria a r\u0103mas conservatoare, \u00een ciuda sprijinului par\u0219iv de la Bruxelles pentru Peter Magyar\"><img decoding=\"async\" width=\"150\" height=\"150\" src=\"https:\/\/ortodoxinfo.ro\/wp-content\/uploads\/2026\/04\/hungarian-parliamentary-election-in-budapest-150x150.jpeg\" class=\"featured-img wp-post-image\" alt loading=\"lazy\"><\/a><\/div>\n<\/div>\n<div class=\"p-content\">\n<h5 class=\"entry-title\"><a class=\"p-url\" href=\"https:\/\/ortodoxinfo.ro\/2026\/04\/12\/ungaria-a-ramas-conservatoare-in-ciuda-sprijinului-parsiv-de-la-bruxelles-pentru-peter-magyar\/\" rel=\"bookmark\">Ungaria a r\u0103mas conservatoare, \u00een ciuda sprijinului par\u0219iv de la Bruxelles pentru Peter Magyar<\/a><\/h5>\n<div class=\"p-meta\">\n<div class=\"meta-inner is-meta\"><span class=\"meta-el meta-date\"><time datetime=\"2026-04-12T23:38:37+03:00\">12 aprilie 2026<\/time><\/span><span class=\"meta-el meta-category meta-bold\"><a class=\"meta-separate category-20289\" href=\"https:\/\/ortodoxinfo.ro\/category\/suveranism\/\">Suveranism<\/a><\/span><span class=\"meta-el meta-view\">15.5k vizualiz\u0103ri\t\t<\/span><\/div>\n<\/div>\n<\/div>\n<\/div>\n<div class=\"p-wrap p-small p-list-small-2\" data-pid=\"220664\">\n<div class=\"feat-holder\">\n<div class=\"p-featured ratio-v1\"><a class=\"p-flink\" href=\"https:\/\/ortodoxinfo.ro\/2026\/04\/12\/viktor-orban-si-a-recunoscut-infrangerea-tisza-partidul-lui-peter-magyar-132-mandate-fidesz-partidul-lui-orban-59\/\" title=\"Viktor Orban \u0219i-a recunoscut \u00eenfr\u00e2ngerea! Tisza, partidul lui P\u00e9ter Magyar: 132 mandate, Fidesz, partidul lui Orb\u00e1n: 59\"><img decoding=\"async\" width=\"150\" height=\"150\" src=\"https:\/\/ortodoxinfo.ro\/wp-content\/uploads\/2026\/04\/orban-magyar_6ZIoU.webp-150x150.webp\" class=\"featured-img wp-post-image\" alt loading=\"lazy\"><\/a><\/div>\n<\/div>\n<div class=\"p-content\">\n<h5 class=\"entry-title\"><a class=\"p-url\" href=\"https:\/\/ortodoxinfo.ro\/2026\/04\/12\/viktor-orban-si-a-recunoscut-infrangerea-tisza-partidul-lui-peter-magyar-132-mandate-fidesz-partidul-lui-orban-59\/\" rel=\"bookmark\">Viktor Orban \u0219i-a recunoscut \u00eenfr\u00e2ngerea! Tisza, partidul lui P\u00e9ter Magyar: 132 mandate, Fidesz, partidul lui Orb\u00e1n: 59<\/a><\/h5>\n<div class=\"p-meta\">\n<div class=\"meta-inner is-meta\"><span class=\"meta-el meta-date\"><time datetime=\"2026-04-12T22:49:44+03:00\">12 aprilie 2026<\/time><\/span><span class=\"meta-el meta-category meta-bold\"><a class=\"meta-separate category-585\" href=\"https:\/\/ortodoxinfo.ro\/category\/stiri\/externe\/\">Externe<\/a><\/span><span class=\"meta-el meta-view\">5.4k vizualiz\u0103ri\t\t<\/span><\/div>\n<\/div>\n<\/div>\n<\/div>\n<div class=\"p-wrap p-small p-list-small-2\" data-pid=\"220638\">\n<div class=\"feat-holder\">\n<div class=\"p-featured ratio-v1\"><a class=\"p-flink\" href=\"https:\/\/ortodoxinfo.ro\/2026\/04\/12\/telefonul-din-israel-care-a-condus-la-esuarea-negocierilor-dintre-sua-si-iran-a-mutat-toata-discutia-catre-interesele-lui-netanyahu\/\" title='Telefonul din Israel care a condus la e\u0219uarea negocierilor dintre SUA \u0219i Iran: \"A mutat toat\u0103 discu\u021bia c\u0103tre interesele lui Netanyahu\"'><img decoding=\"async\" width=\"150\" height=\"150\" src=\"https:\/\/ortodoxinfo.ro\/wp-content\/uploads\/2026\/04\/telefonul-din-israel-care-a-condus-la-e-uarea-negocierilor-dintre-sua-i-iran-a-mutat-toat-discu-ia-c-150x150.webp\" class=\"featured-img wp-post-image\" alt loading=\"lazy\"><\/a><\/div>\n<\/div>\n<div class=\"p-content\">\n<h5 class=\"entry-title\"><a class=\"p-url\" href=\"https:\/\/ortodoxinfo.ro\/2026\/04\/12\/telefonul-din-israel-care-a-condus-la-esuarea-negocierilor-dintre-sua-si-iran-a-mutat-toata-discutia-catre-interesele-lui-netanyahu\/\" rel=\"bookmark\">Telefonul din Israel care a condus la e\u0219uarea negocierilor dintre SUA \u0219i Iran: &#8220;A mutat toat\u0103 discu\u021bia c\u0103tre interesele lui Netanyahu&#8221;<\/a><\/h5>\n<div class=\"p-meta\">\n<div class=\"meta-inner is-meta\"><span class=\"meta-el meta-date\"><time datetime=\"2026-04-12T15:59:16+03:00\">12 aprilie 2026<\/time><\/span><span class=\"meta-el meta-category meta-bold\"><a class=\"meta-separate category-20293\" href=\"https:\/\/ortodoxinfo.ro\/category\/anti-sistem\/al-iii-lea-razboi-mondial\/iran\/\">IRAN<\/a><\/span><span class=\"meta-el meta-view\">11.3k vizualiz\u0103ri\t\t<\/span><\/div>\n<\/div>\n<\/div>\n<\/div>\n<div class=\"p-wrap p-small p-list-small-2\" data-pid=\"220597\">\n<div class=\"feat-holder\">\n<div class=\"p-featured ratio-v1\"><a class=\"p-flink\" href=\"https:\/\/ortodoxinfo.ro\/2026\/04\/12\/video-calin-georgescu-hristos-a-inviat-ortodoxia-salveaza-romania-si-intreaga-lume\/\" title=\"VIDEO | C\u0103lin Georgescu: HRISTOS A \u00ceNVIAT. Ortodoxia salveaz\u0103 Rom\u00e2nia \u0219i \u00eentreaga lume!\"><img decoding=\"async\" width=\"150\" height=\"150\" src=\"https:\/\/ortodoxinfo.ro\/wp-content\/uploads\/2026\/04\/calin-georgescu-150x150.png\" class=\"featured-img wp-post-image\" alt loading=\"lazy\"><\/a><\/div>\n<\/div>\n<div class=\"p-content\">\n<h5 class=\"entry-title\"><a class=\"p-url\" href=\"https:\/\/ortodoxinfo.ro\/2026\/04\/12\/video-calin-georgescu-hristos-a-inviat-ortodoxia-salveaza-romania-si-intreaga-lume\/\" rel=\"bookmark\">VIDEO | C\u0103lin Georgescu: HRISTOS A \u00ceNVIAT. Ortodoxia salveaz\u0103 Rom\u00e2nia \u0219i \u00eentreaga lume!<\/a><\/h5>\n<div class=\"p-meta\">\n<div class=\"meta-inner is-meta\"><span class=\"meta-el meta-date\"><time datetime=\"2026-04-12T19:23:10+03:00\">12 aprilie 2026<\/time><\/span><span class=\"meta-el meta-category meta-bold\"><a class=\"meta-separate category-19866\" href=\"https:\/\/ortodoxinfo.ro\/category\/lupta-pentru-romania\/\">Lupt\u0103 pentru Rom\u00e2nia<\/a><\/span><span class=\"meta-el meta-view\">5.9k vizualiz\u0103ri\t\t<\/span><\/div>\n<\/div>\n<\/div>\n<\/div>\n<\/div>\n<\/div>\n<div id=\"custom_html-2\" class=\"widget_text widget rb-section w-sidebar clearfix widget_custom_html\">\n<div class=\"block-h widget-heading heading-layout-1\">\n<div class=\"heading-inner\">\n<h4 class=\"heading-title\"><span>DONA\u021aII \u00een cont bancar<\/span><\/h4>\n<\/div>\n<\/div>\n<div class=\"textwidget custom-html-widget\">\n<table class=\"donatii\">\n<tbody>\n<tr>\n<th colspan=\"2\"><strong><span>ASMIB<\/span><\/strong><\/th>\n<\/tr>\n<tr>\n<th>Cont LEI<\/th>\n<td>RO67CECEB00030RON2081955<\/td>\n<\/tr>\n<tr>\n<th>Cont EURO<\/th>\n<td>RO33CECEB000C1EUR2081978<\/td>\n<\/tr>\n<tr>\n<th>Cod SWIFT<\/th>\n<td>CECEROBU<\/td>\n<\/tr>\n<tr>\n<th colspan=\"2\"><strong>CEC BANK SA<\/strong><\/th>\n<\/tr>\n<\/tbody>\n<\/table>\n<\/div>\n<\/div>\n<\/div>\n<\/div>\n<\/div>\n<\/article>\n<div class=\"entry-content rbct clearfix is-highlight-shares\">\n<p><strong>Cu o zi \u00eenaintea alegerilor parlamentare din Ungaria, o delega\u021bie de congresmeni americani acuz\u0103 Comisia European\u0103 c\u0103 ar folosi Digital Services Act (DSA) pentru a influen\u021ba dezbaterea public\u0103 \u0219i a restr\u00e2nge discursul politic online. \u00centr-o scrisoare oficial\u0103 adresat\u0103 vicepre\u0219edintei executivului european Henna Virkkunen, Jim Jordan \u0219i Chris Smith sus\u021bin c\u0103 m\u0103surile aplicate de Bruxelles ar avea efecte directe asupra con\u021binutului politic din mediul digital, inclusiv prin eliminarea sau retrogradarea unor mesaje cu impact electoral. Demersul legislatorilor americani intervine \u00eentr-un moment de tensiune politic\u0103 ridicat\u0103 la Budapesta \u0219i reaprinde disputa transatlantic\u0103 privind limitele reglement\u0103rii platformelor digitale \u0219i libertatea de exprimare.<\/strong><\/p>\n<div class=\"inline-single-ad ad_single_index alignfull\">\n<div class=\"ad-wrap ad-script-wrap\">\n<div class=\"ad-script non-adsense edge-padding\">\n<div>\n\u203c\ufe0f\u203c\ufe0f NU recunoa\u0219tem ca pre\u0219edinte al Rom\u00e2niei pe marioneta retard\u0103 Nicu\u0219or Dan! Rom\u00e2ni, boicota\u021bi aceast\u0103 f\u0103c\u0103tur\u0103, care ne face \u021bara de r\u00e2s! NU rom\u00e2nii l-au votat pe Nicusoro\u0219 &#8211; cu unele excep\u021bii de persoane infantile, manipulabile \u0219i chiar idioate &#8211; ci l-au ajutat Maia Soro\u0219, Emanuel Macrou \u0219i tr\u0103d\u0103torii de la B.E.C. \u0219i CCR!<br \/>\n La \u00eenchisoare cu cei care au fraudat alegerile!\n<\/div>\n<\/div>\n<\/div>\n<\/div>\n<p>Cu o zi \u00eenaintea scrutinului parlamentar extrem de urm\u0103rit din Ungaria, parlamentari americani au acuzat Comisia European\u0103 c\u0103 \u00eencearc\u0103 s\u0103 influen\u021beze votul prin reglementarea platformelor online, conform <a href=\"https:\/\/kyivindependent.com\/us-lawmakers-allege-european-commission-interference-hungary-election\/\" target=\"_blank\" rel=\"noopener\">Kiev Independent<\/a>.<\/p>\n<p>\u00centr-o scrisoare datat\u0103 10 aprilie, congresmenii Jim Jordan \u0219i Chris Smith sus\u021bin c\u0103 Executivul european ar fi presat marile platforme digitale s\u0103 modifice politicile globale de moderare a con\u021binutului, \u00eentr-un mod care ar echivala, \u00een opinia lor, cu cenzur\u0103 politic\u0103.<\/p>\n<p>\u201eInforma\u021bii publice indic\u0103 faptul c\u0103 este posibil ca Comisia European\u0103 s\u0103 fie implicat\u0103 \u00een activit\u0103\u021bi similare \u00eenaintea alegerilor generale din Ungaria din aceast\u0103 lun\u0103 \u2014 din nou, cu poten\u021biale efecte negative asupra libert\u0103\u021bii de exprimare a americanilor\u201d, au scris cei doi legislatori.<\/p>\n<p>Ace\u0219tia au acuzat, de asemenea, Comisia c\u0103 a exercitat \u201e\u00een mod regulat\u201d presiuni asupra platformelor pentru a le determina \u201es\u0103 \u00ee\u0219i modifice regulile globale de moderare a con\u021binutului \u0219i s\u0103 cenzureze con\u021binutul \u00eentr-un mod politic p\u0103rtinitor \u00eenaintea alegerilor majore din SUA \u0219i Europa\u201d.<\/p>\n<p>\u201eV\u0103 cerem s\u0103 pune\u021bi cap\u0103t instrumentaliz\u0103rii Actului privind serviciile digitale (DSA) \u0219i s\u0103 v\u0103 ab\u021bine\u021bi de la orice ac\u021biuni care ar putea duce la cenzurarea americanilor\u201d, se arat\u0103 \u00een scrisoare.<\/p>\n<p>\u201eComisia a fost implicat\u0103 anterior \u00een cenzur\u0103 politic\u0103 la nivel global \u00eenaintea alegerilor majore din SUA \u0219i Europa. V\u0103 cerem s\u0103 nu repeta\u021bi acest lucru \u00een Ungaria\u201d, au ad\u0103ugat ace\u0219tia. \u201eLibertatea de exprimare \u0219i democra\u021bia sunt \u00een centrul alian\u021bei noastre istorice, iar continuarea acestei \u00eendep\u0103rt\u0103ri rapide de aceste principii fundamentale ar fi o gre\u0219eal\u0103.\u201d<\/p>\n<p>Acuza\u021biile de ingerin\u021b\u0103 electoral\u0103 apar \u00een contextul \u00een care premierul ungar Viktor Orb\u00e1n se confrunt\u0103 cu o provocare puternic\u0103 din partea opozi\u021biei, reprezentat\u0103 de partidul Tisza, condus de P\u00e9ter Magyar, la scrutinul din 12 aprilie. Sondajele de opinie indic\u0103 faptul c\u0103 partidul Fidesz al lui Orb\u00e1n este \u00een dezavantaj.<\/p>\n<p>Problema influen\u021bei externe a devenit un punct de tensiune \u00een ultimele zile ale campaniei. Vicepre\u0219edintele american JD Vance a vizitat Budapesta la \u00eenceputul s\u0103pt\u0103m\u00e2nii pentru a-l sus\u021bine pe Orb\u00e1n, un aliat ideologic, \u0219i a acuzat \u201ebirocra\u021bii de la Bruxelles\u201d c\u0103 ac\u021bioneaz\u0103 \u00eempotriva poporului ungar, \u00eentr-o interven\u021bie din 7 aprilie.<\/p>\n<p>Pre\u0219edintele american Donald Trump \u0219i-a exprimat, de asemenea, sprijinul public pentru Orb\u00e1n, aflat la conducerea Ungariei de 16 ani, perioad\u0103 \u00een care mai mul\u021bi observatori au descris o tendin\u021b\u0103 de erodare democratic\u0103 \u00een \u021bara din Europa Central\u0103.<\/p>\n<p>Comisia European\u0103 a respins acuza\u021biile de ingerin\u021b\u0103, inclusiv pe cele formulate de Vance, afirm\u00e2nd c\u0103 ac\u021biunile sale vizeaz\u0103 protejarea integrit\u0103\u021bii alegerilor, \u00een special \u00eempotriva manipul\u0103rii pe platformele de social media.<\/p>\n<blockquote>\n<p><em>Scrisoarea oficiala trimisa de Jim Jordan \u0219i Chris Smith c\u0103tre Henna Virkkunen (membr\u0103 a Comisiei Europene).\u00a0<\/em><\/p>\n<p><em>Comitetul Judiciar al Camerei Reprezentan\u021bilor<\/em><\/p>\n<p>Washington, DC 20515 Jim Jordan, Pre\u0219edinte 12 aprilie 2026 Henna Virkkunen<\/p>\n<p>Vicepre\u0219edint\u0103 Executiv\u0103 pentru Securitate \u00een Era Digital\u0103<\/p>\n<p>Comisia European\u0103<\/p>\n<p>Rue de la Loi 200<\/p>\n<p>1049 Bruxelles<\/p>\n<p>Belgia<\/p>\n<p>\u00a0<\/p>\n<p><em>Stimata doamn\u0103 Vicepre\u0219edint\u0103 Virkkunen,<\/em><\/p>\n<p><em>V\u0103 scriem pentru a exprima \u00eengrijorarea noastr\u0103 serioas\u0103 cu privire la ac\u021biunile Comisiei Europene de a utiliza Digital Services Act (DSA) pentru a modera \u0219i a suprima discursul online \u00eenainte de alegerile parlamentare din Ungaria de m\u00e2ine, 12 aprilie 2026. Aceste ac\u021biuni par s\u0103 reprezinte o interferen\u021b\u0103 direct\u0103 \u00een procesul electoral democratic al unui stat membru al UE \u0219i ridic\u0103 \u00eentreb\u0103ri semnificative cu privire la impactul poten\u021bial asupra libert\u0103\u021bii de exprimare protejate de Primul Amendament al Constitu\u021biei Statelor Unite.<\/em><\/p>\n<p><em>Conform rapoartelor publice, Comisia European\u0103 a activat mecanisme de \u201er\u0103spuns rapid\u201d \u0219i a desemnat \u201etrusted flaggers\u201d (indicatori de \u00eencredere) pentru a monitoriza \u0219i a semnala con\u021binutul online \u00een zilele premerg\u0103toare alegerilor ungare. Aceste eforturi au ca rezultat eliminarea sau retrogradarea (demotion) con\u021binutului care sus\u021bine guvernul actual sau perspectivele conservatoare, cre\u00e2nd un dezechilibru clar \u00een dezbaterea public\u0103. O astfel de interven\u021bie selectiv\u0103 submineaz\u0103 integritatea procesului electoral \u0219i \u00eencalc\u0103 principiile fundamentale ale democra\u021biei.<\/em><\/p>\n<p><em>Mai mult, aceste ac\u021biuni ale Comisiei au implica\u021bii dincolo de grani\u021bele Europei. Platformele online globale adesea aplic\u0103 deciziile de moderare la scar\u0103 mondial\u0103, ceea ce \u00eenseamn\u0103 c\u0103 eforturile UE de a suprima anumite voci pot duce la eliminarea sau retrogradarea con\u021binutului protejat de Primul Amendament pentru utilizatorii din Statele Unite. Statele Unite nu vor tolera ca guverne str\u0103ine s\u0103 dicteze ce discurs politic este permis pe platformele pe care cet\u0103\u021benii americani le acceseaz\u0103 zilnic.Solicit\u0103m ferm Comisiei Europene s\u0103 se ab\u021bin\u0103 de la orice interferen\u021b\u0103 suplimentar\u0103 \u00een alegerile din Ungaria sau \u00een orice alt proces electoral democratic. <\/em><\/p>\n<p><em>Comisia ar trebui s\u0103 respecte suveranitatea statelor membre \u0219i s\u0103 evite utilizarea DSA ca instrument de cenzur\u0103 politic\u0103. Orice ac\u021biune care afecteaz\u0103 libertatea de exprimare a cet\u0103\u021benilor americani va fi monitorizat\u0103 cu aten\u021bie de Congresul Statelor Unite.<\/em><\/p>\n<p><em>A\u0219tept\u0103m un r\u0103spuns prompt \u0219i detaliat la aceast\u0103 scrisoare, inclusiv o descriere a tuturor m\u0103surilor luate de Comisie \u00een leg\u0103tur\u0103 cu alegerile ungare \u0219i garan\u021bii c\u0103 nu vor fi impuse restric\u021bii suplimentare asupra discursului online.V\u0103 mul\u021bumim pentru aten\u021bia acordat\u0103 acestei chestiuni importante.Cu stim\u0103, Jim Jordan<\/em><\/p>\n<p>Pre\u0219edinte<\/p>\n<p>Comitetul Judiciar al Camerei Reprezentan\u021bilor Chris Smith<\/p>\n<p>Membru al Congresului<\/p>\n<p>\u00a0<\/p>\n<\/blockquote>\n<hr>\n<blockquote class=\"twitter-tweet\" data-width=\"500\" data-dnt=\"true\">\n<p lang=\"en\" dir=\"ltr\"><a href=\"https:\/\/twitter.com\/hashtag\/NEWS?src=hash&amp;ref_src=twsrc%5Etfw\">#NEWS<\/a>: The European Commission uses its vast power to limit online discourse ahead of major elections in the U.S. and Europe.<\/p>\n<p>Its actions could affect U.S. speech\u2014including the global removal and demotion of content protected by the First Amendment.<\/p>\n<p>Ahead of tomorrow&#39;s\u2026 <a href=\"https:\/\/t.co\/ZXKaaRfZUx\">pic.twitter.com\/ZXKaaRfZUx<\/a><\/p>\n<p>&mdash; House Judiciary GOP \ud83c\uddfa\ud83c\uddf8\ud83c\uddfa\ud83c\uddf8\ud83c\uddfa\ud83c\uddf8 (@JudiciaryGOP) <a href=\"https:\/\/twitter.com\/JudiciaryGOP\/status\/2042984972957475171?ref_src=twsrc%5Etfw\">April 11, 2026<\/a><\/p><\/blockquote>\n<p><script async src=\"https:\/\/platform.twitter.com\/widgets.js\" charset=\"utf-8\"><\/script>\n<\/div>\n<p>[analyse_source url=&#8221;https:\/\/ortodoxinfo.ro\/2026\/04\/12\/oficiali-americani-acuza-ue-ca-isi-foloseste-puterea-pentru-a-cenzura-dezbaterea-online-inaintea-alegerilor-din-sua-si-europa\/&#8221;]<\/p>\n","protected":false},"excerpt":{"rendered":"<p>[analyse_image type=&#8221;featured&#8221; src=&#8221;https:\/\/ortodoxinfo.ro\/wp-content\/uploads\/2026\/04\/oficiali-americani-acuza-ue-ca-isi-foloseste-puterea-pentru-a-cenzura-dezbaterea-online-inaintea-ale.jpeg&#8221;] Oficiali americani acuz\u0103 UE c\u0103 \u00ee\u0219i folose\u0219te puterea pentru a cenzura dezbaterea online \u00eenaintea alegerilor din SUA \u0219i Europa 12 aprilie 2026Big brother3.3k vizualiz\u0103ri Comentarii Share 7 Min Read SHARE Cu o zi \u00eenaintea alegerilor parlamentare din Ungaria, o delega\u021bie de congresmeni americani acuz\u0103 Comisia European\u0103 c\u0103 ar folosi Digital Services Act [&hellip;]<\/p>\n","protected":false},"author":1,"featured_media":0,"comment_status":"open","ping_status":"","sticky":false,"template":"","format":"standard","meta":{"footnotes":""},"categories":[89],"tags":[226,94],"class_list":["post-1879506","post","type-post","status-publish","format-standard","hentry","category-romania","tag-crawlmanager","tag-ortodoxinfo-ro"],"_links":{"self":[{"href":"https:\/\/analyse.optim.biz\/index.php?rest_route=\/wp\/v2\/posts\/1879506","targetHints":{"allow":["GET"]}}],"collection":[{"href":"https:\/\/analyse.optim.biz\/index.php?rest_route=\/wp\/v2\/posts"}],"about":[{"href":"https:\/\/analyse.optim.biz\/index.php?rest_route=\/wp\/v2\/types\/post"}],"author":[{"embeddable":true,"href":"https:\/\/analyse.optim.biz\/index.php?rest_route=\/wp\/v2\/users\/1"}],"replies":[{"embeddable":true,"href":"https:\/\/analyse.optim.biz\/index.php?rest_route=%2Fwp%2Fv2%2Fcomments&post=1879506"}],"version-history":[{"count":0,"href":"https:\/\/analyse.optim.biz\/index.php?rest_route=\/wp\/v2\/posts\/1879506\/revisions"}],"wp:attachment":[{"href":"https:\/\/analyse.optim.biz\/index.php?rest_route=%2Fwp%2Fv2%2Fmedia&parent=1879506"}],"wp:term":[{"taxonomy":"category","embeddable":true,"href":"https:\/\/analyse.optim.biz\/index.php?rest_route=%2Fwp%2Fv2%2Fcategories&post=1879506"},{"taxonomy":"post_tag","embeddable":true,"href":"https:\/\/analyse.optim.biz\/index.php?rest_route=%2Fwp%2Fv2%2Ftags&post=1879506"}],"curies":[{"name":"wp","href":"https:\/\/api.w.org\/{rel}","templated":true}]}}