{"id":1879505,"date":"2026-04-12T12:59:16","date_gmt":"2026-04-12T09:59:16","guid":{"rendered":"https:\/\/analyse.optim.biz\/?p=1879505"},"modified":"2026-04-12T12:59:16","modified_gmt":"2026-04-12T09:59:16","slug":"telefonul-din-israel-care-a-condus-la-esuarea-negocierilor-dintre-sua-si-iran-a-mutat-toata-discutia-catre-interesele-lui-netanyahu-2","status":"publish","type":"post","link":"https:\/\/analyse.optim.biz\/?p=1879505","title":{"rendered":"Telefonul din Israel care a condus la e\u0219uarea negocierilor dintre SUA \u0219i Iran: &#8220;A mutat toat\u0103 discu\u021bia c\u0103tre interesele lui Netanyahu&#8221;"},"content":{"rendered":"<p>[analyse_image type=&#8221;featured&#8221; src=&#8221;https:\/\/ortodoxinfo.ro\/wp-content\/uploads\/2026\/04\/telefonul-din-israel-care-a-condus-la-e-uarea-negocierilor-dintre-sua-i-iran-a-mutat-toat-discu-ia-c.webp&#8221;]<\/p>\n<article id=\"post-220638\" class=\"post-220638 post type-post status-publish format-standard has-post-thumbnail category-iran\">\n<header class=\"single-header\">\n<h1 class=\"s-title fw-headline\">Telefonul din Israel care a condus la e\u0219uarea negocierilor dintre SUA \u0219i Iran: &#8220;A mutat toat\u0103 discu\u021bia c\u0103tre interesele lui Netanyahu&#8221;<\/h1>\n<div class=\"single-meta meta-s-default yes-0\">\n<div class=\"smeta-in\"><a class=\"meta-el meta-avatar\" href=\"https:\/\/ortodoxinfo.ro\/author\/redactor\/\"><img loading=\"lazy\" decoding=\"async\" alt=\"OrtodoxINFO\" src=\"https:\/\/secure.gravatar.com\/avatar\/21010332354a182ce4de6016685c5586f21c51866d0ec5bc8ef383240b3c3e02?s=120&amp;r=g\" class=\"avatar avatar-120 photo\" height=\"120\" width=\"120\"><\/a><\/p>\n<div class=\"smeta-sec\">\n<div class=\"p-meta\">\n<div class=\"meta-inner is-meta\"><span class=\"meta-el meta-date\"><time datetime=\"2026-04-12T15:59:16+03:00\">12 aprilie 2026<\/time><\/span><span class=\"meta-el meta-category meta-bold\"><a class=\"meta-separate category-20293\" href=\"https:\/\/ortodoxinfo.ro\/category\/anti-sistem\/al-iii-lea-razboi-mondial\/iran\/\">IRAN<\/a><\/span><span class=\"meta-el meta-view\">11.3k vizualiz\u0103ri\t\t<\/span><span class=\"meta-el meta-comment mobile-last-meta tablet-last-meta\"><a href=\"https:\/\/ortodoxinfo.ro\/2026\/04\/12\/telefonul-din-israel-care-a-condus-la-esuarea-negocierilor-dintre-sua-si-iran-a-mutat-toata-discutia-catre-interesele-lui-netanyahu\/#respond\">Comentarii<\/a><\/span><\/div>\n<\/div>\n<\/div>\n<\/div>\n<div class=\"smeta-extra\">\n<div class=\"t-shared-sec tooltips-n has-read-meta is-color\">\n<div class=\"t-shared-header is-meta\"><span class=\"share-label\">Share<\/span><\/div>\n<\/div>\n<div class=\"single-right-meta single-time-read is-meta\"><span class=\"meta-el meta-read\">4 Min Read<\/span><\/div>\n<\/div>\n<\/div>\n<\/header>\n<div class=\"grid-container\">\n<div class=\"s-ct\">\n<div class=\"s-feat-outer\">\n<div class=\"s-feat\">\n<div class=\"featured-lightbox-trigger\" data-source=\"https:\/\/ortodoxinfo.ro\/wp-content\/uploads\/2026\/04\/telefonul-din-israel-care-a-condus-la-e-uarea-negocierilor-dintre-sua-i-iran-a-mutat-toat-discu-ia-c.webp\" data-caption data-attribution><img fetchpriority=\"high\" decoding=\"async\" width=\"860\" height=\"484\" src=\"https:\/\/ortodoxinfo.ro\/wp-content\/uploads\/2026\/04\/telefonul-din-israel-care-a-condus-la-e-uarea-negocierilor-dintre-sua-i-iran-a-mutat-toat-discu-ia-c-860x484.webp\" class=\"attachment-foxiz_crop_o1 size-foxiz_crop_o1 wp-post-image\" alt loading=\"eager\"><\/div>\n<\/div>\n<\/div>\n<div class=\"s-ct-wrap has-lsl\">\n<div class=\"s-ct-inner\">\n<div class=\"l-shared-sec-outer show-mobile\">\n<div class=\"l-shared-sec\">\n<div class=\"l-shared-header meta-text\"><span class=\"share-label\">SHARE<\/span><\/div>\n<\/div>\n<\/div>\n<div class=\"e-ct-outer\">\n<div class=\"entry-content rbct clearfix is-highlight-shares\">\n<section id=\"page\">Ministrul de Externe al Iranului, Seyed Abbas Araghchi, sus\u021bine c\u0103 negocierile de pace dintre SUA \u0219i Iran s-au \u00eempotmolit puternic, atunci c\u00e2nd \u00een discu\u021bie a intervenit premierul Israelului, Benjamin Netanyahu. Conform acestuia, Netanyahu l-a sunat pe JD Vance \u00een timpul negocierilor \u0219i a mutat toat\u0103 discu\u021bia c\u0103tre interesele Israelului.\u201eSuntem dezam\u0103gi\u021bi de comportamentul Statelor Unite. Apelul telefonic dat de Netanyahu lui Vance \u00een timpul \u00eent\u00e2lnirii a mutat accentul de la negocierile dintre SUA \u0219i Iran c\u0103tre interesele Israelului. Statele Unite au \u00eencercat s\u0103 ob\u021bin\u0103 la masa negocierilor ceea ce nu au reu\u0219it s\u0103 ob\u021bin\u0103 prin r\u0103zboi. Am venit aici cu bun\u0103-credin\u021b\u0103; conferin\u021ba de pres\u0103 sus\u021binut\u0103 de Vance \u00eenainte de a p\u0103r\u0103si Pakistanul a fost inutil\u0103; suntem hot\u0103r\u00e2\u021bi \u0219i preg\u0103ti\u021bi s\u0103 ap\u0103r\u0103m interesele \u0219i suveranitatea na\u021biunii noastre\u201d \u2013 ministrul de externe al Iranului, Seyed Abbas Araghchi.Purt\u0103torul de cuv\u00e2nt al Ministerului iranian al Afacerilor Externe, Esmaeil Baghaei, a declarat c\u0103 \u201enimeni nu se a\u015ftepta\u201d ca Statele Unite \u015fi Iranul s\u0103 ajung\u0103 la un acord \u00eenc\u0103 din prima rund\u0103 de negocieri. El a spus c\u0103 discu\u0163iile s-au desf\u0103\u015furat \u00eentr-o \u201eatmosfer\u0103 plin\u0103 de ne\u00eencredere, suspiciune \u015fi \u00eendoial\u0103\u201d, dup\u0103 mai bine de 40 de zile de \u201er\u0103zboi impus\u201d \u015fi la scurt timp dup\u0103 intrarea \u00een vigoare a armisti\u0163iului. \u201eNu ar fi trebuit s\u0103 ne a\u015ftept\u0103m de la \u00eenceput c\u0103 vom putea ajunge la un acord \u00eentr-o singur\u0103 sesiune. Nu cred c\u0103 cineva avea astfel de a\u015ftept\u0103ri\u201d, a spus el pentru Re\u0163eaua de \u015ftiri a studen\u0163ilor, controlat\u0103 de statul iranian: Cu toate acestea, a spus el, \u201ediploma\u0163ia nu se termin\u0103 niciodat\u0103\u201d.<br \/><\/section>\n<section id=\"page\">Ministrul de Externe al Iranului, Seyed Abbas Araghchi, sus\u021bine c\u0103 negocierile de pace dintre SUA \u0219i Iran s-au \u00eempotmolit puternic, atunci c\u00e2nd \u00een discu\u021bie a intervenit premierul Israelului, Benjamin Netanyahu. Conform acestuia, Netanyahu l-a sunat pe JD Vance \u00een timpul negocierilor \u0219i a mutat toat\u0103 discu\u021bia c\u0103tre interesele Israelului.\u201eSuntem dezam\u0103gi\u021bi de comportamentul Statelor Unite. Apelul telefonic dat de Netanyahu lui Vance \u00een timpul \u00eent\u00e2lnirii a mutat accentul de la negocierile dintre SUA \u0219i Iran c\u0103tre interesele Israelului. Statele Unite au \u00eencercat s\u0103 ob\u021bin\u0103 la masa negocierilor ceea ce nu au reu\u0219it s\u0103 ob\u021bin\u0103 prin r\u0103zboi. Am venit aici cu bun\u0103-credin\u021b\u0103; conferin\u021ba de pres\u0103 sus\u021binut\u0103 de Vance \u00eenainte de a p\u0103r\u0103si Pakistanul a fost inutil\u0103; suntem hot\u0103r\u00e2\u021bi \u0219i preg\u0103ti\u021bi s\u0103 ap\u0103r\u0103m interesele \u0219i suveranitatea na\u021biunii noastre\u201d \u2013 ministrul de externe al Iranului, Seyed Abbas Araghchi.Purt\u0103torul de cuv\u00e2nt al Ministerului iranian al Afacerilor Externe, Esmaeil Baghaei, a declarat c\u0103 \u201enimeni nu se a\u015ftepta\u201d ca Statele Unite \u015fi Iranul s\u0103 ajung\u0103 la un acord \u00eenc\u0103 din prima rund\u0103 de negocieri. El a spus c\u0103 discu\u0163iile s-au desf\u0103\u015furat \u00eentr-o \u201eatmosfer\u0103 plin\u0103 de ne\u00eencredere, suspiciune \u015fi \u00eendoial\u0103\u201d, dup\u0103 mai bine de 40 de zile de \u201er\u0103zboi impus\u201d \u015fi la scurt timp dup\u0103 intrarea \u00een vigoare a armisti\u0163iului. \u201eNu ar fi trebuit s\u0103 ne a\u015ftept\u0103m de la \u00eenceput c\u0103 vom putea ajunge la un acord \u00eentr-o singur\u0103 sesiune. Nu cred c\u0103 cineva avea astfel de a\u015ftept\u0103ri\u201d, a spus el pentru Re\u0163eaua de \u015ftiri a studen\u0163ilor, controlat\u0103 de statul iranian: Cu toate acestea, a spus el, \u201ediploma\u0163ia nu se termin\u0103 niciodat\u0103\u201d.<br \/>\n<\/section>\n<\/div>\n<\/div>\n<\/div>\n<div class=\"e-shared-sec entry-sec\">\n<div class=\"e-shared-header h4\"><span>Distribuie<\/span><\/div>\n<div class=\"rbbsl tooltips-n effect-fadeout is-bg\"><a class=\"share-action share-trigger icon-facebook\" aria-label=\"Share on Facebook\" href=\"https:\/\/www.facebook.com\/sharer.php?u=https%3A%2F%2Fortodoxinfo.ro%2F2026%2F04%2F12%2Ftelefonul-din-israel-care-a-condus-la-esuarea-negocierilor-dintre-sua-si-iran-a-mutat-toata-discutia-catre-interesele-lui-netanyahu%2F\" data-title=\"Facebook\" rel=\"nofollow\"><span>Facebook<\/span><\/a><a class=\"share-action share-trigger icon-twitter\" aria-label=\"Share on X\" href=\"https:\/\/twitter.com\/intent\/tweet?text=Telefonul+din+Israel+care+a+condus+la+e%C8%99uarea+negocierilor+dintre+SUA+%C8%99i+Iran%3A+%22A+mutat+toat%C4%83+discu%C8%9Bia+c%C4%83tre+interesele+lui+Netanyahu%22&amp;url=https%3A%2F%2Fortodoxinfo.ro%2F2026%2F04%2F12%2Ftelefonul-din-israel-care-a-condus-la-esuarea-negocierilor-dintre-sua-si-iran-a-mutat-toata-discutia-catre-interesele-lui-netanyahu%2F&amp;via=ortodoxinforo\" data-title=\"X\" rel=\"nofollow\"><span>X<\/span><\/a><a class=\"share-action icon-whatsapp is-web\" aria-label=\"Share on Whatsapp\" href=\"https:\/\/web.whatsapp.com\/send?text=Telefonul+din+Israel+care+a+condus+la+e%C8%99uarea+negocierilor+dintre+SUA+%C8%99i+Iran%3A+%22A+mutat+toat%C4%83+discu%C8%9Bia+c%C4%83tre+interesele+lui+Netanyahu%22%20%E2%98%9E%20https%3A%2F%2Fortodoxinfo.ro%2F2026%2F04%2F12%2Ftelefonul-din-israel-care-a-condus-la-esuarea-negocierilor-dintre-sua-si-iran-a-mutat-toata-discutia-catre-interesele-lui-netanyahu%2F\" target=\"_blank\" data-title=\"WhatsApp\" rel=\"nofollow\"><span>Whatsapp<\/span><\/a><a class=\"share-action icon-whatsapp is-mobile\" aria-label=\"Share on Whatsapp\" href=\"\/\/send?text=Telefonul+din+Israel+care+a+condus+la+e%C8%99uarea+negocierilor+dintre+SUA+%C8%99i+Iran%3A+%22A+mutat+toat%C4%83+discu%C8%9Bia+c%C4%83tre+interesele+lui+Netanyahu%22%20%E2%98%9E%20https%3A%2F%2Fortodoxinfo.ro%2F2026%2F04%2F12%2Ftelefonul-din-israel-care-a-condus-la-esuarea-negocierilor-dintre-sua-si-iran-a-mutat-toata-discutia-catre-interesele-lui-netanyahu%2F\" target=\"_blank\" data-title=\"WhatsApp\" rel=\"nofollow\"><span>Whatsapp<\/span><\/a><a class=\"share-action share-trigger icon-telegram\" aria-label=\"Share on Telegram\" href=\"https:\/\/t.me\/share\/?url=https%3A%2F%2Fortodoxinfo.ro%2F2026%2F04%2F12%2Ftelefonul-din-israel-care-a-condus-la-esuarea-negocierilor-dintre-sua-si-iran-a-mutat-toata-discutia-catre-interesele-lui-netanyahu%2F&amp;text=Telefonul+din+Israel+care+a+condus+la+e%C8%99uarea+negocierilor+dintre+SUA+%C8%99i+Iran%3A+%22A+mutat+toat%C4%83+discu%C8%9Bia+c%C4%83tre+interesele+lui+Netanyahu%22\" data-title=\"Telegram\" rel=\"nofollow\"><span>Telegram<\/span><\/a><a class=\"share-action icon-copy copy-trigger\" aria-label=\"Copy Link\" href=\"https:\/\/ortodoxinfo.ro\/2026\/04\/12\/telefonul-din-israel-care-a-condus-la-esuarea-negocierilor-dintre-sua-si-iran-a-mutat-toata-discutia-catre-interesele-lui-netanyahu\/\" data-copied=\"Copied!\" data-link=\"https:\/\/ortodoxinfo.ro\/2026\/04\/12\/telefonul-din-israel-care-a-condus-la-esuarea-negocierilor-dintre-sua-si-iran-a-mutat-toata-discutia-catre-interesele-lui-netanyahu\/\" rel=\"nofollow\" data-copy=\"Copy Link\"><span>Copy Link<\/span><\/a><a class=\"share-action icon-print\" aria-label=\"Print\" rel=\"nofollow\" data-title=\"Print\"><span>Print<\/span><\/a><\/div>\n<\/div>\n<\/div>\n<div id=\"tabs\" class=\"dntplgn_form_wrapper\"><span><\/p>\n<h2>\u0218tirile sunt sub cenzur\u0103! Sprijini\u021bi OrtodoxINFO!<\/h2>\n<p>Guvernul nu dore\u0219te aflarea adev\u0103rului despre lovitura de stat \u0219i \u00eengenuncherea Rom\u00e2niei. \u00cencerc\u0103m s\u0103 men\u021binem viu acest site \u0219i s\u0103 v\u0103 punem la dispozi\u021bie informa\u021bii care s\u0103 fac\u0103 lumin\u0103 \u00een cea mai mare provocare pe care o tr\u0103im. Jurnalismul independent al portalului OrtodoxINFO func\u021bioneaz\u0103 strict cu ajutorul cititorilor.<br \/>\nNe pute\u021bi sprijini printr-o <b><a href=\"https:\/\/ortodoxinfo.ro\/donatii\/\">dona\u021bie bancar\u0103<\/a> sau prin PayPal, complet\u00e2nd formularul de mai jos.<\/b><\/span><\/p>\n<ul>\n<li><a href=\"https:\/\/ortodoxinfo.ro\/2026\/04\/12\/telefonul-din-israel-care-a-condus-la-esuarea-negocierilor-dintre-sua-si-iran-a-mutat-toata-discutia-catre-interesele-lui-netanyahu\/#tabs-1\">Dona\u021bie lunar\u0103<\/a><\/li>\n<li><a href=\"https:\/\/ortodoxinfo.ro\/2026\/04\/12\/telefonul-din-israel-care-a-condus-la-esuarea-negocierilor-dintre-sua-si-iran-a-mutat-toata-discutia-catre-interesele-lui-netanyahu\/#tabs-2\">Doar acum<\/a><\/li>\n<\/ul>\n<div id=\"tabs-1\"><img loading=\"lazy\" decoding=\"async\" alt border=\"0\" src=\"https:\/\/www.paypalobjects.com\/en_US\/i\/scr\/pixel.gif\" width=\"1\" height=\"1\"><\/div>\n<div id=\"tabs-2\">\n<p>\t\t     \u20ac<\/p>\n<p>\t\t    <img loading=\"lazy\" decoding=\"async\" alt border=\"0\" src=\"https:\/\/www.paypalobjects.com\/en_US\/i\/scr\/pixel.gif\" width=\"1\" height=\"1\"><\/div>\n<p>Mul\u021bumim celor care ne-au ajutat p\u00e2n\u0103 acum!\n\t<\/p><\/div>\n<div class=\"comment-box-wrap entry-sec\">\n<div class=\"comment-box-header\"><span class=\"h3\">Las\u0103 un comentariu<\/span><\/div>\n<div class=\"comment-holder no-comment\">\n<div id=\"comments\" class=\"comments-area\">\n<div id=\"respond\" class=\"comment-respond\">\n<h3 id=\"reply-title\" class=\"comment-reply-title\">Las\u0103 un r\u0103spuns <small><a rel=\"nofollow\" id=\"cancel-comment-reply-link\" href=\"https:\/\/ortodoxinfo.ro\/2026\/04\/12\/telefonul-din-israel-care-a-condus-la-esuarea-negocierilor-dintre-sua-si-iran-a-mutat-toata-discutia-catre-interesele-lui-netanyahu\/#respond\">Anuleaz\u0103 r\u0103spunsul<\/a><\/small><\/h3>\n<p class=\"comment-notes\"><span id=\"email-notes\">Adresa ta de email nu va fi publicat\u0103.<\/span><span class=\"required-field-message\">C\u00e2mpurile obligatorii sunt marcate cu <span class=\"required\">*<\/span><\/span><\/p>\n<\/div>\n<\/div>\n<\/div>\n<\/div>\n<\/div>\n<div class=\"sidebar-wrap single-sidebar\">\n<div class=\"sidebar-inner clearfix\">\n<div id=\"widget-post-2\" class=\"widget rb-section w-sidebar clearfix widget-post\">\n<div class=\"block-h widget-heading heading-layout-1\">\n<div class=\"heading-inner\">\n<h4 class=\"heading-title\"><span>Articole recente<\/span><\/h4>\n<\/div>\n<\/div>\n<div class=\"widget-p-listing\">\n<div class=\"p-wrap p-small p-list-small-2\" data-pid=\"220678\">\n<div class=\"feat-holder\">\n<div class=\"p-featured ratio-v1\"><a class=\"p-flink\" href=\"https:\/\/ortodoxinfo.ro\/2026\/04\/12\/ungaria-a-ramas-conservatoare-in-ciuda-sprijinului-parsiv-de-la-bruxelles-pentru-peter-magyar\/\" title=\"Ungaria a r\u0103mas conservatoare, \u00een ciuda sprijinului par\u0219iv de la Bruxelles pentru Peter Magyar\"><img decoding=\"async\" width=\"150\" height=\"150\" src=\"https:\/\/ortodoxinfo.ro\/wp-content\/uploads\/2026\/04\/hungarian-parliamentary-election-in-budapest-150x150.jpeg\" class=\"featured-img wp-post-image\" alt loading=\"lazy\"><\/a><\/div>\n<\/div>\n<div class=\"p-content\">\n<h5 class=\"entry-title\"><a class=\"p-url\" href=\"https:\/\/ortodoxinfo.ro\/2026\/04\/12\/ungaria-a-ramas-conservatoare-in-ciuda-sprijinului-parsiv-de-la-bruxelles-pentru-peter-magyar\/\" rel=\"bookmark\">Ungaria a r\u0103mas conservatoare, \u00een ciuda sprijinului par\u0219iv de la Bruxelles pentru Peter Magyar<\/a><\/h5>\n<div class=\"p-meta\">\n<div class=\"meta-inner is-meta\"><span class=\"meta-el meta-date\"><time datetime=\"2026-04-12T23:38:37+03:00\">12 aprilie 2026<\/time><\/span><span class=\"meta-el meta-category meta-bold\"><a class=\"meta-separate category-20289\" href=\"https:\/\/ortodoxinfo.ro\/category\/suveranism\/\">Suveranism<\/a><\/span><span class=\"meta-el meta-view\">15.4k vizualiz\u0103ri\t\t<\/span><\/div>\n<\/div>\n<\/div>\n<\/div>\n<div class=\"p-wrap p-small p-list-small-2\" data-pid=\"220664\">\n<div class=\"feat-holder\">\n<div class=\"p-featured ratio-v1\"><a class=\"p-flink\" href=\"https:\/\/ortodoxinfo.ro\/2026\/04\/12\/viktor-orban-si-a-recunoscut-infrangerea-tisza-partidul-lui-peter-magyar-132-mandate-fidesz-partidul-lui-orban-59\/\" title=\"Viktor Orban \u0219i-a recunoscut \u00eenfr\u00e2ngerea! Tisza, partidul lui P\u00e9ter Magyar: 132 mandate, Fidesz, partidul lui Orb\u00e1n: 59\"><img decoding=\"async\" width=\"150\" height=\"150\" src=\"https:\/\/ortodoxinfo.ro\/wp-content\/uploads\/2026\/04\/orban-magyar_6ZIoU.webp-150x150.webp\" class=\"featured-img wp-post-image\" alt loading=\"lazy\"><\/a><\/div>\n<\/div>\n<div class=\"p-content\">\n<h5 class=\"entry-title\"><a class=\"p-url\" href=\"https:\/\/ortodoxinfo.ro\/2026\/04\/12\/viktor-orban-si-a-recunoscut-infrangerea-tisza-partidul-lui-peter-magyar-132-mandate-fidesz-partidul-lui-orban-59\/\" rel=\"bookmark\">Viktor Orban \u0219i-a recunoscut \u00eenfr\u00e2ngerea! Tisza, partidul lui P\u00e9ter Magyar: 132 mandate, Fidesz, partidul lui Orb\u00e1n: 59<\/a><\/h5>\n<div class=\"p-meta\">\n<div class=\"meta-inner is-meta\"><span class=\"meta-el meta-date\"><time datetime=\"2026-04-12T22:49:44+03:00\">12 aprilie 2026<\/time><\/span><span class=\"meta-el meta-category meta-bold\"><a class=\"meta-separate category-585\" href=\"https:\/\/ortodoxinfo.ro\/category\/stiri\/externe\/\">Externe<\/a><\/span><span class=\"meta-el meta-view\">5.4k vizualiz\u0103ri\t\t<\/span><\/div>\n<\/div>\n<\/div>\n<\/div>\n<div class=\"p-wrap p-small p-list-small-2\" data-pid=\"220657\">\n<div class=\"feat-holder\">\n<div class=\"p-featured ratio-v1\"><a class=\"p-flink\" href=\"https:\/\/ortodoxinfo.ro\/2026\/04\/12\/oficiali-americani-acuza-ue-ca-isi-foloseste-puterea-pentru-a-cenzura-dezbaterea-online-inaintea-alegerilor-din-sua-si-europa\/\" title=\"Oficiali americani acuz\u0103 UE c\u0103 \u00ee\u0219i folose\u0219te puterea pentru a cenzura dezbaterea online \u00eenaintea alegerilor din SUA \u0219i Europa\"><img decoding=\"async\" width=\"150\" height=\"150\" src=\"https:\/\/ortodoxinfo.ro\/wp-content\/uploads\/2026\/04\/oficiali-americani-acuza-ue-ca-isi-foloseste-puterea-pentru-a-cenzura-dezbaterea-online-inaintea-ale-150x150.jpeg\" class=\"featured-img wp-post-image\" alt loading=\"lazy\"><\/a><\/div>\n<\/div>\n<div class=\"p-content\">\n<h5 class=\"entry-title\"><a class=\"p-url\" href=\"https:\/\/ortodoxinfo.ro\/2026\/04\/12\/oficiali-americani-acuza-ue-ca-isi-foloseste-puterea-pentru-a-cenzura-dezbaterea-online-inaintea-alegerilor-din-sua-si-europa\/\" rel=\"bookmark\">Oficiali americani acuz\u0103 UE c\u0103 \u00ee\u0219i folose\u0219te puterea pentru a cenzura dezbaterea online \u00eenaintea alegerilor din SUA \u0219i Europa<\/a><\/h5>\n<div class=\"p-meta\">\n<div class=\"meta-inner is-meta\"><span class=\"meta-el meta-date\"><time datetime=\"2026-04-12T17:34:59+03:00\">12 aprilie 2026<\/time><\/span><span class=\"meta-el meta-category meta-bold\"><a class=\"meta-separate category-1596\" href=\"https:\/\/ortodoxinfo.ro\/category\/anti-sistem\/big-brother\/\">Big brother<\/a><\/span><span class=\"meta-el meta-view\">3.3k vizualiz\u0103ri\t\t<\/span><\/div>\n<\/div>\n<\/div>\n<\/div>\n<div class=\"p-wrap p-small p-list-small-2\" data-pid=\"220597\">\n<div class=\"feat-holder\">\n<div class=\"p-featured ratio-v1\"><a class=\"p-flink\" href=\"https:\/\/ortodoxinfo.ro\/2026\/04\/12\/video-calin-georgescu-hristos-a-inviat-ortodoxia-salveaza-romania-si-intreaga-lume\/\" title=\"VIDEO | C\u0103lin Georgescu: HRISTOS A \u00ceNVIAT. Ortodoxia salveaz\u0103 Rom\u00e2nia \u0219i \u00eentreaga lume!\"><img decoding=\"async\" width=\"150\" height=\"150\" src=\"https:\/\/ortodoxinfo.ro\/wp-content\/uploads\/2026\/04\/calin-georgescu-150x150.png\" class=\"featured-img wp-post-image\" alt loading=\"lazy\"><\/a><\/div>\n<\/div>\n<div class=\"p-content\">\n<h5 class=\"entry-title\"><a class=\"p-url\" href=\"https:\/\/ortodoxinfo.ro\/2026\/04\/12\/video-calin-georgescu-hristos-a-inviat-ortodoxia-salveaza-romania-si-intreaga-lume\/\" rel=\"bookmark\">VIDEO | C\u0103lin Georgescu: HRISTOS A \u00ceNVIAT. Ortodoxia salveaz\u0103 Rom\u00e2nia \u0219i \u00eentreaga lume!<\/a><\/h5>\n<div class=\"p-meta\">\n<div class=\"meta-inner is-meta\"><span class=\"meta-el meta-date\"><time datetime=\"2026-04-12T19:23:10+03:00\">12 aprilie 2026<\/time><\/span><span class=\"meta-el meta-category meta-bold\"><a class=\"meta-separate category-19866\" href=\"https:\/\/ortodoxinfo.ro\/category\/lupta-pentru-romania\/\">Lupt\u0103 pentru Rom\u00e2nia<\/a><\/span><span class=\"meta-el meta-view\">5.9k vizualiz\u0103ri\t\t<\/span><\/div>\n<\/div>\n<\/div>\n<\/div>\n<\/div>\n<\/div>\n<div id=\"custom_html-2\" class=\"widget_text widget rb-section w-sidebar clearfix widget_custom_html\">\n<div class=\"block-h widget-heading heading-layout-1\">\n<div class=\"heading-inner\">\n<h4 class=\"heading-title\"><span>DONA\u021aII \u00een cont bancar<\/span><\/h4>\n<\/div>\n<\/div>\n<div class=\"textwidget custom-html-widget\">\n<table class=\"donatii\">\n<tbody>\n<tr>\n<th colspan=\"2\"><strong><span>ASMIB<\/span><\/strong><\/th>\n<\/tr>\n<tr>\n<th>Cont LEI<\/th>\n<td>RO67CECEB00030RON2081955<\/td>\n<\/tr>\n<tr>\n<th>Cont EURO<\/th>\n<td>RO33CECEB000C1EUR2081978<\/td>\n<\/tr>\n<tr>\n<th>Cod SWIFT<\/th>\n<td>CECEROBU<\/td>\n<\/tr>\n<tr>\n<th colspan=\"2\"><strong>CEC BANK SA<\/strong><\/th>\n<\/tr>\n<\/tbody>\n<\/table>\n<\/div>\n<\/div>\n<\/div>\n<\/div>\n<\/div>\n<\/article>\n<div class=\"entry-content rbct clearfix is-highlight-shares\">\n<section id=\"page\">Ministrul de Externe al Iranului, Seyed Abbas Araghchi, sus\u021bine c\u0103 negocierile de pace dintre SUA \u0219i Iran s-au \u00eempotmolit puternic, atunci c\u00e2nd \u00een discu\u021bie a intervenit premierul Israelului, Benjamin Netanyahu. Conform acestuia, Netanyahu l-a sunat pe JD Vance \u00een timpul negocierilor \u0219i a mutat toat\u0103 discu\u021bia c\u0103tre interesele Israelului.\u201eSuntem dezam\u0103gi\u021bi de comportamentul Statelor Unite. Apelul telefonic dat de Netanyahu lui Vance \u00een timpul \u00eent\u00e2lnirii a mutat accentul de la negocierile dintre SUA \u0219i Iran c\u0103tre interesele Israelului. Statele Unite au \u00eencercat s\u0103 ob\u021bin\u0103 la masa negocierilor ceea ce nu au reu\u0219it s\u0103 ob\u021bin\u0103 prin r\u0103zboi. Am venit aici cu bun\u0103-credin\u021b\u0103; conferin\u021ba de pres\u0103 sus\u021binut\u0103 de Vance \u00eenainte de a p\u0103r\u0103si Pakistanul a fost inutil\u0103; suntem hot\u0103r\u00e2\u021bi \u0219i preg\u0103ti\u021bi s\u0103 ap\u0103r\u0103m interesele \u0219i suveranitatea na\u021biunii noastre\u201d \u2013 ministrul de externe al Iranului, Seyed Abbas Araghchi.Purt\u0103torul de cuv\u00e2nt al Ministerului iranian al Afacerilor Externe, Esmaeil Baghaei, a declarat c\u0103 \u201enimeni nu se a\u015ftepta\u201d ca Statele Unite \u015fi Iranul s\u0103 ajung\u0103 la un acord \u00eenc\u0103 din prima rund\u0103 de negocieri. El a spus c\u0103 discu\u0163iile s-au desf\u0103\u015furat \u00eentr-o \u201eatmosfer\u0103 plin\u0103 de ne\u00eencredere, suspiciune \u015fi \u00eendoial\u0103\u201d, dup\u0103 mai bine de 40 de zile de \u201er\u0103zboi impus\u201d \u015fi la scurt timp dup\u0103 intrarea \u00een vigoare a armisti\u0163iului. \u201eNu ar fi trebuit s\u0103 ne a\u015ftept\u0103m de la \u00eenceput c\u0103 vom putea ajunge la un acord \u00eentr-o singur\u0103 sesiune. Nu cred c\u0103 cineva avea astfel de a\u015ftept\u0103ri\u201d, a spus el pentru Re\u0163eaua de \u015ftiri a studen\u0163ilor, controlat\u0103 de statul iranian: Cu toate acestea, a spus el, \u201ediploma\u0163ia nu se termin\u0103 niciodat\u0103\u201d.<br \/><\/section>\n<section id=\"page\">Ministrul de Externe al Iranului, Seyed Abbas Araghchi, sus\u021bine c\u0103 negocierile de pace dintre SUA \u0219i Iran s-au \u00eempotmolit puternic, atunci c\u00e2nd \u00een discu\u021bie a intervenit premierul Israelului, Benjamin Netanyahu. Conform acestuia, Netanyahu l-a sunat pe JD Vance \u00een timpul negocierilor \u0219i a mutat toat\u0103 discu\u021bia c\u0103tre interesele Israelului.\u201eSuntem dezam\u0103gi\u021bi de comportamentul Statelor Unite. Apelul telefonic dat de Netanyahu lui Vance \u00een timpul \u00eent\u00e2lnirii a mutat accentul de la negocierile dintre SUA \u0219i Iran c\u0103tre interesele Israelului. Statele Unite au \u00eencercat s\u0103 ob\u021bin\u0103 la masa negocierilor ceea ce nu au reu\u0219it s\u0103 ob\u021bin\u0103 prin r\u0103zboi. Am venit aici cu bun\u0103-credin\u021b\u0103; conferin\u021ba de pres\u0103 sus\u021binut\u0103 de Vance \u00eenainte de a p\u0103r\u0103si Pakistanul a fost inutil\u0103; suntem hot\u0103r\u00e2\u021bi \u0219i preg\u0103ti\u021bi s\u0103 ap\u0103r\u0103m interesele \u0219i suveranitatea na\u021biunii noastre\u201d \u2013 ministrul de externe al Iranului, Seyed Abbas Araghchi.Purt\u0103torul de cuv\u00e2nt al Ministerului iranian al Afacerilor Externe, Esmaeil Baghaei, a declarat c\u0103 \u201enimeni nu se a\u015ftepta\u201d ca Statele Unite \u015fi Iranul s\u0103 ajung\u0103 la un acord \u00eenc\u0103 din prima rund\u0103 de negocieri. El a spus c\u0103 discu\u0163iile s-au desf\u0103\u015furat \u00eentr-o \u201eatmosfer\u0103 plin\u0103 de ne\u00eencredere, suspiciune \u015fi \u00eendoial\u0103\u201d, dup\u0103 mai bine de 40 de zile de \u201er\u0103zboi impus\u201d \u015fi la scurt timp dup\u0103 intrarea \u00een vigoare a armisti\u0163iului. \u201eNu ar fi trebuit s\u0103 ne a\u015ftept\u0103m de la \u00eenceput c\u0103 vom putea ajunge la un acord \u00eentr-o singur\u0103 sesiune. Nu cred c\u0103 cineva avea astfel de a\u015ftept\u0103ri\u201d, a spus el pentru Re\u0163eaua de \u015ftiri a studen\u0163ilor, controlat\u0103 de statul iranian: Cu toate acestea, a spus el, \u201ediploma\u0163ia nu se termin\u0103 niciodat\u0103\u201d.<br \/>\n<\/section>\n<\/div>\n<p>[analyse_source url=&#8221;https:\/\/ortodoxinfo.ro\/2026\/04\/12\/telefonul-din-israel-care-a-condus-la-esuarea-negocierilor-dintre-sua-si-iran-a-mutat-toata-discutia-catre-interesele-lui-netanyahu\/&#8221;]<\/p>\n","protected":false},"excerpt":{"rendered":"<p>[analyse_image type=&#8221;featured&#8221; src=&#8221;https:\/\/ortodoxinfo.ro\/wp-content\/uploads\/2026\/04\/telefonul-din-israel-care-a-condus-la-e-uarea-negocierilor-dintre-sua-i-iran-a-mutat-toat-discu-ia-c.webp&#8221;] Telefonul din Israel care a condus la e\u0219uarea negocierilor dintre SUA \u0219i Iran: &#8220;A mutat toat\u0103 discu\u021bia c\u0103tre interesele lui Netanyahu&#8221; 12 aprilie 2026IRAN11.3k vizualiz\u0103ri Comentarii Share 4 Min Read SHARE Ministrul de Externe al Iranului, Seyed Abbas Araghchi, sus\u021bine c\u0103 negocierile de pace dintre SUA \u0219i Iran s-au \u00eempotmolit puternic, atunci [&hellip;]<\/p>\n","protected":false},"author":1,"featured_media":0,"comment_status":"open","ping_status":"","sticky":false,"template":"","format":"standard","meta":{"footnotes":""},"categories":[89],"tags":[226,94],"class_list":["post-1879505","post","type-post","status-publish","format-standard","hentry","category-romania","tag-crawlmanager","tag-ortodoxinfo-ro"],"_links":{"self":[{"href":"https:\/\/analyse.optim.biz\/index.php?rest_route=\/wp\/v2\/posts\/1879505","targetHints":{"allow":["GET"]}}],"collection":[{"href":"https:\/\/analyse.optim.biz\/index.php?rest_route=\/wp\/v2\/posts"}],"about":[{"href":"https:\/\/analyse.optim.biz\/index.php?rest_route=\/wp\/v2\/types\/post"}],"author":[{"embeddable":true,"href":"https:\/\/analyse.optim.biz\/index.php?rest_route=\/wp\/v2\/users\/1"}],"replies":[{"embeddable":true,"href":"https:\/\/analyse.optim.biz\/index.php?rest_route=%2Fwp%2Fv2%2Fcomments&post=1879505"}],"version-history":[{"count":0,"href":"https:\/\/analyse.optim.biz\/index.php?rest_route=\/wp\/v2\/posts\/1879505\/revisions"}],"wp:attachment":[{"href":"https:\/\/analyse.optim.biz\/index.php?rest_route=%2Fwp%2Fv2%2Fmedia&parent=1879505"}],"wp:term":[{"taxonomy":"category","embeddable":true,"href":"https:\/\/analyse.optim.biz\/index.php?rest_route=%2Fwp%2Fv2%2Fcategories&post=1879505"},{"taxonomy":"post_tag","embeddable":true,"href":"https:\/\/analyse.optim.biz\/index.php?rest_route=%2Fwp%2Fv2%2Ftags&post=1879505"}],"curies":[{"name":"wp","href":"https:\/\/api.w.org\/{rel}","templated":true}]}}