{"id":1879504,"date":"2026-04-12T19:49:44","date_gmt":"2026-04-12T16:49:44","guid":{"rendered":"https:\/\/analyse.optim.biz\/?p=1879504"},"modified":"2026-04-12T19:49:44","modified_gmt":"2026-04-12T16:49:44","slug":"viktor-orban-si-a-recunoscut-infrangerea-tisza-partidul-lui-peter-magyar-132-mandate-fidesz-partidul-lui-orban-59","status":"publish","type":"post","link":"https:\/\/analyse.optim.biz\/?p=1879504","title":{"rendered":"Viktor Orban \u0219i-a recunoscut \u00eenfr\u00e2ngerea! Tisza, partidul lui P\u00e9ter Magyar: 132 mandate, Fidesz, partidul lui Orb\u00e1n: 59"},"content":{"rendered":"<p>[analyse_image type=&#8221;featured&#8221; src=&#8221;https:\/\/ortodoxinfo.ro\/wp-content\/uploads\/2026\/04\/orban-magyar_6ZIoU.webp.webp&#8221;]<\/p>\n<article id=\"post-220664\" class=\"post-220664 post type-post status-publish format-standard has-post-thumbnail category-externe\">\n<header class=\"single-header\">\n<h1 class=\"s-title fw-headline\">Viktor Orban \u0219i-a recunoscut \u00eenfr\u00e2ngerea! Tisza, partidul lui P\u00e9ter Magyar: 132 mandate, Fidesz, partidul lui Orb\u00e1n: 59<\/h1>\n<div class=\"single-meta meta-s-default yes-0\">\n<div class=\"smeta-in\"><a class=\"meta-el meta-avatar\" href=\"https:\/\/ortodoxinfo.ro\/author\/redactor\/\"><img loading=\"lazy\" decoding=\"async\" alt=\"OrtodoxINFO\" src=\"https:\/\/secure.gravatar.com\/avatar\/21010332354a182ce4de6016685c5586f21c51866d0ec5bc8ef383240b3c3e02?s=120&amp;r=g\" class=\"avatar avatar-120 photo\" height=\"120\" width=\"120\"><\/a><\/p>\n<div class=\"smeta-sec\">\n<div class=\"p-meta\">\n<div class=\"meta-inner is-meta\"><span class=\"meta-el meta-date\"><time datetime=\"2026-04-12T22:49:44+03:00\">12 aprilie 2026<\/time><\/span><span class=\"meta-el meta-category meta-bold\"><a class=\"meta-separate category-585\" href=\"https:\/\/ortodoxinfo.ro\/category\/stiri\/externe\/\">Externe<\/a><\/span><span class=\"meta-el meta-view\">5.4k vizualiz\u0103ri\t\t<\/span><span class=\"meta-el meta-comment mobile-last-meta tablet-last-meta\"><a href=\"https:\/\/ortodoxinfo.ro\/2026\/04\/12\/viktor-orban-si-a-recunoscut-infrangerea-tisza-partidul-lui-peter-magyar-132-mandate-fidesz-partidul-lui-orban-59\/#respond\">Comentarii<\/a><\/span><\/div>\n<\/div>\n<\/div>\n<\/div>\n<div class=\"smeta-extra\">\n<div class=\"t-shared-sec tooltips-n has-read-meta is-color\">\n<div class=\"t-shared-header is-meta\"><span class=\"share-label\">Share<\/span><\/div>\n<\/div>\n<div class=\"single-right-meta single-time-read is-meta\"><span class=\"meta-el meta-read\">2 Min Read<\/span><\/div>\n<\/div>\n<\/div>\n<\/header>\n<div class=\"grid-container\">\n<div class=\"s-ct\">\n<div class=\"s-feat-outer\">\n<div class=\"s-feat\">\n<div class=\"featured-lightbox-trigger\" data-source=\"https:\/\/ortodoxinfo.ro\/wp-content\/uploads\/2026\/04\/orban-magyar_6ZIoU.webp.webp\" data-caption data-attribution><img fetchpriority=\"high\" decoding=\"async\" width=\"860\" height=\"484\" src=\"https:\/\/ortodoxinfo.ro\/wp-content\/uploads\/2026\/04\/orban-magyar_6ZIoU.webp-860x484.webp\" class=\"attachment-foxiz_crop_o1 size-foxiz_crop_o1 wp-post-image\" alt loading=\"eager\"><\/div>\n<\/div>\n<\/div>\n<div class=\"s-ct-wrap has-lsl\">\n<div class=\"s-ct-inner\">\n<div class=\"l-shared-sec-outer show-mobile\">\n<div class=\"l-shared-sec\">\n<div class=\"l-shared-header meta-text\"><span class=\"share-label\">SHARE<\/span><\/div>\n<\/div>\n<\/div>\n<div class=\"e-ct-outer\">\n<div class=\"entry-content rbct clearfix is-highlight-shares\">\n<p><strong>Ungurii au votat duminic\u0103 \u00een num\u0103r mare (peste 77,8%) \u00eentr-un scrutin crucial pentru viitorul \u021b\u0103rii, urm\u0103rit cu aten\u021bie \u00een UE, la Moscova \u0219i Washington. Primele cifre oficiale au ap\u0103rut deja \u0219i arat\u0103 un avans clar al opozi\u021biei conduse de<\/strong>\u00a0<strong>P\u00e9ter Magyar. Oamenii lui Viktor Orb\u00e1n<\/strong>\u00a0<strong>r\u0103m\u00e2n \u00eencrez\u0103tori totu\u0219i<\/strong>.<\/p>\n<div class=\"inline-single-ad ad_single_index alignfull\">\n<div class=\"ad-wrap ad-script-wrap\">\n<div class=\"ad-script non-adsense edge-padding\">\n<div>\n\u203c\ufe0f\u203c\ufe0f NU recunoa\u0219tem ca pre\u0219edinte al Rom\u00e2niei pe marioneta retard\u0103 Nicu\u0219or Dan! Rom\u00e2ni, boicota\u021bi aceast\u0103 f\u0103c\u0103tur\u0103, care ne face \u021bara de r\u00e2s! NU rom\u00e2nii l-au votat pe Nicusoro\u0219 &#8211; cu unele excep\u021bii de persoane infantile, manipulabile \u0219i chiar idioate &#8211; ci l-au ajutat Maia Soro\u0219, Emanuel Macrou \u0219i tr\u0103d\u0103torii de la B.E.C. \u0219i CCR!<br \/>\n La \u00eenchisoare cu cei care au fraudat alegerile!\n<\/div>\n<\/div>\n<\/div>\n<\/div>\n<p><strong>La un pas de o majoritate constitu\u021bional\u0103<\/strong><\/p>\n<p>Tisza \u0219i-a m\u0103rit num\u0103rul de mandate, dup\u0103 procesarea a 29,21% din procesele verbale.<\/p>\n<p>Proiec\u021bia pe baza num\u0103r\u0103torii, pentru parlamentul cu 199 de mandate, arat\u0103 a\u0219a:<\/p>\n<p>Tisza: 132 de mandate<\/p>\n<p>Fidesz: 59 de mandate<\/p>\n<p>Mi Haz\u00e1nk (Patria Noastr\u0103): 8 mandate<\/p>\n<p>Pentru a avea o majoritate de dou\u0103 treimi, care i-ar permite s\u0103 schimbe sistemul Fidesz, Tisza ar avea nevoie de 133 de mandate.<\/p>\n<p>Tisza conduce clar \u00een votul din circumscrip\u021biile uninominale, adun\u00e2nd 95 de mandate, fa\u021b\u0103 de cele 11 ale Fidesz.<\/p>\n<p>La votul pe liste, Tisza conduce de asemenea cu 50,35% din voturi la 41,03%, dar adun\u0103 mai pu\u021bine mandate dec\u00e2t Fidesz: 37 fa\u021b\u0103 de 48 \u2013 un efect al sistemului electoral maghiar.<\/p>\n<p>Orban, aflat la conducere de 16 ani, \u0219i-a recunoscut duminic\u0103 sear\u0103 \u00eenfr\u00e2ngerea \u00een alegerile parlamentare din Ungaria.<\/p>\n<blockquote>\n<p>\u201eBun\u0103 seara tuturor, dragi prieteni. Rezultatul alegerilor, de\u0219i \u00eenc\u0103 nu este pe deplin clar \u0219i definitiv, este unul dureros pentru noi. \u00cens\u0103 este limpede c\u0103 responsabilitatea \u0219i \u0219ansa de a guverna nu ne-au fost \u00eencredin\u021bate. Felicit partidul c\u00e2\u0219tig\u0103tor. V\u0103 mul\u021bumesc tuturor pentru munca depus\u0103. Nu am muncit niciodat\u0103 at\u00e2t de intens \u00eentr-o singur\u0103 campanie electoral\u0103. Am reu\u0219it s\u0103 str\u00e2ngem 2,5 milioane de votan\u021bi. 2,5 milioane de oameni \u0219i-au pus \u00eencrederea \u00een noi \u0219i ast\u0103zi. V\u0103 mul\u021bumesc din suflet\u201d, a spus el.<\/p>\n<\/blockquote>\n<\/div>\n<\/div>\n<\/div>\n<div class=\"e-shared-sec entry-sec\">\n<div class=\"e-shared-header h4\"><span>Distribuie<\/span><\/div>\n<div class=\"rbbsl tooltips-n effect-fadeout is-bg\"><a class=\"share-action share-trigger icon-facebook\" aria-label=\"Share on Facebook\" href=\"https:\/\/www.facebook.com\/sharer.php?u=https%3A%2F%2Fortodoxinfo.ro%2F2026%2F04%2F12%2Fviktor-orban-si-a-recunoscut-infrangerea-tisza-partidul-lui-peter-magyar-132-mandate-fidesz-partidul-lui-orban-59%2F\" data-title=\"Facebook\" rel=\"nofollow\"><span>Facebook<\/span><\/a><a class=\"share-action share-trigger icon-twitter\" aria-label=\"Share on X\" href=\"https:\/\/twitter.com\/intent\/tweet?text=Viktor+Orban+%C8%99i-a+recunoscut+%C3%AEnfr%C3%A2ngerea%21+Tisza%2C+partidul+lui+P%C3%A9ter+Magyar%3A+132+mandate%2C+Fidesz%2C+partidul+lui+Orb%C3%A1n%3A+59&amp;url=https%3A%2F%2Fortodoxinfo.ro%2F2026%2F04%2F12%2Fviktor-orban-si-a-recunoscut-infrangerea-tisza-partidul-lui-peter-magyar-132-mandate-fidesz-partidul-lui-orban-59%2F&amp;via=ortodoxinforo\" data-title=\"X\" rel=\"nofollow\"><span>X<\/span><\/a><a class=\"share-action icon-whatsapp is-web\" aria-label=\"Share on Whatsapp\" href=\"https:\/\/web.whatsapp.com\/send?text=Viktor+Orban+%C8%99i-a+recunoscut+%C3%AEnfr%C3%A2ngerea%21+Tisza%2C+partidul+lui+P%C3%A9ter+Magyar%3A+132+mandate%2C+Fidesz%2C+partidul+lui+Orb%C3%A1n%3A+59%20%E2%98%9E%20https%3A%2F%2Fortodoxinfo.ro%2F2026%2F04%2F12%2Fviktor-orban-si-a-recunoscut-infrangerea-tisza-partidul-lui-peter-magyar-132-mandate-fidesz-partidul-lui-orban-59%2F\" target=\"_blank\" data-title=\"WhatsApp\" rel=\"nofollow\"><span>Whatsapp<\/span><\/a><a class=\"share-action icon-whatsapp is-mobile\" aria-label=\"Share on Whatsapp\" href=\"\/\/send?text=Viktor+Orban+%C8%99i-a+recunoscut+%C3%AEnfr%C3%A2ngerea%21+Tisza%2C+partidul+lui+P%C3%A9ter+Magyar%3A+132+mandate%2C+Fidesz%2C+partidul+lui+Orb%C3%A1n%3A+59%20%E2%98%9E%20https%3A%2F%2Fortodoxinfo.ro%2F2026%2F04%2F12%2Fviktor-orban-si-a-recunoscut-infrangerea-tisza-partidul-lui-peter-magyar-132-mandate-fidesz-partidul-lui-orban-59%2F\" target=\"_blank\" data-title=\"WhatsApp\" rel=\"nofollow\"><span>Whatsapp<\/span><\/a><a class=\"share-action share-trigger icon-telegram\" aria-label=\"Share on Telegram\" href=\"https:\/\/t.me\/share\/?url=https%3A%2F%2Fortodoxinfo.ro%2F2026%2F04%2F12%2Fviktor-orban-si-a-recunoscut-infrangerea-tisza-partidul-lui-peter-magyar-132-mandate-fidesz-partidul-lui-orban-59%2F&amp;text=Viktor+Orban+%C8%99i-a+recunoscut+%C3%AEnfr%C3%A2ngerea%21+Tisza%2C+partidul+lui+P%C3%A9ter+Magyar%3A+132+mandate%2C+Fidesz%2C+partidul+lui+Orb%C3%A1n%3A+59\" data-title=\"Telegram\" rel=\"nofollow\"><span>Telegram<\/span><\/a><a class=\"share-action icon-copy copy-trigger\" aria-label=\"Copy Link\" href=\"https:\/\/ortodoxinfo.ro\/2026\/04\/12\/viktor-orban-si-a-recunoscut-infrangerea-tisza-partidul-lui-peter-magyar-132-mandate-fidesz-partidul-lui-orban-59\/\" data-copied=\"Copied!\" data-link=\"https:\/\/ortodoxinfo.ro\/2026\/04\/12\/viktor-orban-si-a-recunoscut-infrangerea-tisza-partidul-lui-peter-magyar-132-mandate-fidesz-partidul-lui-orban-59\/\" rel=\"nofollow\" data-copy=\"Copy Link\"><span>Copy Link<\/span><\/a><a class=\"share-action icon-print\" aria-label=\"Print\" rel=\"nofollow\" data-title=\"Print\"><span>Print<\/span><\/a><\/div>\n<\/div>\n<\/div>\n<div id=\"tabs\" class=\"dntplgn_form_wrapper\"><span><\/p>\n<h2>\u0218tirile sunt sub cenzur\u0103! Sprijini\u021bi OrtodoxINFO!<\/h2>\n<p>Guvernul nu dore\u0219te aflarea adev\u0103rului despre lovitura de stat \u0219i \u00eengenuncherea Rom\u00e2niei. \u00cencerc\u0103m s\u0103 men\u021binem viu acest site \u0219i s\u0103 v\u0103 punem la dispozi\u021bie informa\u021bii care s\u0103 fac\u0103 lumin\u0103 \u00een cea mai mare provocare pe care o tr\u0103im. Jurnalismul independent al portalului OrtodoxINFO func\u021bioneaz\u0103 strict cu ajutorul cititorilor.<br \/>\nNe pute\u021bi sprijini printr-o <b><a href=\"https:\/\/ortodoxinfo.ro\/donatii\/\">dona\u021bie bancar\u0103<\/a> sau prin PayPal, complet\u00e2nd formularul de mai jos.<\/b><\/span><\/p>\n<ul>\n<li><a href=\"https:\/\/ortodoxinfo.ro\/2026\/04\/12\/viktor-orban-si-a-recunoscut-infrangerea-tisza-partidul-lui-peter-magyar-132-mandate-fidesz-partidul-lui-orban-59\/#tabs-1\">Dona\u021bie lunar\u0103<\/a><\/li>\n<li><a href=\"https:\/\/ortodoxinfo.ro\/2026\/04\/12\/viktor-orban-si-a-recunoscut-infrangerea-tisza-partidul-lui-peter-magyar-132-mandate-fidesz-partidul-lui-orban-59\/#tabs-2\">Doar acum<\/a><\/li>\n<\/ul>\n<div id=\"tabs-1\"><img loading=\"lazy\" decoding=\"async\" alt border=\"0\" src=\"https:\/\/www.paypalobjects.com\/en_US\/i\/scr\/pixel.gif\" width=\"1\" height=\"1\"><\/div>\n<div id=\"tabs-2\">\n<p>\t\t     \u20ac<\/p>\n<p>\t\t    <img loading=\"lazy\" decoding=\"async\" alt border=\"0\" src=\"https:\/\/www.paypalobjects.com\/en_US\/i\/scr\/pixel.gif\" width=\"1\" height=\"1\"><\/div>\n<p>Mul\u021bumim celor care ne-au ajutat p\u00e2n\u0103 acum!\n\t<\/p><\/div>\n<div class=\"comment-box-wrap entry-sec\">\n<div class=\"comment-box-header\"><span class=\"h3\">Las\u0103 un comentariu<\/span><\/div>\n<div class=\"comment-holder no-comment\">\n<div id=\"comments\" class=\"comments-area\">\n<div id=\"respond\" class=\"comment-respond\">\n<h3 id=\"reply-title\" class=\"comment-reply-title\">Las\u0103 un r\u0103spuns <small><a rel=\"nofollow\" id=\"cancel-comment-reply-link\" href=\"https:\/\/ortodoxinfo.ro\/2026\/04\/12\/viktor-orban-si-a-recunoscut-infrangerea-tisza-partidul-lui-peter-magyar-132-mandate-fidesz-partidul-lui-orban-59\/#respond\">Anuleaz\u0103 r\u0103spunsul<\/a><\/small><\/h3>\n<p class=\"comment-notes\"><span id=\"email-notes\">Adresa ta de email nu va fi publicat\u0103.<\/span><span class=\"required-field-message\">C\u00e2mpurile obligatorii sunt marcate cu <span class=\"required\">*<\/span><\/span><\/p>\n<\/div>\n<\/div>\n<\/div>\n<\/div>\n<\/div>\n<div class=\"sidebar-wrap single-sidebar\">\n<div class=\"sidebar-inner clearfix\">\n<div id=\"widget-post-2\" class=\"widget rb-section w-sidebar clearfix widget-post\">\n<div class=\"block-h widget-heading heading-layout-1\">\n<div class=\"heading-inner\">\n<h4 class=\"heading-title\"><span>Articole recente<\/span><\/h4>\n<\/div>\n<\/div>\n<div class=\"widget-p-listing\">\n<div class=\"p-wrap p-small p-list-small-2\" data-pid=\"220678\">\n<div class=\"feat-holder\">\n<div class=\"p-featured ratio-v1\"><a class=\"p-flink\" href=\"https:\/\/ortodoxinfo.ro\/2026\/04\/12\/ungaria-a-ramas-conservatoare-in-ciuda-sprijinului-parsiv-de-la-bruxelles-pentru-peter-magyar\/\" title=\"Ungaria a r\u0103mas conservatoare, \u00een ciuda sprijinului par\u0219iv de la Bruxelles pentru Peter Magyar\"><img decoding=\"async\" width=\"150\" height=\"150\" src=\"https:\/\/ortodoxinfo.ro\/wp-content\/uploads\/2026\/04\/hungarian-parliamentary-election-in-budapest-150x150.jpeg\" class=\"featured-img wp-post-image\" alt loading=\"lazy\"><\/a><\/div>\n<\/div>\n<div class=\"p-content\">\n<h5 class=\"entry-title\"><a class=\"p-url\" href=\"https:\/\/ortodoxinfo.ro\/2026\/04\/12\/ungaria-a-ramas-conservatoare-in-ciuda-sprijinului-parsiv-de-la-bruxelles-pentru-peter-magyar\/\" rel=\"bookmark\">Ungaria a r\u0103mas conservatoare, \u00een ciuda sprijinului par\u0219iv de la Bruxelles pentru Peter Magyar<\/a><\/h5>\n<div class=\"p-meta\">\n<div class=\"meta-inner is-meta\"><span class=\"meta-el meta-date\"><time datetime=\"2026-04-12T23:38:37+03:00\">12 aprilie 2026<\/time><\/span><span class=\"meta-el meta-category meta-bold\"><a class=\"meta-separate category-20289\" href=\"https:\/\/ortodoxinfo.ro\/category\/suveranism\/\">Suveranism<\/a><\/span><span class=\"meta-el meta-view\">15.4k vizualiz\u0103ri\t\t<\/span><\/div>\n<\/div>\n<\/div>\n<\/div>\n<div class=\"p-wrap p-small p-list-small-2\" data-pid=\"220657\">\n<div class=\"feat-holder\">\n<div class=\"p-featured ratio-v1\"><a class=\"p-flink\" href=\"https:\/\/ortodoxinfo.ro\/2026\/04\/12\/oficiali-americani-acuza-ue-ca-isi-foloseste-puterea-pentru-a-cenzura-dezbaterea-online-inaintea-alegerilor-din-sua-si-europa\/\" title=\"Oficiali americani acuz\u0103 UE c\u0103 \u00ee\u0219i folose\u0219te puterea pentru a cenzura dezbaterea online \u00eenaintea alegerilor din SUA \u0219i Europa\"><img decoding=\"async\" width=\"150\" height=\"150\" src=\"https:\/\/ortodoxinfo.ro\/wp-content\/uploads\/2026\/04\/oficiali-americani-acuza-ue-ca-isi-foloseste-puterea-pentru-a-cenzura-dezbaterea-online-inaintea-ale-150x150.jpeg\" class=\"featured-img wp-post-image\" alt loading=\"lazy\"><\/a><\/div>\n<\/div>\n<div class=\"p-content\">\n<h5 class=\"entry-title\"><a class=\"p-url\" href=\"https:\/\/ortodoxinfo.ro\/2026\/04\/12\/oficiali-americani-acuza-ue-ca-isi-foloseste-puterea-pentru-a-cenzura-dezbaterea-online-inaintea-alegerilor-din-sua-si-europa\/\" rel=\"bookmark\">Oficiali americani acuz\u0103 UE c\u0103 \u00ee\u0219i folose\u0219te puterea pentru a cenzura dezbaterea online \u00eenaintea alegerilor din SUA \u0219i Europa<\/a><\/h5>\n<div class=\"p-meta\">\n<div class=\"meta-inner is-meta\"><span class=\"meta-el meta-date\"><time datetime=\"2026-04-12T17:34:59+03:00\">12 aprilie 2026<\/time><\/span><span class=\"meta-el meta-category meta-bold\"><a class=\"meta-separate category-1596\" href=\"https:\/\/ortodoxinfo.ro\/category\/anti-sistem\/big-brother\/\">Big brother<\/a><\/span><span class=\"meta-el meta-view\">3.3k vizualiz\u0103ri\t\t<\/span><\/div>\n<\/div>\n<\/div>\n<\/div>\n<div class=\"p-wrap p-small p-list-small-2\" data-pid=\"220638\">\n<div class=\"feat-holder\">\n<div class=\"p-featured ratio-v1\"><a class=\"p-flink\" href=\"https:\/\/ortodoxinfo.ro\/2026\/04\/12\/telefonul-din-israel-care-a-condus-la-esuarea-negocierilor-dintre-sua-si-iran-a-mutat-toata-discutia-catre-interesele-lui-netanyahu\/\" title='Telefonul din Israel care a condus la e\u0219uarea negocierilor dintre SUA \u0219i Iran: \"A mutat toat\u0103 discu\u021bia c\u0103tre interesele lui Netanyahu\"'><img decoding=\"async\" width=\"150\" height=\"150\" src=\"https:\/\/ortodoxinfo.ro\/wp-content\/uploads\/2026\/04\/telefonul-din-israel-care-a-condus-la-e-uarea-negocierilor-dintre-sua-i-iran-a-mutat-toat-discu-ia-c-150x150.webp\" class=\"featured-img wp-post-image\" alt loading=\"lazy\"><\/a><\/div>\n<\/div>\n<div class=\"p-content\">\n<h5 class=\"entry-title\"><a class=\"p-url\" href=\"https:\/\/ortodoxinfo.ro\/2026\/04\/12\/telefonul-din-israel-care-a-condus-la-esuarea-negocierilor-dintre-sua-si-iran-a-mutat-toata-discutia-catre-interesele-lui-netanyahu\/\" rel=\"bookmark\">Telefonul din Israel care a condus la e\u0219uarea negocierilor dintre SUA \u0219i Iran: &#8220;A mutat toat\u0103 discu\u021bia c\u0103tre interesele lui Netanyahu&#8221;<\/a><\/h5>\n<div class=\"p-meta\">\n<div class=\"meta-inner is-meta\"><span class=\"meta-el meta-date\"><time datetime=\"2026-04-12T15:59:16+03:00\">12 aprilie 2026<\/time><\/span><span class=\"meta-el meta-category meta-bold\"><a class=\"meta-separate category-20293\" href=\"https:\/\/ortodoxinfo.ro\/category\/anti-sistem\/al-iii-lea-razboi-mondial\/iran\/\">IRAN<\/a><\/span><span class=\"meta-el meta-view\">11.3k vizualiz\u0103ri\t\t<\/span><\/div>\n<\/div>\n<\/div>\n<\/div>\n<div class=\"p-wrap p-small p-list-small-2\" data-pid=\"220597\">\n<div class=\"feat-holder\">\n<div class=\"p-featured ratio-v1\"><a class=\"p-flink\" href=\"https:\/\/ortodoxinfo.ro\/2026\/04\/12\/video-calin-georgescu-hristos-a-inviat-ortodoxia-salveaza-romania-si-intreaga-lume\/\" title=\"VIDEO | C\u0103lin Georgescu: HRISTOS A \u00ceNVIAT. Ortodoxia salveaz\u0103 Rom\u00e2nia \u0219i \u00eentreaga lume!\"><img decoding=\"async\" width=\"150\" height=\"150\" src=\"https:\/\/ortodoxinfo.ro\/wp-content\/uploads\/2026\/04\/calin-georgescu-150x150.png\" class=\"featured-img wp-post-image\" alt loading=\"lazy\"><\/a><\/div>\n<\/div>\n<div class=\"p-content\">\n<h5 class=\"entry-title\"><a class=\"p-url\" href=\"https:\/\/ortodoxinfo.ro\/2026\/04\/12\/video-calin-georgescu-hristos-a-inviat-ortodoxia-salveaza-romania-si-intreaga-lume\/\" rel=\"bookmark\">VIDEO | C\u0103lin Georgescu: HRISTOS A \u00ceNVIAT. Ortodoxia salveaz\u0103 Rom\u00e2nia \u0219i \u00eentreaga lume!<\/a><\/h5>\n<div class=\"p-meta\">\n<div class=\"meta-inner is-meta\"><span class=\"meta-el meta-date\"><time datetime=\"2026-04-12T19:23:10+03:00\">12 aprilie 2026<\/time><\/span><span class=\"meta-el meta-category meta-bold\"><a class=\"meta-separate category-19866\" href=\"https:\/\/ortodoxinfo.ro\/category\/lupta-pentru-romania\/\">Lupt\u0103 pentru Rom\u00e2nia<\/a><\/span><span class=\"meta-el meta-view\">5.9k vizualiz\u0103ri\t\t<\/span><\/div>\n<\/div>\n<\/div>\n<\/div>\n<\/div>\n<\/div>\n<div id=\"custom_html-2\" class=\"widget_text widget rb-section w-sidebar clearfix widget_custom_html\">\n<div class=\"block-h widget-heading heading-layout-1\">\n<div class=\"heading-inner\">\n<h4 class=\"heading-title\"><span>DONA\u021aII \u00een cont bancar<\/span><\/h4>\n<\/div>\n<\/div>\n<div class=\"textwidget custom-html-widget\">\n<table class=\"donatii\">\n<tbody>\n<tr>\n<th colspan=\"2\"><strong><span>ASMIB<\/span><\/strong><\/th>\n<\/tr>\n<tr>\n<th>Cont LEI<\/th>\n<td>RO67CECEB00030RON2081955<\/td>\n<\/tr>\n<tr>\n<th>Cont EURO<\/th>\n<td>RO33CECEB000C1EUR2081978<\/td>\n<\/tr>\n<tr>\n<th>Cod SWIFT<\/th>\n<td>CECEROBU<\/td>\n<\/tr>\n<tr>\n<th colspan=\"2\"><strong>CEC BANK SA<\/strong><\/th>\n<\/tr>\n<\/tbody>\n<\/table>\n<\/div>\n<\/div>\n<\/div>\n<\/div>\n<\/div>\n<\/article>\n<div class=\"entry-content rbct clearfix is-highlight-shares\">\n<p><strong>Ungurii au votat duminic\u0103 \u00een num\u0103r mare (peste 77,8%) \u00eentr-un scrutin crucial pentru viitorul \u021b\u0103rii, urm\u0103rit cu aten\u021bie \u00een UE, la Moscova \u0219i Washington. Primele cifre oficiale au ap\u0103rut deja \u0219i arat\u0103 un avans clar al opozi\u021biei conduse de<\/strong>\u00a0<strong>P\u00e9ter Magyar. Oamenii lui Viktor Orb\u00e1n<\/strong>\u00a0<strong>r\u0103m\u00e2n \u00eencrez\u0103tori totu\u0219i<\/strong>.<\/p>\n<div class=\"inline-single-ad ad_single_index alignfull\">\n<div class=\"ad-wrap ad-script-wrap\">\n<div class=\"ad-script non-adsense edge-padding\">\n<div>\n\u203c\ufe0f\u203c\ufe0f NU recunoa\u0219tem ca pre\u0219edinte al Rom\u00e2niei pe marioneta retard\u0103 Nicu\u0219or Dan! Rom\u00e2ni, boicota\u021bi aceast\u0103 f\u0103c\u0103tur\u0103, care ne face \u021bara de r\u00e2s! NU rom\u00e2nii l-au votat pe Nicusoro\u0219 &#8211; cu unele excep\u021bii de persoane infantile, manipulabile \u0219i chiar idioate &#8211; ci l-au ajutat Maia Soro\u0219, Emanuel Macrou \u0219i tr\u0103d\u0103torii de la B.E.C. \u0219i CCR!<br \/>\n La \u00eenchisoare cu cei care au fraudat alegerile!\n<\/div>\n<\/div>\n<\/div>\n<\/div>\n<p><strong>La un pas de o majoritate constitu\u021bional\u0103<\/strong><\/p>\n<p>Tisza \u0219i-a m\u0103rit num\u0103rul de mandate, dup\u0103 procesarea a 29,21% din procesele verbale.<\/p>\n<p>Proiec\u021bia pe baza num\u0103r\u0103torii, pentru parlamentul cu 199 de mandate, arat\u0103 a\u0219a:<\/p>\n<p>Tisza: 132 de mandate<\/p>\n<p>Fidesz: 59 de mandate<\/p>\n<p>Mi Haz\u00e1nk (Patria Noastr\u0103): 8 mandate<\/p>\n<p>Pentru a avea o majoritate de dou\u0103 treimi, care i-ar permite s\u0103 schimbe sistemul Fidesz, Tisza ar avea nevoie de 133 de mandate.<\/p>\n<p>Tisza conduce clar \u00een votul din circumscrip\u021biile uninominale, adun\u00e2nd 95 de mandate, fa\u021b\u0103 de cele 11 ale Fidesz.<\/p>\n<p>La votul pe liste, Tisza conduce de asemenea cu 50,35% din voturi la 41,03%, dar adun\u0103 mai pu\u021bine mandate dec\u00e2t Fidesz: 37 fa\u021b\u0103 de 48 \u2013 un efect al sistemului electoral maghiar.<\/p>\n<p>Orban, aflat la conducere de 16 ani, \u0219i-a recunoscut duminic\u0103 sear\u0103 \u00eenfr\u00e2ngerea \u00een alegerile parlamentare din Ungaria.<\/p>\n<blockquote>\n<p>\u201eBun\u0103 seara tuturor, dragi prieteni. Rezultatul alegerilor, de\u0219i \u00eenc\u0103 nu este pe deplin clar \u0219i definitiv, este unul dureros pentru noi. \u00cens\u0103 este limpede c\u0103 responsabilitatea \u0219i \u0219ansa de a guverna nu ne-au fost \u00eencredin\u021bate. Felicit partidul c\u00e2\u0219tig\u0103tor. V\u0103 mul\u021bumesc tuturor pentru munca depus\u0103. Nu am muncit niciodat\u0103 at\u00e2t de intens \u00eentr-o singur\u0103 campanie electoral\u0103. Am reu\u0219it s\u0103 str\u00e2ngem 2,5 milioane de votan\u021bi. 2,5 milioane de oameni \u0219i-au pus \u00eencrederea \u00een noi \u0219i ast\u0103zi. V\u0103 mul\u021bumesc din suflet\u201d, a spus el.<\/p>\n<\/blockquote>\n<\/div>\n<p>[analyse_source url=&#8221;https:\/\/ortodoxinfo.ro\/2026\/04\/12\/viktor-orban-si-a-recunoscut-infrangerea-tisza-partidul-lui-peter-magyar-132-mandate-fidesz-partidul-lui-orban-59\/&#8221;]<\/p>\n","protected":false},"excerpt":{"rendered":"<p>[analyse_image type=&#8221;featured&#8221; src=&#8221;https:\/\/ortodoxinfo.ro\/wp-content\/uploads\/2026\/04\/orban-magyar_6ZIoU.webp.webp&#8221;] Viktor Orban \u0219i-a recunoscut \u00eenfr\u00e2ngerea! Tisza, partidul lui P\u00e9ter Magyar: 132 mandate, Fidesz, partidul lui Orb\u00e1n: 59 12 aprilie 2026Externe5.4k vizualiz\u0103ri Comentarii Share 2 Min Read SHARE Ungurii au votat duminic\u0103 \u00een num\u0103r mare (peste 77,8%) \u00eentr-un scrutin crucial pentru viitorul \u021b\u0103rii, urm\u0103rit cu aten\u021bie \u00een UE, la Moscova \u0219i Washington. Primele [&hellip;]<\/p>\n","protected":false},"author":1,"featured_media":0,"comment_status":"open","ping_status":"","sticky":false,"template":"","format":"standard","meta":{"footnotes":""},"categories":[89],"tags":[226,94],"class_list":["post-1879504","post","type-post","status-publish","format-standard","hentry","category-romania","tag-crawlmanager","tag-ortodoxinfo-ro"],"_links":{"self":[{"href":"https:\/\/analyse.optim.biz\/index.php?rest_route=\/wp\/v2\/posts\/1879504","targetHints":{"allow":["GET"]}}],"collection":[{"href":"https:\/\/analyse.optim.biz\/index.php?rest_route=\/wp\/v2\/posts"}],"about":[{"href":"https:\/\/analyse.optim.biz\/index.php?rest_route=\/wp\/v2\/types\/post"}],"author":[{"embeddable":true,"href":"https:\/\/analyse.optim.biz\/index.php?rest_route=\/wp\/v2\/users\/1"}],"replies":[{"embeddable":true,"href":"https:\/\/analyse.optim.biz\/index.php?rest_route=%2Fwp%2Fv2%2Fcomments&post=1879504"}],"version-history":[{"count":0,"href":"https:\/\/analyse.optim.biz\/index.php?rest_route=\/wp\/v2\/posts\/1879504\/revisions"}],"wp:attachment":[{"href":"https:\/\/analyse.optim.biz\/index.php?rest_route=%2Fwp%2Fv2%2Fmedia&parent=1879504"}],"wp:term":[{"taxonomy":"category","embeddable":true,"href":"https:\/\/analyse.optim.biz\/index.php?rest_route=%2Fwp%2Fv2%2Fcategories&post=1879504"},{"taxonomy":"post_tag","embeddable":true,"href":"https:\/\/analyse.optim.biz\/index.php?rest_route=%2Fwp%2Fv2%2Ftags&post=1879504"}],"curies":[{"name":"wp","href":"https:\/\/api.w.org\/{rel}","templated":true}]}}