{"id":187942,"date":"2015-01-20T15:20:45","date_gmt":"2015-01-20T12:20:45","guid":{"rendered":"https:\/\/analyse.optim.biz\/?p=187942"},"modified":"2015-01-20T15:20:45","modified_gmt":"2015-01-20T12:20:45","slug":"prima-declaratie-de-avere-a-lui-klaus-iohannis-dupa-ce-a-devenit-presedinte","status":"publish","type":"post","link":"https:\/\/analyse.optim.biz\/?p=187942","title":{"rendered":"Prima declara\u0163ie de avere a lui Klaus Iohannis dup\u0103 ce a devenit pre\u015fedinte"},"content":{"rendered":"<div class=\"entry data-app-meta data-app-meta-article\" data-embed-base-url-canonical=\"https:\/\/www.digi24.ro\/embed\/stiri\/actualitate\/politica\/prima-declaratie-de-avere-a-lui-klaus-iohannis-dupa-ce-a-devenit-presedinte-349417\">\n<p data-index=\"1\"><img decoding=\"async\" src=\"https:\/\/analyse.optim.biz\/wp-content\/uploads\/2024\/09\/ztbmzjyynjnjogqxmjlmmmvhztewyte3mwzjotdkoq-thumb_.jpg\" data-skip-htmlfix=\"1\" title=\"ztbmzjyynjnjogqxmjlmmmvhztewyte3mwzjotdkoq-thumb_\"><\/p>\n<p data-index=\"2\">Declara\u0163ia de avere este completat\u0103 cu data de 19 ianuarie 2015 \u015fi este prima declara\u0163ie de avere din mandatul de pre\u015fedinte al Rom\u00e2niei, noteaz\u0103 Mediafax.\u00a0<\/p>\n<p data-index=\"3\"><strong>\u015eeful statului nu are terenuri \u015fi a cump\u0103rat, \u00eempreun\u0103 cu so\u0163ia sa, trei apartamente \u015fi trei case \u00een Sibiu. Apartamentele au 166 de metri p\u0103tra\u0163i, 84,60 de metri p\u0103tra\u0163i, 253 de metri p\u0103tra\u0163i \u015fi sunt achizi\u0163ionate \u00een 1999, 1997, respectiv \u00een 2001.<\/strong><\/p>\n<p data-index=\"4\"><a href=\"http:\/\/www.presidency.ro\/images\/declar_avere\/phpFi2H87.pdf\" target=\"_blank\" data-skip-linkfix=\"1\" rel=\"noopener\"><strong>VEZI AICI DECLARA\u021aIA DE AVERE A PRE\u0218EDINTELUI KLAUS IOHANNIS\u00a0<\/strong><\/a><\/p>\n<p data-index=\"5\">Casele au 377 de metri p\u0103tra\u0163i, 76 de metri p\u0103tra\u0163i \u015fi 64 de metri p\u0103tra\u0163i, prima fiind dob\u00e2ndit\u0103 prin dona\u0163ie \u015fi cump\u0103rare, \u00een 1992, restul prin cump\u0103rare, \u00een anul 2007. Iohannis nu are \u00een proprietate niciun autoturism, nu are datorii \u015fi nici bijuterii.<\/p>\n<p data-index=\"6\"><strong>Pre\u015fedintele Iohannis declar\u0103 trei conturi curente: unul de 13.500 de euro, deschis \u00een 2003, unul de 9.000 de dolari deschis \u00een 1990, iar unul de 117.000 de lei deschis \u00een anul 1999. \u00cen contul de lei, la precedenta declara\u0163ie de avere completat\u0103 de\u00a0Klaus Iohannis\u00a0ap\u0103rea suma de 91.000 de lei.<\/strong><\/p>\n<p data-index=\"7\">La capitolul venituri, pre\u015fedintele Iohannis a avut, \u00een anul fiscal care s-a \u00eencheiat, 43.802 lei, reprezent\u00e2nd venitul din salariul de primar al Sibiului.<\/p>\n<p data-index=\"8\"><strong>So\u0163ia acestuia, Carmen Iohannis, a avut un venit, pe anul fiscal care s-a \u00eencheiat, de 26.247 lei, reprezent\u00e2nd salariul la Colegiul \u201eGheorghe Laz\u0103r\u201d din Sibiu.<\/strong><\/p>\n<p data-index=\"9\">Familia Iohannis a avut venituri \u015fi din cedarea folosin\u0163ei bunurilor. Astfel, Iohannis \u015fi so\u0163ia sa au c\u00e2\u015ftigat din chiria la unul dintre imobile, suma de 114.066 lei.<\/p>\n<\/div>\n<p> Source URL: https:\/\/www.digi24.ro\/stiri\/actualitate\/politica\/prima-declaratie-de-avere-a-lui-klaus-iohannis-dupa-ce-a-devenit-presedinte-349417<\/p>\n","protected":false},"excerpt":{"rendered":"<p>Declara\u0163ia de avere este completat\u0103 cu data de 19 ianuarie 2015 \u015fi este prima declara\u0163ie de avere din mandatul de pre\u015fedinte al Rom\u00e2niei, noteaz\u0103 Mediafax.\u00a0 \u015eeful statului nu are terenuri \u015fi a cump\u0103rat, \u00eempreun\u0103 cu so\u0163ia sa, trei apartamente \u015fi trei case \u00een Sibiu. Apartamentele au 166 de metri p\u0103tra\u0163i, 84,60 de metri p\u0103tra\u0163i, 253 [&hellip;]<\/p>\n","protected":false},"author":1,"featured_media":187943,"comment_status":"open","ping_status":"","sticky":false,"template":"","format":"standard","meta":{"footnotes":""},"categories":[2],"tags":[11],"class_list":["post-187942","post","type-post","status-publish","format-standard","has-post-thumbnail","hentry","category-politics","tag-digi24"],"_links":{"self":[{"href":"https:\/\/analyse.optim.biz\/index.php?rest_route=\/wp\/v2\/posts\/187942","targetHints":{"allow":["GET"]}}],"collection":[{"href":"https:\/\/analyse.optim.biz\/index.php?rest_route=\/wp\/v2\/posts"}],"about":[{"href":"https:\/\/analyse.optim.biz\/index.php?rest_route=\/wp\/v2\/types\/post"}],"author":[{"embeddable":true,"href":"https:\/\/analyse.optim.biz\/index.php?rest_route=\/wp\/v2\/users\/1"}],"replies":[{"embeddable":true,"href":"https:\/\/analyse.optim.biz\/index.php?rest_route=%2Fwp%2Fv2%2Fcomments&post=187942"}],"version-history":[{"count":0,"href":"https:\/\/analyse.optim.biz\/index.php?rest_route=\/wp\/v2\/posts\/187942\/revisions"}],"wp:featuredmedia":[{"embeddable":true,"href":"https:\/\/analyse.optim.biz\/index.php?rest_route=\/wp\/v2\/media\/187943"}],"wp:attachment":[{"href":"https:\/\/analyse.optim.biz\/index.php?rest_route=%2Fwp%2Fv2%2Fmedia&parent=187942"}],"wp:term":[{"taxonomy":"category","embeddable":true,"href":"https:\/\/analyse.optim.biz\/index.php?rest_route=%2Fwp%2Fv2%2Fcategories&post=187942"},{"taxonomy":"post_tag","embeddable":true,"href":"https:\/\/analyse.optim.biz\/index.php?rest_route=%2Fwp%2Fv2%2Ftags&post=187942"}],"curies":[{"name":"wp","href":"https:\/\/api.w.org\/{rel}","templated":true}]}}