{"id":1879202,"date":"2026-04-08T14:49:38","date_gmt":"2026-04-08T11:49:38","guid":{"rendered":"https:\/\/analyse.optim.biz\/?p=1879202"},"modified":"2026-04-08T14:49:38","modified_gmt":"2026-04-08T11:49:38","slug":"un-sofer-beat-s-a-dus-cu-masina-in-sant-pe-dn29-la-salcea","status":"publish","type":"post","link":"https:\/\/analyse.optim.biz\/?p=1879202","title":{"rendered":"Un \u0219ofer beat s-a dus cu ma\u0219ina \u00een \u0219an\u021b pe DN29 la Salcea"},"content":{"rendered":"<p>[analyse_image type=&#8221;featured&#8221; src=&#8221;https:\/\/img.svnews.ro\/foto\/2022\/11\/20\/319735\/df1ffec4ba7f5a37a78a728f5.jpg&#8221;]<\/p>\n<div class=\"entry\"><img loading=\"lazy\" decoding=\"async\" width=\"650\" height=\"325\" src=\"https:\/\/img.svnews.ro\/foto\/2022\/11\/20\/319735\/df1ffec4ba7f5a37a78a728f506500325.jpg\" alt><\/p>\n<div class=\"entry_content\">\n<p>La data de 8 aprilie \u00een jurul orelor 01:03, lucr\u0103torii Poli\u021biei Salcea, se aflau in exercitarea atribu\u021biunilor de serviciu, respectiv supravegherea \u0219i controlul traficului rutier, pe raza localitatii ora\u0219ului Salcea \u00een vederea depist\u0103rii conduc\u0103torilor auto care s\u0103v\u00e2r\u015fesc abateri la regimul rutier, moment in care, au fost informa\u021bi prin 112 de c\u0103tre un localnic cu privire la faptul c\u0103 pe strada Calea Sucevei (DN29), nr. 227, a avut loc un accident rutier. Apelantul a oprit pentru a acorda sprijin, ocazie cu care l-a observat pe conduc\u0103torul auto eman\u00e2nd halen\u0103 alcoolic\u0103 \u0219i astfel a solicitat interven\u021bia poli\u021biei.<\/p>\n<p>Cu ocazia deplas\u0103rii la fa\u021ba locului, respectiv pe raza ora\u0219ului Salcea \u00een \u0219an\u021bul din partea dreapt\u0103 a DN29, strada Calea Sucevei, nr. 227 a fost identificat un b\u0103rbat de 34 ani, cu domiciliul \u00een comuna F\u00e2nt\u00e2nele, satul B\u0103ne\u0219ti. Totodat\u0103, \u00een apropierea acestuia, a fost identificat \u0219i autoturismul marca Volkswagen model Bora, avariat \u00een partea din fa\u021b\u0103, care se afla c\u0103zut \u00een \u0219an\u021bul din partea dreapt\u0103 a drumului, \u00een afara p\u0103r\u021bii carosabile. Acesta nu era asigurat, av\u00e2nd portiera corespondent\u0103 postului de conducere \u00een pozi\u021bia deschis. Autoturismul marca Volkswagen, model Bora, este proprietatea so\u021biei sale. \u00cen urma verific\u0103rilor efectuate, s-a constatat c\u0103 autoturismul avea inspec\u021bia tehnic\u0103 valabil\u0103, \u00eens\u0103 poli\u021ba de asigurare obligatorie RCA era expirat\u0103 la momntul depist\u0103rii. Av\u00e2nd \u00een vedere faptul c\u0103 numitul emana halen\u0103 alcoolic\u0103 s-a procedat la testarea acestuia cu aparatul etilotest indic\u00e2nd o alcoolemie de 0.97 mg\/l alcool pur \u00een aerul expirat.\u00a0\u00a0 \u0218oferul a fost condus la Spitalul Clinic Jude\u021bean \u201eSf. Ioan cel Nou\u201d, Suceava, sec\u0163ia U.P.U., unde, pentru stabilirea alcoolemiei, i-au fost prelevate dou\u0103 mostre biologice. Ulterior, la sediul Poli\u021biei Ora\u0219ului Salcea, numitul a fost verificat \u00een baza de date a Poli\u021biei Rom\u00e2ne, ocazie cu care s-a constatat faptul c\u0103 acesta nu figureaz\u0103 ca fiind posesor de permis de conducere pentru nicio categorie de vehicule. \u00cen cauz\u0103, a fost \u00eentocmit dosar de cercetare penal\u0103 sub aspectul\u00a0 s\u0103v\u00e2r\u0219irii infrac\u021biunilor de \u201eConducerea unui vehicul f\u0103r\u0103 permis de conducere\u201d fapt\u0103 prev. \u0219i ped. de art. 335 alin. (1) din Codul Penal \u0219i \u201eConducerea unui vehicul sub influen\u021ba alcoolului sau a altor substan\u021be\u201d fapt\u0103 prev. \u0219i ped. de art. 336, alin. 1 din Cod Penal, cu aplicarea art. 38, alin. 2 din Cod Penal, cercet\u0103rile fiind continuate de lucr\u0103torii Poli\u021biei Ora\u0219ului Salcea.<\/p>\n<\/div>\n<div>\n<div>VN:F [1.9.22_1171]<\/div>\n<div class=\"ratingblock \">\n<div class=\"ratingstars \">\n<div id=\"article_loader_528348\" class=\"ratingloaderarticle\">\n<div class=\"loader arrows \">\n<div class=\"loaderinner\">se actualizeaz\u0103&#8230;<\/div>\n<\/div>\n<\/div>\n<\/div>\n<div class=\"ratingtext \">\n<div id=\"gdr_text_a528348\">Rating: 0.0\/<strong>10<\/strong> (0 votes cast)<\/div>\n<\/div>\n<\/div>\n<\/div>\n<\/div>\n<div class=\"entry_content\">\n<p>La data de 8 aprilie \u00een jurul orelor 01:03, lucr\u0103torii Poli\u021biei Salcea, se aflau in exercitarea atribu\u021biunilor de serviciu, respectiv supravegherea \u0219i controlul traficului rutier, pe raza localitatii ora\u0219ului Salcea \u00een vederea depist\u0103rii conduc\u0103torilor auto care s\u0103v\u00e2r\u015fesc abateri la regimul rutier, moment in care, au fost informa\u021bi prin 112 de c\u0103tre un localnic cu privire la faptul c\u0103 pe strada Calea Sucevei (DN29), nr. 227, a avut loc un accident rutier. Apelantul a oprit pentru a acorda sprijin, ocazie cu care l-a observat pe conduc\u0103torul auto eman\u00e2nd halen\u0103 alcoolic\u0103 \u0219i astfel a solicitat interven\u021bia poli\u021biei.<\/p>\n<p>Cu ocazia deplas\u0103rii la fa\u021ba locului, respectiv pe raza ora\u0219ului Salcea \u00een \u0219an\u021bul din partea dreapt\u0103 a DN29, strada Calea Sucevei, nr. 227 a fost identificat un b\u0103rbat de 34 ani, cu domiciliul \u00een comuna F\u00e2nt\u00e2nele, satul B\u0103ne\u0219ti. Totodat\u0103, \u00een apropierea acestuia, a fost identificat \u0219i autoturismul marca Volkswagen model Bora, avariat \u00een partea din fa\u021b\u0103, care se afla c\u0103zut \u00een \u0219an\u021bul din partea dreapt\u0103 a drumului, \u00een afara p\u0103r\u021bii carosabile. Acesta nu era asigurat, av\u00e2nd portiera corespondent\u0103 postului de conducere \u00een pozi\u021bia deschis. Autoturismul marca Volkswagen, model Bora, este proprietatea so\u021biei sale. \u00cen urma verific\u0103rilor efectuate, s-a constatat c\u0103 autoturismul avea inspec\u021bia tehnic\u0103 valabil\u0103, \u00eens\u0103 poli\u021ba de asigurare obligatorie RCA era expirat\u0103 la momntul depist\u0103rii. Av\u00e2nd \u00een vedere faptul c\u0103 numitul emana halen\u0103 alcoolic\u0103 s-a procedat la testarea acestuia cu aparatul etilotest indic\u00e2nd o alcoolemie de 0.97 mg\/l alcool pur \u00een aerul expirat.\u00a0\u00a0 \u0218oferul a fost condus la Spitalul Clinic Jude\u021bean \u201eSf. Ioan cel Nou\u201d, Suceava, sec\u0163ia U.P.U., unde, pentru stabilirea alcoolemiei, i-au fost prelevate dou\u0103 mostre biologice. Ulterior, la sediul Poli\u021biei Ora\u0219ului Salcea, numitul a fost verificat \u00een baza de date a Poli\u021biei Rom\u00e2ne, ocazie cu care s-a constatat faptul c\u0103 acesta nu figureaz\u0103 ca fiind posesor de permis de conducere pentru nicio categorie de vehicule. \u00cen cauz\u0103, a fost \u00eentocmit dosar de cercetare penal\u0103 sub aspectul\u00a0 s\u0103v\u00e2r\u0219irii infrac\u021biunilor de \u201eConducerea unui vehicul f\u0103r\u0103 permis de conducere\u201d fapt\u0103 prev. \u0219i ped. de art. 335 alin. (1) din Codul Penal \u0219i \u201eConducerea unui vehicul sub influen\u021ba alcoolului sau a altor substan\u021be\u201d fapt\u0103 prev. \u0219i ped. de art. 336, alin. 1 din Cod Penal, cu aplicarea art. 38, alin. 2 din Cod Penal, cercet\u0103rile fiind continuate de lucr\u0103torii Poli\u021biei Ora\u0219ului Salcea.<\/p>\n<\/div>\n<p>[analyse_source url=&#8221;https:\/\/www.svnews.ro\/un-sofer-beat-s-a-dus-cu-masina-in-sant-pe-dn29-la-salcea\/528348\/&#8221;]<\/p>\n","protected":false},"excerpt":{"rendered":"<p>[analyse_image type=&#8221;featured&#8221; src=&#8221;https:\/\/img.svnews.ro\/foto\/2022\/11\/20\/319735\/df1ffec4ba7f5a37a78a728f5.jpg&#8221;] La data de 8 aprilie \u00een jurul orelor 01:03, lucr\u0103torii Poli\u021biei Salcea, se aflau in exercitarea atribu\u021biunilor de serviciu, respectiv supravegherea \u0219i controlul traficului rutier, pe raza localitatii ora\u0219ului Salcea \u00een vederea depist\u0103rii conduc\u0103torilor auto care s\u0103v\u00e2r\u015fesc abateri la regimul rutier, moment in care, au fost informa\u021bi prin 112 de c\u0103tre un [&hellip;]<\/p>\n","protected":false},"author":1,"featured_media":0,"comment_status":"open","ping_status":"","sticky":false,"template":"","format":"standard","meta":{"footnotes":""},"categories":[89],"tags":[226,175],"class_list":["post-1879202","post","type-post","status-publish","format-standard","hentry","category-romania","tag-crawlmanager","tag-svnews-ro"],"_links":{"self":[{"href":"https:\/\/analyse.optim.biz\/index.php?rest_route=\/wp\/v2\/posts\/1879202","targetHints":{"allow":["GET"]}}],"collection":[{"href":"https:\/\/analyse.optim.biz\/index.php?rest_route=\/wp\/v2\/posts"}],"about":[{"href":"https:\/\/analyse.optim.biz\/index.php?rest_route=\/wp\/v2\/types\/post"}],"author":[{"embeddable":true,"href":"https:\/\/analyse.optim.biz\/index.php?rest_route=\/wp\/v2\/users\/1"}],"replies":[{"embeddable":true,"href":"https:\/\/analyse.optim.biz\/index.php?rest_route=%2Fwp%2Fv2%2Fcomments&post=1879202"}],"version-history":[{"count":0,"href":"https:\/\/analyse.optim.biz\/index.php?rest_route=\/wp\/v2\/posts\/1879202\/revisions"}],"wp:attachment":[{"href":"https:\/\/analyse.optim.biz\/index.php?rest_route=%2Fwp%2Fv2%2Fmedia&parent=1879202"}],"wp:term":[{"taxonomy":"category","embeddable":true,"href":"https:\/\/analyse.optim.biz\/index.php?rest_route=%2Fwp%2Fv2%2Fcategories&post=1879202"},{"taxonomy":"post_tag","embeddable":true,"href":"https:\/\/analyse.optim.biz\/index.php?rest_route=%2Fwp%2Fv2%2Ftags&post=1879202"}],"curies":[{"name":"wp","href":"https:\/\/api.w.org\/{rel}","templated":true}]}}