{"id":1879201,"date":"2026-04-08T14:44:22","date_gmt":"2026-04-08T11:44:22","guid":{"rendered":"https:\/\/analyse.optim.biz\/?p=1879201"},"modified":"2026-04-08T14:44:22","modified_gmt":"2026-04-08T11:44:22","slug":"un-barbat-din-vatra-moldovitei-care-incerca-sa-incendieze-gunoiale-vegetale-din-gospodarie-si-a-dat-foc-singur-de-beat-ce-era-s-a-prezentat-la-spital-dupa-doua-saptamani-in-stare-grava","status":"publish","type":"post","link":"https:\/\/analyse.optim.biz\/?p=1879201","title":{"rendered":"Un b\u0103rbat din Vatra Moldovi\u021bei care \u00eencerca s\u0103 incendieze gunoiale vegetale din gospod\u0103rie \u0219i-a dat foc singur de beat ce era. S-a prezentat la spital dup\u0103 dou\u0103 s\u0103pt\u0103m\u00e2ni \u00een stare grav\u0103"},"content":{"rendered":"<p>[analyse_image type=&#8221;featured&#8221; src=&#8221;https:\/\/img.svnews.ro\/foto\/2026\/04\/08\/528344\/0c6e3fde25b082d1e247d4151.jpg&#8221;]<\/p>\n<div class=\"entry\"><img loading=\"lazy\" decoding=\"async\" width=\"650\" height=\"325\" src=\"https:\/\/img.svnews.ro\/foto\/2026\/04\/08\/528344\/0c6e3fde25b082d1e247d415106500325.jpg\" alt><\/p>\n<div class=\"entry_content\">\n<p>La data de 7 aprilie \u00a0\u00een jurul orei 17.30, Poli\u021bia C\u00e2mpulung Moldovenesc a fost sesizat\u0103 de c\u0103tre sec\u021bia C.P.U din cadrul Spitalului Municipal cu privire la faptul c\u0103 a fost adus cu ambulan\u021ba un b\u0103rbat care prezenta arsuri la nivelul corpului. Echipa operativ\u0103 deplasat\u0103 la fa\u021ba locului a constatat urm\u0103toarele:<\/p>\n<p>Pacientul, un b\u0103rbat din comuna Vatra Moldovi\u021bei a relatat c\u0103 \u00een urm\u0103 cu circa dou\u0103 s\u0103pt\u0103m\u00e2ni, \u00een timp ce se afla la domiciliul s\u0103u, efect\u00e2nd unele activit\u0103\u021bi gospod\u0103re\u0219ti, a stropit cu benzin\u0103 o gr\u0103mad\u0103 de vegeta\u021bie veche, iar la momentul aprinderii a sc\u0103pat lichid \u0219i pe hainele cu care era \u00eembr\u0103cat, suferind arsuri la nivelul trunchiului. Numitul a recunoscut c\u0103 la momentul producerii evenimentului se afla sub influen\u021ba b\u0103uturilor alcoolice, iar dup\u0103 accident nu s-a prezentat la o unitate medical\u0103 deoarece s-a tratat singur cu diferite creme pentru arsuri. B\u0103rbatul a fost diagnosticat cu arsur\u0103 de gradul 3 veche de circa 2 s\u0103pt\u0103m\u00e2ni, pelvis, abdomen inferior, membre inferioare, coapse bilaterale, urm\u00e2nd a fi transferat la un spital specializat \u00een chirurgie plastic\u0103 din Bucure\u0219ti. \u00cen continuarea cercet\u0103rilor, lucr\u0103torii de poli\u021bie din cadrul Sec\u021biei 14 Poli\u021bie Rural\u0103 Vama, s-au deplasat la domiciliul victimei, ocazie cu care l-au identificat pe tat\u0103l acestuia care a relatat faptul c\u0103 nu a \u0219tiut p\u00e2n\u0103 ast\u0103zi faptul c\u0103 fiul s\u0103u s-a incendiat din gre\u0219eal\u0103, din cauz\u0103 c\u0103 acesta nu i-a spus nimic \u0219i nici el nu a observat. S-a\u00a0 \u00eentocmit dosarul penal, urm\u00e2nd a fi efectuate cercet\u0103ri cu privire la s\u0103v\u00e2r\u0219irea infrac\u021biunii de \u201ev\u0103t\u0103mare corporal\u0103 din culp\u0103\u201d, fapt\u0103 prev. \u0219i ped. de art. 196, alin. (2) din Codul Penal, cercet\u0103rile fiind continuate de lucr\u0103torii de poli\u021bie din cadrul P.P. Vatra Moldovi\u021bei.<\/p>\n<\/div>\n<div>\n<div>VN:F [1.9.22_1171]<\/div>\n<div class=\"ratingblock \">\n<div class=\"ratingstars \">\n<div id=\"article_loader_528344\" class=\"ratingloaderarticle\">\n<div class=\"loader arrows \">\n<div class=\"loaderinner\">se actualizeaz\u0103&#8230;<\/div>\n<\/div>\n<\/div>\n<\/div>\n<div class=\"ratingtext \">\n<div id=\"gdr_text_a528344\">Rating: 0.0\/<strong>10<\/strong> (0 votes cast)<\/div>\n<\/div>\n<\/div>\n<\/div>\n<\/div>\n<div class=\"entry_content\">\n<p>La data de 7 aprilie \u00a0\u00een jurul orei 17.30, Poli\u021bia C\u00e2mpulung Moldovenesc a fost sesizat\u0103 de c\u0103tre sec\u021bia C.P.U din cadrul Spitalului Municipal cu privire la faptul c\u0103 a fost adus cu ambulan\u021ba un b\u0103rbat care prezenta arsuri la nivelul corpului. Echipa operativ\u0103 deplasat\u0103 la fa\u021ba locului a constatat urm\u0103toarele:<\/p>\n<p>Pacientul, un b\u0103rbat din comuna Vatra Moldovi\u021bei a relatat c\u0103 \u00een urm\u0103 cu circa dou\u0103 s\u0103pt\u0103m\u00e2ni, \u00een timp ce se afla la domiciliul s\u0103u, efect\u00e2nd unele activit\u0103\u021bi gospod\u0103re\u0219ti, a stropit cu benzin\u0103 o gr\u0103mad\u0103 de vegeta\u021bie veche, iar la momentul aprinderii a sc\u0103pat lichid \u0219i pe hainele cu care era \u00eembr\u0103cat, suferind arsuri la nivelul trunchiului. Numitul a recunoscut c\u0103 la momentul producerii evenimentului se afla sub influen\u021ba b\u0103uturilor alcoolice, iar dup\u0103 accident nu s-a prezentat la o unitate medical\u0103 deoarece s-a tratat singur cu diferite creme pentru arsuri. B\u0103rbatul a fost diagnosticat cu arsur\u0103 de gradul 3 veche de circa 2 s\u0103pt\u0103m\u00e2ni, pelvis, abdomen inferior, membre inferioare, coapse bilaterale, urm\u00e2nd a fi transferat la un spital specializat \u00een chirurgie plastic\u0103 din Bucure\u0219ti. \u00cen continuarea cercet\u0103rilor, lucr\u0103torii de poli\u021bie din cadrul Sec\u021biei 14 Poli\u021bie Rural\u0103 Vama, s-au deplasat la domiciliul victimei, ocazie cu care l-au identificat pe tat\u0103l acestuia care a relatat faptul c\u0103 nu a \u0219tiut p\u00e2n\u0103 ast\u0103zi faptul c\u0103 fiul s\u0103u s-a incendiat din gre\u0219eal\u0103, din cauz\u0103 c\u0103 acesta nu i-a spus nimic \u0219i nici el nu a observat. S-a\u00a0 \u00eentocmit dosarul penal, urm\u00e2nd a fi efectuate cercet\u0103ri cu privire la s\u0103v\u00e2r\u0219irea infrac\u021biunii de \u201ev\u0103t\u0103mare corporal\u0103 din culp\u0103\u201d, fapt\u0103 prev. \u0219i ped. de art. 196, alin. (2) din Codul Penal, cercet\u0103rile fiind continuate de lucr\u0103torii de poli\u021bie din cadrul P.P. Vatra Moldovi\u021bei.<\/p>\n<\/div>\n<p>[analyse_source url=&#8221;https:\/\/www.svnews.ro\/un-barbat-din-vatra-moldovitei-care-incerca-sa-incendieze-gunoiale-vegetale-din-gospodarie-si-a-dat-foc-singur-de-beat-ce-era-s-a-prezentat-la-spital-dupa-doua-saptamani-in-stare-grava\/528344\/&#8221;]<\/p>\n","protected":false},"excerpt":{"rendered":"<p>[analyse_image type=&#8221;featured&#8221; src=&#8221;https:\/\/img.svnews.ro\/foto\/2026\/04\/08\/528344\/0c6e3fde25b082d1e247d4151.jpg&#8221;] La data de 7 aprilie \u00a0\u00een jurul orei 17.30, Poli\u021bia C\u00e2mpulung Moldovenesc a fost sesizat\u0103 de c\u0103tre sec\u021bia C.P.U din cadrul Spitalului Municipal cu privire la faptul c\u0103 a fost adus cu ambulan\u021ba un b\u0103rbat care prezenta arsuri la nivelul corpului. Echipa operativ\u0103 deplasat\u0103 la fa\u021ba locului a constatat urm\u0103toarele: Pacientul, un [&hellip;]<\/p>\n","protected":false},"author":1,"featured_media":0,"comment_status":"open","ping_status":"","sticky":false,"template":"","format":"standard","meta":{"footnotes":""},"categories":[89],"tags":[226,175],"class_list":["post-1879201","post","type-post","status-publish","format-standard","hentry","category-romania","tag-crawlmanager","tag-svnews-ro"],"_links":{"self":[{"href":"https:\/\/analyse.optim.biz\/index.php?rest_route=\/wp\/v2\/posts\/1879201","targetHints":{"allow":["GET"]}}],"collection":[{"href":"https:\/\/analyse.optim.biz\/index.php?rest_route=\/wp\/v2\/posts"}],"about":[{"href":"https:\/\/analyse.optim.biz\/index.php?rest_route=\/wp\/v2\/types\/post"}],"author":[{"embeddable":true,"href":"https:\/\/analyse.optim.biz\/index.php?rest_route=\/wp\/v2\/users\/1"}],"replies":[{"embeddable":true,"href":"https:\/\/analyse.optim.biz\/index.php?rest_route=%2Fwp%2Fv2%2Fcomments&post=1879201"}],"version-history":[{"count":0,"href":"https:\/\/analyse.optim.biz\/index.php?rest_route=\/wp\/v2\/posts\/1879201\/revisions"}],"wp:attachment":[{"href":"https:\/\/analyse.optim.biz\/index.php?rest_route=%2Fwp%2Fv2%2Fmedia&parent=1879201"}],"wp:term":[{"taxonomy":"category","embeddable":true,"href":"https:\/\/analyse.optim.biz\/index.php?rest_route=%2Fwp%2Fv2%2Fcategories&post=1879201"},{"taxonomy":"post_tag","embeddable":true,"href":"https:\/\/analyse.optim.biz\/index.php?rest_route=%2Fwp%2Fv2%2Ftags&post=1879201"}],"curies":[{"name":"wp","href":"https:\/\/api.w.org\/{rel}","templated":true}]}}