{"id":1879200,"date":"2026-04-08T14:17:55","date_gmt":"2026-04-08T11:17:55","guid":{"rendered":"https:\/\/analyse.optim.biz\/?p=1879200"},"modified":"2026-04-08T14:17:55","modified_gmt":"2026-04-08T11:17:55","slug":"autoutilitara-unui-resitean-a-luat-foc-la-salcea","status":"publish","type":"post","link":"https:\/\/analyse.optim.biz\/?p=1879200","title":{"rendered":"Autoutilitara unui re\u0219i\u021bean a luat foc la Salcea"},"content":{"rendered":"<p>[analyse_image type=&#8221;featured&#8221; src=&#8221;https:\/\/img.svnews.ro\/foto\/2018\/05\/25\/150378\/d119440d497aa4221f802839f.jpg&#8221;]<\/p>\n<div class=\"entry\"><img loading=\"lazy\" decoding=\"async\" width=\"650\" height=\"325\" src=\"https:\/\/img.svnews.ro\/foto\/2018\/05\/25\/150378\/d119440d497aa4221f802839f06500325.jpg\" alt><\/p>\n<div class=\"entry_content\">\n<p>La data de 7 aprilie \u00a0orele 09.21, lucr\u0103torii Poli\u021biei Ora\u0219ului Salcea, au fost sesiza\u021bi prin 112 de c\u0103tre un b\u0103rbat din Re\u0219i\u021ba cu privire la faptul c\u0103, \u00een timp ce se deplasa cu autoutilitara marca Fiat Ducato pe DN 29 pe direc\u021bia Suceava-Boto\u0219ani a observat c\u0103 de sub capota motor iese fum. \u00cen temeiul sesiz\u0103rii la fa\u021ba locului s-a deplasat patrula de serviciu din cadrul P.O. Salcea, care a identificat \u00een afara p\u0103r\u021bii carosabile, \u00een zona mai sus men\u021bionat\u0103 autoutilitara \u00een cauz\u0103, l\u00e2ng\u0103 care se afla un echipaj al ISU Suceava care desf\u0103\u0219urau activit\u0103\u021bi de stingere a incendiului. Incendiul a izbucnit la compartimentul motor, iar \u00een urma verific\u0103rilor efectuate de c\u0103tre ISU Suceava, s-a stabilit c\u0103 acesta a fost generat de un scurt circuit electric la compartimentul mortor, incendiul fiind lichidat cu rapiditate, ne\u00eenregistr\u00e2ndu-se pagube materiale consistente \u0219i nici victime. \u00cen cauz\u0103 a fost \u00eentocmit dosar penal sub aspectul s\u0103v\u00e2r\u0219irii infrac\u021biunii de distrugere din culp\u0103, fapt\u0103 prev. \u0219i ped. de art. 255\u00a0 alin. (1) din Codul penal, cercet\u0103rile urm\u00e2nd a fi continuate de lucr\u0103torii Poli\u021biei Ora\u0219ului Salcea sub supravegherea \u0219i \u00eendrumarea procurorului din cadrul Parchetului de pe l\u00e2ng\u0103 Judec\u0103toria Suceava.<\/p>\n<\/div>\n<div>\n<div>VN:F [1.9.22_1171]<\/div>\n<div class=\"ratingblock \">\n<div class=\"ratingstars \">\n<div id=\"article_loader_528340\" class=\"ratingloaderarticle\">\n<div class=\"loader arrows \">\n<div class=\"loaderinner\">se actualizeaz\u0103&#8230;<\/div>\n<\/div>\n<\/div>\n<\/div>\n<div class=\"ratingtext \">\n<div id=\"gdr_text_a528340\">Rating: 0.0\/<strong>10<\/strong> (0 votes cast)<\/div>\n<\/div>\n<\/div>\n<\/div>\n<\/div>\n<div class=\"entry_content\">\n<p>La data de 7 aprilie \u00a0orele 09.21, lucr\u0103torii Poli\u021biei Ora\u0219ului Salcea, au fost sesiza\u021bi prin 112 de c\u0103tre un b\u0103rbat din Re\u0219i\u021ba cu privire la faptul c\u0103, \u00een timp ce se deplasa cu autoutilitara marca Fiat Ducato pe DN 29 pe direc\u021bia Suceava-Boto\u0219ani a observat c\u0103 de sub capota motor iese fum. \u00cen temeiul sesiz\u0103rii la fa\u021ba locului s-a deplasat patrula de serviciu din cadrul P.O. Salcea, care a identificat \u00een afara p\u0103r\u021bii carosabile, \u00een zona mai sus men\u021bionat\u0103 autoutilitara \u00een cauz\u0103, l\u00e2ng\u0103 care se afla un echipaj al ISU Suceava care desf\u0103\u0219urau activit\u0103\u021bi de stingere a incendiului. Incendiul a izbucnit la compartimentul motor, iar \u00een urma verific\u0103rilor efectuate de c\u0103tre ISU Suceava, s-a stabilit c\u0103 acesta a fost generat de un scurt circuit electric la compartimentul mortor, incendiul fiind lichidat cu rapiditate, ne\u00eenregistr\u00e2ndu-se pagube materiale consistente \u0219i nici victime. \u00cen cauz\u0103 a fost \u00eentocmit dosar penal sub aspectul s\u0103v\u00e2r\u0219irii infrac\u021biunii de distrugere din culp\u0103, fapt\u0103 prev. \u0219i ped. de art. 255\u00a0 alin. (1) din Codul penal, cercet\u0103rile urm\u00e2nd a fi continuate de lucr\u0103torii Poli\u021biei Ora\u0219ului Salcea sub supravegherea \u0219i \u00eendrumarea procurorului din cadrul Parchetului de pe l\u00e2ng\u0103 Judec\u0103toria Suceava.<\/p>\n<\/div>\n<p>[analyse_source url=&#8221;https:\/\/www.svnews.ro\/autoutilitara-unui-resitean-a-luat-foc-la-salcea\/528340\/&#8221;]<\/p>\n","protected":false},"excerpt":{"rendered":"<p>[analyse_image type=&#8221;featured&#8221; src=&#8221;https:\/\/img.svnews.ro\/foto\/2018\/05\/25\/150378\/d119440d497aa4221f802839f.jpg&#8221;] La data de 7 aprilie \u00a0orele 09.21, lucr\u0103torii Poli\u021biei Ora\u0219ului Salcea, au fost sesiza\u021bi prin 112 de c\u0103tre un b\u0103rbat din Re\u0219i\u021ba cu privire la faptul c\u0103, \u00een timp ce se deplasa cu autoutilitara marca Fiat Ducato pe DN 29 pe direc\u021bia Suceava-Boto\u0219ani a observat c\u0103 de sub capota motor iese fum. [&hellip;]<\/p>\n","protected":false},"author":1,"featured_media":0,"comment_status":"open","ping_status":"","sticky":false,"template":"","format":"standard","meta":{"footnotes":""},"categories":[89],"tags":[226,175],"class_list":["post-1879200","post","type-post","status-publish","format-standard","hentry","category-romania","tag-crawlmanager","tag-svnews-ro"],"_links":{"self":[{"href":"https:\/\/analyse.optim.biz\/index.php?rest_route=\/wp\/v2\/posts\/1879200","targetHints":{"allow":["GET"]}}],"collection":[{"href":"https:\/\/analyse.optim.biz\/index.php?rest_route=\/wp\/v2\/posts"}],"about":[{"href":"https:\/\/analyse.optim.biz\/index.php?rest_route=\/wp\/v2\/types\/post"}],"author":[{"embeddable":true,"href":"https:\/\/analyse.optim.biz\/index.php?rest_route=\/wp\/v2\/users\/1"}],"replies":[{"embeddable":true,"href":"https:\/\/analyse.optim.biz\/index.php?rest_route=%2Fwp%2Fv2%2Fcomments&post=1879200"}],"version-history":[{"count":0,"href":"https:\/\/analyse.optim.biz\/index.php?rest_route=\/wp\/v2\/posts\/1879200\/revisions"}],"wp:attachment":[{"href":"https:\/\/analyse.optim.biz\/index.php?rest_route=%2Fwp%2Fv2%2Fmedia&parent=1879200"}],"wp:term":[{"taxonomy":"category","embeddable":true,"href":"https:\/\/analyse.optim.biz\/index.php?rest_route=%2Fwp%2Fv2%2Fcategories&post=1879200"},{"taxonomy":"post_tag","embeddable":true,"href":"https:\/\/analyse.optim.biz\/index.php?rest_route=%2Fwp%2Fv2%2Ftags&post=1879200"}],"curies":[{"name":"wp","href":"https:\/\/api.w.org\/{rel}","templated":true}]}}