{"id":1879199,"date":"2026-04-08T14:14:52","date_gmt":"2026-04-08T11:14:52","guid":{"rendered":"https:\/\/analyse.optim.biz\/?p=1879199"},"modified":"2026-04-08T14:14:52","modified_gmt":"2026-04-08T11:14:52","slug":"o-soferita-de-29-de-ani-ce-conducea-un-mercedes-a-fost-ejectata-de-pe-sosea-de-un-sofer-care-a-lovit-o-puternic-din-spate","status":"publish","type":"post","link":"https:\/\/analyse.optim.biz\/?p=1879199","title":{"rendered":"O \u0219oferi\u021b\u0103 de 29 de ani ce conducea un Mercedes a fost \u201dejectat\u0103\u201d de pe \u0219osea de un \u0219ofer care a lovit-o puternic din spate"},"content":{"rendered":"<p>[analyse_image type=&#8221;featured&#8221; src=&#8221;https:\/\/img.svnews.ro\/foto\/2026\/04\/08\/528339\/050c32e1fe40b294c1f0375ce.jpg&#8221;]<\/p>\n<div class=\"entry\"><img loading=\"lazy\" decoding=\"async\" width=\"650\" height=\"325\" src=\"https:\/\/img.svnews.ro\/foto\/2026\/04\/08\/528339\/050c32e1fe40b294c1f0375ce.jpg\" alt><\/p>\n<div class=\"entry_content\">\n<p>Mar\u021bi \u00een jurul orelor 14:45 o femeie \u00a0\u00een v\u00e2rst\u0103 de 29 de ani, din Marginea \u00een timp ce conducea autoutilitara marca Mercedes-Benz pe DN 17A \u00een afara comunei Horodnic de Sus av\u00e2nd direc\u021bia de deplasare dinspre Marginea c\u0103tre R\u0103d\u0103u\u021bi la un moment dat, a fost lovit\u0103 din spate de autoutilitara marca Volkswagen care era condus\u0103 de un b\u0103rbat \u00een v\u00e2rst\u0103 de 51 de ani din Marginea \u0219i care nu a p\u0103strat o distan\u021b\u0103 suficient\u0103 fa\u021b\u0103 de autovehiculul din fa\u021b\u0103, pentru evitarea coliziunii. \u00cen urma impactului autoutilitara marca Mercedes-Benz, a fost proiectat\u0103 \u00een afara p\u0103r\u021bii carosabile, pe un teren agricol. A rezultat avarierea ambelor autovehicule \u0219i v\u0103t\u0103marea corporal\u0103 a \u0219oferi\u021bei care a fost transportat\u0103 cu ambulan\u021ba la Spitalul Municipal R\u0103d\u0103u\u021bi, unde a fost diagnosticat\u0103 cu \u201dTCC u\u0219or f\u0103r\u0103 PC prin accident rutier \u0219i contuzie occipital\u0103\u201d \u2013 r\u0103nit\u0103 u\u0219or. Conduc\u0103torii ambelor autovehicule au fost testa\u021bi cu aparatul etilometru, rezult\u00e2nd \u00een cazul ambilor o concentra\u021bie de 0,00 mg\/l alcool pur \u00een aerul expirat. S-a \u00eentocmit dosar de cercetare penal\u0103 pentru s\u0103v\u00e2r\u015firea infrac\u0163iunii de \u201ev\u0103t\u0103mare corporal\u0103 din culp\u0103\u201d, fapt\u0103 prev. \u0219i ped. de art. 196 alin. (2), raportat la art. 194, alin. (1) lit. b) din Codul Penal.<\/p>\n<\/div>\n<div>\n<div>VN:F [1.9.22_1171]<\/div>\n<div class=\"ratingblock \">\n<div class=\"ratingstars \">\n<div id=\"article_loader_528339\" class=\"ratingloaderarticle\">\n<div class=\"loader arrows \">\n<div class=\"loaderinner\">se actualizeaz\u0103&#8230;<\/div>\n<\/div>\n<\/div>\n<\/div>\n<div class=\"ratingtext \">\n<div id=\"gdr_text_a528339\">Rating: 0.0\/<strong>10<\/strong> (0 votes cast)<\/div>\n<\/div>\n<\/div>\n<\/div>\n<\/div>\n<div class=\"entry_content\">\n<p>Mar\u021bi \u00een jurul orelor 14:45 o femeie \u00a0\u00een v\u00e2rst\u0103 de 29 de ani, din Marginea \u00een timp ce conducea autoutilitara marca Mercedes-Benz pe DN 17A \u00een afara comunei Horodnic de Sus av\u00e2nd direc\u021bia de deplasare dinspre Marginea c\u0103tre R\u0103d\u0103u\u021bi la un moment dat, a fost lovit\u0103 din spate de autoutilitara marca Volkswagen care era condus\u0103 de un b\u0103rbat \u00een v\u00e2rst\u0103 de 51 de ani din Marginea \u0219i care nu a p\u0103strat o distan\u021b\u0103 suficient\u0103 fa\u021b\u0103 de autovehiculul din fa\u021b\u0103, pentru evitarea coliziunii. \u00cen urma impactului autoutilitara marca Mercedes-Benz, a fost proiectat\u0103 \u00een afara p\u0103r\u021bii carosabile, pe un teren agricol. A rezultat avarierea ambelor autovehicule \u0219i v\u0103t\u0103marea corporal\u0103 a \u0219oferi\u021bei care a fost transportat\u0103 cu ambulan\u021ba la Spitalul Municipal R\u0103d\u0103u\u021bi, unde a fost diagnosticat\u0103 cu \u201dTCC u\u0219or f\u0103r\u0103 PC prin accident rutier \u0219i contuzie occipital\u0103\u201d \u2013 r\u0103nit\u0103 u\u0219or. Conduc\u0103torii ambelor autovehicule au fost testa\u021bi cu aparatul etilometru, rezult\u00e2nd \u00een cazul ambilor o concentra\u021bie de 0,00 mg\/l alcool pur \u00een aerul expirat. S-a \u00eentocmit dosar de cercetare penal\u0103 pentru s\u0103v\u00e2r\u015firea infrac\u0163iunii de \u201ev\u0103t\u0103mare corporal\u0103 din culp\u0103\u201d, fapt\u0103 prev. \u0219i ped. de art. 196 alin. (2), raportat la art. 194, alin. (1) lit. b) din Codul Penal.<\/p>\n<\/div>\n<p>[analyse_source url=&#8221;https:\/\/www.svnews.ro\/o-soferita-de-29-de-ani-ce-conducea-un-mercedes-a-fost-ejectata-de-pe-sosea-de-un-sofer-care-a-lovit-o-puternic-din-spate\/528339\/&#8221;]<\/p>\n","protected":false},"excerpt":{"rendered":"<p>[analyse_image type=&#8221;featured&#8221; src=&#8221;https:\/\/img.svnews.ro\/foto\/2026\/04\/08\/528339\/050c32e1fe40b294c1f0375ce.jpg&#8221;] Mar\u021bi \u00een jurul orelor 14:45 o femeie \u00a0\u00een v\u00e2rst\u0103 de 29 de ani, din Marginea \u00een timp ce conducea autoutilitara marca Mercedes-Benz pe DN 17A \u00een afara comunei Horodnic de Sus av\u00e2nd direc\u021bia de deplasare dinspre Marginea c\u0103tre R\u0103d\u0103u\u021bi la un moment dat, a fost lovit\u0103 din spate de autoutilitara marca Volkswagen [&hellip;]<\/p>\n","protected":false},"author":1,"featured_media":0,"comment_status":"open","ping_status":"","sticky":false,"template":"","format":"standard","meta":{"footnotes":""},"categories":[89],"tags":[226,175],"class_list":["post-1879199","post","type-post","status-publish","format-standard","hentry","category-romania","tag-crawlmanager","tag-svnews-ro"],"_links":{"self":[{"href":"https:\/\/analyse.optim.biz\/index.php?rest_route=\/wp\/v2\/posts\/1879199","targetHints":{"allow":["GET"]}}],"collection":[{"href":"https:\/\/analyse.optim.biz\/index.php?rest_route=\/wp\/v2\/posts"}],"about":[{"href":"https:\/\/analyse.optim.biz\/index.php?rest_route=\/wp\/v2\/types\/post"}],"author":[{"embeddable":true,"href":"https:\/\/analyse.optim.biz\/index.php?rest_route=\/wp\/v2\/users\/1"}],"replies":[{"embeddable":true,"href":"https:\/\/analyse.optim.biz\/index.php?rest_route=%2Fwp%2Fv2%2Fcomments&post=1879199"}],"version-history":[{"count":0,"href":"https:\/\/analyse.optim.biz\/index.php?rest_route=\/wp\/v2\/posts\/1879199\/revisions"}],"wp:attachment":[{"href":"https:\/\/analyse.optim.biz\/index.php?rest_route=%2Fwp%2Fv2%2Fmedia&parent=1879199"}],"wp:term":[{"taxonomy":"category","embeddable":true,"href":"https:\/\/analyse.optim.biz\/index.php?rest_route=%2Fwp%2Fv2%2Fcategories&post=1879199"},{"taxonomy":"post_tag","embeddable":true,"href":"https:\/\/analyse.optim.biz\/index.php?rest_route=%2Fwp%2Fv2%2Ftags&post=1879199"}],"curies":[{"name":"wp","href":"https:\/\/api.w.org\/{rel}","templated":true}]}}