{"id":1879198,"date":"2026-04-08T14:13:08","date_gmt":"2026-04-08T11:13:08","guid":{"rendered":"https:\/\/analyse.optim.biz\/?p=1879198"},"modified":"2026-04-08T14:13:08","modified_gmt":"2026-04-08T11:13:08","slug":"femeie-de-60-de-ani-in-stare-grava-dupa-ce-a-fost-lovita-de-un-tir-in-timp-ce-incerca-sa-traverseze-neregulamentar-o-strada-din-falticeni","status":"publish","type":"post","link":"https:\/\/analyse.optim.biz\/?p=1879198","title":{"rendered":"Femeie de 60 de ani \u00een stare grav\u0103 dup\u0103 ce a fost lovit\u0103 de un TIR \u00een timp ce \u00eencerca s\u0103 traverseze neregulamentar o strad\u0103 din F\u0103lticeni"},"content":{"rendered":"<p>[analyse_image type=&#8221;featured&#8221; src=&#8221;https:\/\/img.svnews.ro\/foto\/2021\/10\/27\/271272\/01a23345783ad0ea28bc422c9.jpg&#8221;]<\/p>\n<div class=\"entry\"><img loading=\"lazy\" decoding=\"async\" width=\"650\" height=\"325\" src=\"https:\/\/img.svnews.ro\/foto\/2021\/10\/27\/271272\/01a23345783ad0ea28bc422c906500325.jpg\" alt><\/p>\n<div class=\"entry_content\">\n<p>La data de 7 aprilie \u00een jurul orei 11:15 un b\u0103rbat \u00een timp ce conducea autoutilitara marca Man, tract\u00e2nd semiremorca marca Schmitz pe str. 2 Gr\u0103niceri din F\u0103lticeni pe rela\u021bia str. 2Gr\u0103niceri \u2013 str. Revolu\u021biei, a acro\u0219at o femeie de 60 ani localnic\u0103, care s-a angajat \u00een traversarea str\u0103zii prin loc nemarcat \u0219i nesemnalizat \u0219i f\u0103r\u0103 s\u0103 se asigure. \u00cen urma producerii accidentului a rezultat v\u0103t\u0103marea corporal\u0103 grav\u0103 a femeii care a fost transportat\u0103 Spitalul F\u0103lticeni. Numita a fost examinat de c\u0103tre medicul de gard\u0103 din cadrul Spitalului F\u0103lticeni, stabilindu-se diagnosticul de \u201dpolitraumatism prin accident rutier\u201d. Conduc\u0103torul auto a fost testat cu aparatul etilometru, rezultatul fiind negativ. Pietonul nu a putut fi testat cu aparatul etilometru, urm\u00e2nd s\u0103 i se recolteze probe de s\u00e2nge. S-a \u00eentocmit dosar penal sub aspectul s\u0103v\u00e2r\u0219irii infrac\u021biunii de \u201dv\u0103t\u0103mare corporal\u0103 din culp\u0103\u201d fapt\u0103 prev. \u0219i ped. de art. 196 alin. 2 \u0219i 3 din Codul Penal.<\/p>\n<\/div>\n<div>\n<div>VN:F [1.9.22_1171]<\/div>\n<div class=\"ratingblock \">\n<div class=\"ratingstars \">\n<div id=\"article_loader_528338\" class=\"ratingloaderarticle\">\n<div class=\"loader arrows \">\n<div class=\"loaderinner\">se actualizeaz\u0103&#8230;<\/div>\n<\/div>\n<\/div>\n<\/div>\n<div class=\"ratingtext \">\n<div id=\"gdr_text_a528338\">Rating: 0.0\/<strong>10<\/strong> (0 votes cast)<\/div>\n<\/div>\n<\/div>\n<\/div>\n<\/div>\n<div class=\"entry_content\">\n<p>La data de 7 aprilie \u00een jurul orei 11:15 un b\u0103rbat \u00een timp ce conducea autoutilitara marca Man, tract\u00e2nd semiremorca marca Schmitz pe str. 2 Gr\u0103niceri din F\u0103lticeni pe rela\u021bia str. 2Gr\u0103niceri \u2013 str. Revolu\u021biei, a acro\u0219at o femeie de 60 ani localnic\u0103, care s-a angajat \u00een traversarea str\u0103zii prin loc nemarcat \u0219i nesemnalizat \u0219i f\u0103r\u0103 s\u0103 se asigure. \u00cen urma producerii accidentului a rezultat v\u0103t\u0103marea corporal\u0103 grav\u0103 a femeii care a fost transportat\u0103 Spitalul F\u0103lticeni. Numita a fost examinat de c\u0103tre medicul de gard\u0103 din cadrul Spitalului F\u0103lticeni, stabilindu-se diagnosticul de \u201dpolitraumatism prin accident rutier\u201d. Conduc\u0103torul auto a fost testat cu aparatul etilometru, rezultatul fiind negativ. Pietonul nu a putut fi testat cu aparatul etilometru, urm\u00e2nd s\u0103 i se recolteze probe de s\u00e2nge. S-a \u00eentocmit dosar penal sub aspectul s\u0103v\u00e2r\u0219irii infrac\u021biunii de \u201dv\u0103t\u0103mare corporal\u0103 din culp\u0103\u201d fapt\u0103 prev. \u0219i ped. de art. 196 alin. 2 \u0219i 3 din Codul Penal.<\/p>\n<\/div>\n<p>[analyse_source url=&#8221;https:\/\/www.svnews.ro\/femeie-de-60-de-ani-in-stare-grava-dupa-ce-a-fost-lovita-de-un-tir-in-timp-ce-incerca-sa-traverseze-neregulamentar-o-strada-din-falticeni\/528338\/&#8221;]<\/p>\n","protected":false},"excerpt":{"rendered":"<p>[analyse_image type=&#8221;featured&#8221; src=&#8221;https:\/\/img.svnews.ro\/foto\/2021\/10\/27\/271272\/01a23345783ad0ea28bc422c9.jpg&#8221;] La data de 7 aprilie \u00een jurul orei 11:15 un b\u0103rbat \u00een timp ce conducea autoutilitara marca Man, tract\u00e2nd semiremorca marca Schmitz pe str. 2 Gr\u0103niceri din F\u0103lticeni pe rela\u021bia str. 2Gr\u0103niceri \u2013 str. Revolu\u021biei, a acro\u0219at o femeie de 60 ani localnic\u0103, care s-a angajat \u00een traversarea str\u0103zii prin loc nemarcat [&hellip;]<\/p>\n","protected":false},"author":1,"featured_media":0,"comment_status":"open","ping_status":"","sticky":false,"template":"","format":"standard","meta":{"footnotes":""},"categories":[89],"tags":[226,175],"class_list":["post-1879198","post","type-post","status-publish","format-standard","hentry","category-romania","tag-crawlmanager","tag-svnews-ro"],"_links":{"self":[{"href":"https:\/\/analyse.optim.biz\/index.php?rest_route=\/wp\/v2\/posts\/1879198","targetHints":{"allow":["GET"]}}],"collection":[{"href":"https:\/\/analyse.optim.biz\/index.php?rest_route=\/wp\/v2\/posts"}],"about":[{"href":"https:\/\/analyse.optim.biz\/index.php?rest_route=\/wp\/v2\/types\/post"}],"author":[{"embeddable":true,"href":"https:\/\/analyse.optim.biz\/index.php?rest_route=\/wp\/v2\/users\/1"}],"replies":[{"embeddable":true,"href":"https:\/\/analyse.optim.biz\/index.php?rest_route=%2Fwp%2Fv2%2Fcomments&post=1879198"}],"version-history":[{"count":0,"href":"https:\/\/analyse.optim.biz\/index.php?rest_route=\/wp\/v2\/posts\/1879198\/revisions"}],"wp:attachment":[{"href":"https:\/\/analyse.optim.biz\/index.php?rest_route=%2Fwp%2Fv2%2Fmedia&parent=1879198"}],"wp:term":[{"taxonomy":"category","embeddable":true,"href":"https:\/\/analyse.optim.biz\/index.php?rest_route=%2Fwp%2Fv2%2Fcategories&post=1879198"},{"taxonomy":"post_tag","embeddable":true,"href":"https:\/\/analyse.optim.biz\/index.php?rest_route=%2Fwp%2Fv2%2Ftags&post=1879198"}],"curies":[{"name":"wp","href":"https:\/\/api.w.org\/{rel}","templated":true}]}}