{"id":1879194,"date":"2026-04-08T13:32:17","date_gmt":"2026-04-08T10:32:17","guid":{"rendered":"https:\/\/analyse.optim.biz\/?p=1879194"},"modified":"2026-04-08T13:32:17","modified_gmt":"2026-04-08T10:32:17","slug":"un-barbat-din-suceava-a-circulat-cu-masina-fara-permis-timp-de-18-ani-fara-sa-l-prinda-politia-l-au-prins-acum-baut-la-volan-permisul-i-a-fost-anulat-in-2008-tot-pe-motiv-de-conducere-in-stare-de-eb","status":"publish","type":"post","link":"https:\/\/analyse.optim.biz\/?p=1879194","title":{"rendered":"Un b\u0103rbat din Suceava a circulat cu ma\u0219ina f\u0103r\u0103 permis timp de 18 ani f\u0103r\u0103 s\u0103-l prind\u0103 Poli\u021bia. L-au prins acum b\u0103ut la volan. Permisul i-a fost anulat \u00een 2008 tot pe motiv de conducere \u00een stare de ebrietate"},"content":{"rendered":"<p>[analyse_image type=&#8221;featured&#8221; src=&#8221;https:\/\/img.svnews.ro\/foto\/2025\/07\/01\/478071\/e43e57c748a479b808a8baf51.jpg&#8221;]<\/p>\n<div class=\"entry\"><img loading=\"lazy\" decoding=\"async\" width=\"650\" height=\"325\" src=\"https:\/\/img.svnews.ro\/foto\/2025\/07\/01\/478071\/e43e57c748a479b808a8baf5106500325.jpg\" alt><\/p>\n<div class=\"entry_content\">\n<p>La data de 7 aprilie s-au continuat cercet\u0103rile privind infrac\u021biunile la regimul rutier comise de c\u0103tre un b\u0103rbat fiind dispus\u0103 re\u021binerea acestuia pentru 24 ore \u0219i introducerea \u00een Arestul IPJ Suceava.<\/p>\n<p>Prin ordonan\u021ba din data de 07.04.2026 s-a dispus re\u021binerea suspectului din Suceava, pentru 24 de ore, \u00eencep\u00e2nd din data de 07.04.2026, ora 15:00, p\u00e2n\u0103 la data de 08.04.2026, ora 15:00, pentru s\u0103v\u00e2r\u0219irea infrac\u0163iunilor de \u201econducerea unui vehicul f\u0103r\u0103 permis de conducere\u201d, fapt\u0103 prev. \u015fi ped. de art. 335 alin. (2) din Codul Penal \u0219i \u201econducerea unui vehicul sub influen\u021ba alcoolului sau a altor substan\u021be\u201d, fapt\u0103 prev. \u015fi ped. de art. 336 alin. (1) din Codul Penal, cu aplicarea art. 38 alin. (2) din Codul Penal Reamintim c\u0103 la data de 05.04.2026, orele 21.45, lucr\u0103torii din cadrul Sec\u021biei de Poli\u021bie Burdujeni, \u00een timp ac\u021bionau conform Planului de M\u0103suri privind prevenirea comiterii de fapte de natur\u0103 penale \u0219i antisociale \u00een zona cartierului Gara Burdujeni, au observat autoturismul marca Volkswagen Passat, ce se deplasa pe strada Nicolae Iorga c\u0103tre Calea Unirii, al c\u0103rui conduc\u0103tor a adoptat un comportament suspect la observarea echipajului de poli\u021bie. \u00a0S-a procedat la efectuarea semnalelor acustice \u0219i luminoase de oprire de pe autospeciala de poli\u021bie, iar conduc\u0103torul autotursimului s-a conformat \u0219i a oprit pe str. Calea Unirii. Dup\u0103 declinarea calit\u0103\u021bii s-a procedat la legitimarea conduc\u0103torului auto, stabilind c\u0103 este un b\u0103rbat \u00een v\u00e2rst\u0103 de 38 de ani din Suceava, iar ca pasager se afla so\u021bia acestuia. \u00centruc\u00e2t aceasta emana halen\u0103 alcoolic\u0103, a fost testat cu aparatul etilotesc, rezultatul fiind 0,96 mg\/l alcool pur \u00een aerul expirat, iar ulterior a fost condus la U.P.U. din cadrul Spitalului Jude\u021bean Suceava, pentru a i se recolta dou\u0103 mostre biologice de s\u00e2nge \u00een vederea stabilirii cu exactitate a alcoolemiei.\u00a0\u00a0 \u00a0\u00cen urma efectu\u0103rii verific\u0103rilor \u00een bazele de date ale Poli\u021biei Rom\u00e2ne, s-a constatat faptul c\u0103 autoturismul marca Volkswagen Passat, are poli\u021ba RCA este expirat\u0103, vehiculul fiind imobilizat. Totodat\u0103 cu ocazia verific\u0103rii conduc\u0103torului auto \u00een bazele de date ale Poli\u021biei Rom\u00e2ne aplica\u021bia InterId, s-a constatat faptul c\u0103 dreptul de conducere al acestuia este anulat, \u00een urma unei infrac\u021biuni privind conducerea unui autovehicul sub influen\u021ba b\u0103uturilor alcoolice s\u0103v\u00e2r\u0219ite \u00een anul 2008.\u00a0 \u00a0\u00cen cauz\u0103 a fost \u00eentocmit proces-verbal de constatare a infrac\u021biunii flagrante, privind \u201dconducerea unui autovehicul sub influen\u021ba alcoolului sau a altor substan\u021be\u201d fapt\u0103 prev. \u0219i ped. de art. 336, alin. 1 Cod Penal \u0219i \u201dconducerea unui autovehicul cu permisul de conducere anulat\u201d cercet\u0103rile urm\u00e2nd a fi continuate de c\u0103tre lucr\u0103torii Biroului Rutier, urm\u00e2nd s\u0103 dipun\u0103 procedural.<\/p>\n<\/div>\n<div>\n<div>VN:F [1.9.22_1171]<\/div>\n<div class=\"ratingblock \">\n<div class=\"ratingstars \">\n<div id=\"article_loader_528322\" class=\"ratingloaderarticle\">\n<div class=\"loader arrows \">\n<div class=\"loaderinner\">se actualizeaz\u0103&#8230;<\/div>\n<\/div>\n<\/div>\n<\/div>\n<div class=\"ratingtext \">\n<div id=\"gdr_text_a528322\">Rating: 0.0\/<strong>10<\/strong> (0 votes cast)<\/div>\n<\/div>\n<\/div>\n<\/div>\n<\/div>\n<div class=\"entry_content\">\n<p>La data de 7 aprilie s-au continuat cercet\u0103rile privind infrac\u021biunile la regimul rutier comise de c\u0103tre un b\u0103rbat fiind dispus\u0103 re\u021binerea acestuia pentru 24 ore \u0219i introducerea \u00een Arestul IPJ Suceava.<\/p>\n<p>Prin ordonan\u021ba din data de 07.04.2026 s-a dispus re\u021binerea suspectului din Suceava, pentru 24 de ore, \u00eencep\u00e2nd din data de 07.04.2026, ora 15:00, p\u00e2n\u0103 la data de 08.04.2026, ora 15:00, pentru s\u0103v\u00e2r\u0219irea infrac\u0163iunilor de \u201econducerea unui vehicul f\u0103r\u0103 permis de conducere\u201d, fapt\u0103 prev. \u015fi ped. de art. 335 alin. (2) din Codul Penal \u0219i \u201econducerea unui vehicul sub influen\u021ba alcoolului sau a altor substan\u021be\u201d, fapt\u0103 prev. \u015fi ped. de art. 336 alin. (1) din Codul Penal, cu aplicarea art. 38 alin. (2) din Codul Penal Reamintim c\u0103 la data de 05.04.2026, orele 21.45, lucr\u0103torii din cadrul Sec\u021biei de Poli\u021bie Burdujeni, \u00een timp ac\u021bionau conform Planului de M\u0103suri privind prevenirea comiterii de fapte de natur\u0103 penale \u0219i antisociale \u00een zona cartierului Gara Burdujeni, au observat autoturismul marca Volkswagen Passat, ce se deplasa pe strada Nicolae Iorga c\u0103tre Calea Unirii, al c\u0103rui conduc\u0103tor a adoptat un comportament suspect la observarea echipajului de poli\u021bie. \u00a0S-a procedat la efectuarea semnalelor acustice \u0219i luminoase de oprire de pe autospeciala de poli\u021bie, iar conduc\u0103torul autotursimului s-a conformat \u0219i a oprit pe str. Calea Unirii. Dup\u0103 declinarea calit\u0103\u021bii s-a procedat la legitimarea conduc\u0103torului auto, stabilind c\u0103 este un b\u0103rbat \u00een v\u00e2rst\u0103 de 38 de ani din Suceava, iar ca pasager se afla so\u021bia acestuia. \u00centruc\u00e2t aceasta emana halen\u0103 alcoolic\u0103, a fost testat cu aparatul etilotesc, rezultatul fiind 0,96 mg\/l alcool pur \u00een aerul expirat, iar ulterior a fost condus la U.P.U. din cadrul Spitalului Jude\u021bean Suceava, pentru a i se recolta dou\u0103 mostre biologice de s\u00e2nge \u00een vederea stabilirii cu exactitate a alcoolemiei.\u00a0\u00a0 \u00a0\u00cen urma efectu\u0103rii verific\u0103rilor \u00een bazele de date ale Poli\u021biei Rom\u00e2ne, s-a constatat faptul c\u0103 autoturismul marca Volkswagen Passat, are poli\u021ba RCA este expirat\u0103, vehiculul fiind imobilizat. Totodat\u0103 cu ocazia verific\u0103rii conduc\u0103torului auto \u00een bazele de date ale Poli\u021biei Rom\u00e2ne aplica\u021bia InterId, s-a constatat faptul c\u0103 dreptul de conducere al acestuia este anulat, \u00een urma unei infrac\u021biuni privind conducerea unui autovehicul sub influen\u021ba b\u0103uturilor alcoolice s\u0103v\u00e2r\u0219ite \u00een anul 2008.\u00a0 \u00a0\u00cen cauz\u0103 a fost \u00eentocmit proces-verbal de constatare a infrac\u021biunii flagrante, privind \u201dconducerea unui autovehicul sub influen\u021ba alcoolului sau a altor substan\u021be\u201d fapt\u0103 prev. \u0219i ped. de art. 336, alin. 1 Cod Penal \u0219i \u201dconducerea unui autovehicul cu permisul de conducere anulat\u201d cercet\u0103rile urm\u00e2nd a fi continuate de c\u0103tre lucr\u0103torii Biroului Rutier, urm\u00e2nd s\u0103 dipun\u0103 procedural.<\/p>\n<\/div>\n<p>[analyse_source url=&#8221;https:\/\/www.svnews.ro\/un-barbat-din-suceava-a-circulat-cu-masina-fara-permis-timp-de-18-ani-fara-sa-l-prinda-politia-l-au-prins-acum-baut-la-volan-permisul-i-a-fost-anulat-in-2008-tot-pe-motiv-de-conducere-in-stare-de-eb\/528322\/&#8221;]<\/p>\n","protected":false},"excerpt":{"rendered":"<p>[analyse_image type=&#8221;featured&#8221; src=&#8221;https:\/\/img.svnews.ro\/foto\/2025\/07\/01\/478071\/e43e57c748a479b808a8baf51.jpg&#8221;] La data de 7 aprilie s-au continuat cercet\u0103rile privind infrac\u021biunile la regimul rutier comise de c\u0103tre un b\u0103rbat fiind dispus\u0103 re\u021binerea acestuia pentru 24 ore \u0219i introducerea \u00een Arestul IPJ Suceava. Prin ordonan\u021ba din data de 07.04.2026 s-a dispus re\u021binerea suspectului din Suceava, pentru 24 de ore, \u00eencep\u00e2nd din data de 07.04.2026, [&hellip;]<\/p>\n","protected":false},"author":1,"featured_media":0,"comment_status":"open","ping_status":"","sticky":false,"template":"","format":"standard","meta":{"footnotes":""},"categories":[89],"tags":[226,175],"class_list":["post-1879194","post","type-post","status-publish","format-standard","hentry","category-romania","tag-crawlmanager","tag-svnews-ro"],"_links":{"self":[{"href":"https:\/\/analyse.optim.biz\/index.php?rest_route=\/wp\/v2\/posts\/1879194","targetHints":{"allow":["GET"]}}],"collection":[{"href":"https:\/\/analyse.optim.biz\/index.php?rest_route=\/wp\/v2\/posts"}],"about":[{"href":"https:\/\/analyse.optim.biz\/index.php?rest_route=\/wp\/v2\/types\/post"}],"author":[{"embeddable":true,"href":"https:\/\/analyse.optim.biz\/index.php?rest_route=\/wp\/v2\/users\/1"}],"replies":[{"embeddable":true,"href":"https:\/\/analyse.optim.biz\/index.php?rest_route=%2Fwp%2Fv2%2Fcomments&post=1879194"}],"version-history":[{"count":0,"href":"https:\/\/analyse.optim.biz\/index.php?rest_route=\/wp\/v2\/posts\/1879194\/revisions"}],"wp:attachment":[{"href":"https:\/\/analyse.optim.biz\/index.php?rest_route=%2Fwp%2Fv2%2Fmedia&parent=1879194"}],"wp:term":[{"taxonomy":"category","embeddable":true,"href":"https:\/\/analyse.optim.biz\/index.php?rest_route=%2Fwp%2Fv2%2Fcategories&post=1879194"},{"taxonomy":"post_tag","embeddable":true,"href":"https:\/\/analyse.optim.biz\/index.php?rest_route=%2Fwp%2Fv2%2Ftags&post=1879194"}],"curies":[{"name":"wp","href":"https:\/\/api.w.org\/{rel}","templated":true}]}}